{"id":25914,"date":"2026-03-10T13:01:17","date_gmt":"2026-03-10T12:01:17","guid":{"rendered":"https:\/\/wncri.org\/fr\/?p=25914"},"modified":"2026-03-14T13:05:42","modified_gmt":"2026-03-14T12:05:42","slug":"rosa-romero-a-la-jif-2026","status":"publish","type":"post","link":"https:\/\/wncri.org\/fr\/2026\/03\/10\/rosa-romero-a-la-jif-2026\/","title":{"rendered":"Rosa Romero : le S\u00e9nat espagnol soutient les femmes iraniennes"},"content":{"rendered":"\n<h2 class=\"wp-block-heading\">Rosa Romero \u00e0 la JIF 2026 : les femmes iraniennes ne sont pas des victimes, mais des leaders en premi\u00e8re ligne pour la libert\u00e9<\/h2>\n\n\n\n<h4 class=\"wp-block-heading\">Le samedi 21 f\u00e9vrier 2026, \u00e0 la veille du 8 mars, Journ\u00e9e internationale des femmes, la Commission des femmes du CNRI a organis\u00e9 \u00e0 Paris une <a href=\"https:\/\/wncri.org\/fr\/2026\/02\/22\/conference-le-leadership-des-femmes\/\" target=\"_blank\" rel=\"noreferrer noopener\">conf\u00e9rence internationale<\/a> intitul\u00e9e \u00ab Le leadership des femmes : un imp\u00e9ratif pour un Iran libre et une r\u00e9publique d\u00e9mocratique \u00bb. Cette rencontre, r\u00e9unissant des parlementaires, des universitaires, des intellectuelles et des figures politiques de premier plan, s&#8217;est concentr\u00e9e sur la participation politique et le leadership des femmes en tant qu&#8217;\u00e9l\u00e9ments d\u00e9cisifs d&#8217;une soci\u00e9t\u00e9 d\u00e9mocratique.<\/h4>\n\n\n\n<p>Rosa Romero, pr\u00e9sidente de la Commission de l&#8217;\u00e9galit\u00e9 du S\u00e9nat espagnol, \u00e9tait pr\u00e9sente \u00e0 cette conf\u00e9rence et y a prononc\u00e9 le discours suivant :<\/p>\n\n\n\n<h3 class=\"wp-block-heading\"><strong>Rosa Romero : votre combat pour la libert\u00e9 et l&#8217;\u00e9galit\u00e9 inspire les femmes du monde entier<\/strong><\/h3>\n\n\n\n<p>\u00ab Bon apr\u00e8s-midi, mesdames et messieurs, et surtout, ch\u00e8res coll\u00e8gues.<\/p>\n\n\n\n<p>En tant que pr\u00e9sidente de la Commission de l&#8217;\u00e9galit\u00e9 du S\u00e9nat espagnol, c&#8217;est un honneur de m&#8217;adresser \u00e0 vous \u00e0 l&#8217;occasion de la Journ\u00e9e internationale des femmes, pour exprimer notre solidarit\u00e9 envers les femmes d&#8217;Iran et saluer votre leadership extraordinaire dans la lutte pour la libert\u00e9 et l&#8217;\u00e9galit\u00e9.<\/p>\n\n\n\n<p>Les femmes d&#8217;Iran ne sont pas de simples victimes de la discrimination. Vous \u00eates les protagonistes actives du changement. Depuis des d\u00e9cennies, vous affrontez un syst\u00e8me implacable qui impose des restrictions juridiques, sociales et politiques ancr\u00e9es dans l&#8217;in\u00e9galit\u00e9 entre les sexes. Pourtant, loin de vous r\u00e9duire au silence, cette r\u00e9pression n&#8217;a fait que renforcer votre d\u00e9termination.<\/p>\n\n\n<div class=\"wp-block-image\">\n<figure class=\"aligncenter size-full\"><img decoding=\"async\" src=\"data:image\/gif;base64,R0lGODlhAQABAIAAAAAAAP\/\/\/yH5BAEAAAAALAAAAAABAAEAAAIBRAA7\" data-src=\"https:\/\/wncri.org\/fr\/wp-content\/uploads\/2026\/03\/NCRI-Women-Rosa-Romero_2.jpg\" alt=\"Rosa Romero : le S\u00e9nat espagnol soutient les femmes iraniennes\" class=\"wp-image-25915 lazyload\"\/><noscript><img decoding=\"async\" width=\"750\" height=\"375\" src=\"https:\/\/wncri.org\/fr\/wp-content\/uploads\/2026\/03\/NCRI-Women-Rosa-Romero_2.jpg\" alt=\"Rosa Romero : le S\u00e9nat espagnol soutient les femmes iraniennes\" class=\"wp-image-25915 lazyload\" srcset=\"https:\/\/wncri.org\/fr\/wp-content\/uploads\/2026\/03\/NCRI-Women-Rosa-Romero_2.jpg 750w, https:\/\/wncri.org\/fr\/wp-content\/uploads\/2026\/03\/NCRI-Women-Rosa-Romero_2-300x150.jpg 300w, https:\/\/wncri.org\/fr\/wp-content\/uploads\/2026\/03\/NCRI-Women-Rosa-Romero_2-360x180.jpg 360w\" sizes=\"(max-width: 750px) 100vw, 750px\" \/><\/noscript><\/figure>\n<\/div>\n\n\n<p>Mme Radjavi a soulign\u00e9 que l&#8217;\u00e9galit\u00e9 n&#8217;est pas une concession, mais bien un droit. Son <a href=\"https:\/\/wncri.org\/fr\/plan-en-10-points-pour-liran\/\" target=\"_blank\" rel=\"noreferrer noopener\">plan en dix points<\/a>, que nous avons approuv\u00e9 au S\u00e9nat espagnol, propose une r\u00e9publique d\u00e9mocratique fond\u00e9e sur la s\u00e9paration de la religion et de l&#8217;\u00c9tat, une \u00e9galit\u00e9 juridique totale entre les hommes et les femmes, l&#8217;abolition de la peine de mort et le respect des droits fondamentaux.<\/p>\n\n\n\n<p>Ma coll\u00e8gue, la s\u00e9natrice Rojo, a \u00e9galement \u00e9voqu\u00e9 le slogan &#8220;Femmes, R\u00e9sistance et Libert\u00e9&#8221;, que nous avons inclus dans la r\u00e9solution adopt\u00e9e par le S\u00e9nat espagnol. Ce slogan est d&#8217;une importance capitale car il symbolise non seulement la protestation, mais aussi une vision d&#8217;avenir, celle d&#8217;un pays o\u00f9 les femmes ne sont pas des objets de tutelle, mais des sujets dot\u00e9s de pleins droits.<\/p>\n\n\n\n<p>Au sein de la Commission de l&#8217;\u00e9galit\u00e9 du S\u00e9nat espagnol, nous affirmons que l&#8217;\u00e9galit\u00e9 des sexes ne conna\u00eet pas de fronti\u00e8res. La d\u00e9fense des droits des femmes, partout dans le monde, doit \u00eatre une responsabilit\u00e9 partag\u00e9e, car il s&#8217;agit d&#8217;une question de droits humains. Comme le d\u00e9clare \u00e0 juste titre <a href=\"https:\/\/www.maryam-rajavi.com\/fr\/biography\/\" target=\"_blank\" rel=\"noreferrer noopener\">Mme Radjavi<\/a>, les femmes sont le moteur du changement, une force transformatrice qui inspire aujourd&#8217;hui un espoir encore plus grand, tant \u00e0 l&#8217;int\u00e9rieur qu&#8217;\u00e0 l&#8217;ext\u00e9rieur de l&#8217;Iran.<\/p>\n\n\n\n<p>Vous n&#8217;\u00eates pas seules. Je voudrais conclure en vous assurant que vous n&#8217;\u00eates pas seules. Vous avez le soutien total du S\u00e9nat espagnol, car votre combat pour la libert\u00e9 et l&#8217;\u00e9galit\u00e9 doit \u00eatre le combat de toutes les femmes \u00e0 travers le monde.<\/p>\n","protected":false},"excerpt":{"rendered":"<p>Rosa Romero \u00e0 la JIF 2026 : les femmes iraniennes ne sont pas des victimes, mais des leaders en premi\u00e8re ligne pour la libert\u00e9 Le samedi 21 f\u00e9vrier 2026, \u00e0 la veille du 8 mars, Journ\u00e9e internationale des femmes, la Commission des femmes du CNRI a organis\u00e9 \u00e0 Paris une conf\u00e9rence internationale intitul\u00e9e \u00ab Le [&hellip;]<\/p>\n","protected":false},"author":4,"featured_media":25916,"comment_status":"closed","ping_status":"closed","sticky":false,"template":"","format":"standard","meta":{"jnews-multi-image_gallery":[],"jnews_single_post":{"format":"standard"},"jnews_primary_category":[],"jnews_social_meta":[],"jnews_override_counter":[],"footnotes":""},"categories":[26],"tags":[373],"class_list":["post-25914","post","type-post","status-publish","format-standard","has-post-thumbnail","hentry","category-conference-du-8-mars","tag-le-leadership-des-femmes"],"_links":{"self":[{"href":"https:\/\/wncri.org\/fr\/wp-json\/wp\/v2\/posts\/25914","targetHints":{"allow":["GET"]}}],"collection":[{"href":"https:\/\/wncri.org\/fr\/wp-json\/wp\/v2\/posts"}],"about":[{"href":"https:\/\/wncri.org\/fr\/wp-json\/wp\/v2\/types\/post"}],"author":[{"embeddable":true,"href":"https:\/\/wncri.org\/fr\/wp-json\/wp\/v2\/users\/4"}],"replies":[{"embeddable":true,"href":"https:\/\/wncri.org\/fr\/wp-json\/wp\/v2\/comments?post=25914"}],"version-history":[{"count":1,"href":"https:\/\/wncri.org\/fr\/wp-json\/wp\/v2\/posts\/25914\/revisions"}],"predecessor-version":[{"id":25917,"href":"https:\/\/wncri.org\/fr\/wp-json\/wp\/v2\/posts\/25914\/revisions\/25917"}],"wp:featuredmedia":[{"embeddable":true,"href":"https:\/\/wncri.org\/fr\/wp-json\/wp\/v2\/media\/25916"}],"wp:attachment":[{"href":"https:\/\/wncri.org\/fr\/wp-json\/wp\/v2\/media?parent=25914"}],"wp:term":[{"taxonomy":"category","embeddable":true,"href":"https:\/\/wncri.org\/fr\/wp-json\/wp\/v2\/categories?post=25914"},{"taxonomy":"post_tag","embeddable":true,"href":"https:\/\/wncri.org\/fr\/wp-json\/wp\/v2\/tags?post=25914"}],"curies":[{"name":"wp","href":"https:\/\/api.w.org\/{rel}","templated":true}]}}