{"id":25910,"date":"2026-03-09T12:55:24","date_gmt":"2026-03-09T11:55:24","guid":{"rendered":"https:\/\/wncri.org\/fr\/?p=25910"},"modified":"2026-03-14T13:00:21","modified_gmt":"2026-03-14T12:00:21","slug":"elisabetta-zamparutti","status":"publish","type":"post","link":"https:\/\/wncri.org\/fr\/2026\/03\/09\/elisabetta-zamparutti\/","title":{"rendered":"Elisabetta Zamparutti : le sacrifice des femmes iraniennes pour la libert\u00e9"},"content":{"rendered":"\n<h2 class=\"wp-block-heading\">Elisabetta Zamparutti \u00e0 la IDW 2026 : le courage des femmes de la R\u00e9sistance iranienne qui sacrifient leur vie pour la libert\u00e9<\/h2>\n\n\n\n<h4 class=\"wp-block-heading\">Le samedi 21 f\u00e9vrier 2026, \u00e0 la veille du 8 mars, <a href=\"https:\/\/wncri.org\/fr\/2026\/02\/22\/conference-le-leadership-des-femmes\/\" target=\"_blank\" rel=\"noreferrer noopener\">Journ\u00e9e internationale des femmes, la Commission des femmes<\/a> du CNRI a organis\u00e9 \u00e0 Paris une conf\u00e9rence internationale intitul\u00e9e \u00ab Le leadership des femmes : un imp\u00e9ratif pour un Iran libre et une r\u00e9publique d\u00e9mocratique \u00bb. Cette rencontre, r\u00e9unissant des parlementaires, des universitaires, des intellectuelles et des figures politiques de premier plan, a mis en lumi\u00e8re la participation politique et le leadership des femmes comme piliers d&#8217;une soci\u00e9t\u00e9 d\u00e9mocratique.<\/h4>\n\n\n\n<p>Elisabetta Zamparutti, membre de l\u2019association \u00ab Ne touchez pas \u00e0 Ca\u00efn \u00bb (Hands Off Cain), a particip\u00e9 \u00e0 cette conf\u00e9rence et y a prononc\u00e9 le discours suivant :<\/p>\n\n\n\n<h3 class=\"wp-block-heading\"><strong>Elisabetta Zamparutti : s\u2019opposer fermement au remplacement d\u2019une dictature par une autre<\/strong><\/h3>\n\n\n\n<p>\u00ab Chers amis, je suis aujourd&#8217;hui \u00e9mue aux larmes. Je suis \u00e9mue aux larmes en vous regardant et en \u00e9tant ici avec vous, des femmes si \u00e9minentes. Je suis \u00e9mue aux larmes par votre discours empreint de clart\u00e9, <a href=\"https:\/\/wncri.org\/fr\/maryam-rajavi\/\" target=\"_blank\" rel=\"noreferrer noopener\">ch\u00e8re Maryam Radjavi<\/a>. Mais je suis aussi, et avant tout, \u00e9mue par le courage des femmes de la R\u00e9sistance iranienne \u00e0 Achraf-3.<\/p>\n\n\n\n<p>Je suis touch\u00e9e parce que vous \u00eates encore capables d&#8217;offrir votre vie pour la libert\u00e9, dans un monde o\u00f9, au mieux, nous n\u2019offrons que notre libert\u00e9 pour pr\u00e9server notre confort de vie. C\u2019est l\u00e0 une diff\u00e9rence fondamentale, et vous \u00eates un v\u00e9ritable exemple. Vous \u00eates aussi un mod\u00e8le de r\u00e9sistance face au conformisme antid\u00e9mocratique de ceux qui pensent qu\u2019il est possible de remplacer le turban des mollahs par la couronne du chah.<\/p>\n\n\n\n<p>Je tiens \u00e9galement \u00e0 souligner que les chiffres de participation aux manifestations de soutien au chah \u00e0 Munich, Toronto et aux \u00c9tats-Unis sont truqu\u00e9s, car en r\u00e9alit\u00e9, les participants sont dix fois moins nombreux, comme l&#8217;a r\u00e9v\u00e9l\u00e9 un journal allemand il y a quelques jours dans une enqu\u00eate publi\u00e9e sur le sujet.<\/p>\n\n\n\n<p>C\u2019est comme si le peuple iranien n\u2019\u00e9tait qu\u2019un pion dans un jeu de hasard, priv\u00e9 du droit de regarder vers l\u2019avenir et de progresser, avec pour seul devoir de reculer et de retourner vers le pass\u00e9. \u00c0 cet \u00e9gard, je tiens \u00e0 dire que Pahlavi repr\u00e9sente les t\u00e9n\u00e8bres du pass\u00e9, tant par les propos cit\u00e9s par Carla Sands dans son entretien que par ce qu\u2019il a d\u00e9clar\u00e9 lors d\u2019une r\u00e9cente conf\u00e9rence de presse tenue en juin 2025 \u00e0 Paris, affirmant \u00eatre en contact direct avec les gardiens de la r\u00e9volution et les consid\u00e9rant comme des hommes courageux.<\/p>\n\n\n\n<p>Dans ce contexte, je souhaite \u00e9galement ajouter que des vid\u00e9os truqu\u00e9es sont actuellement produites pour simuler un soutien au chah en Iran. Ces vid\u00e9os mensong\u00e8res circulent \u00e9galement dans nos pays, et nous devons y \u00eatre particuli\u00e8rement attentifs. Je sais aussi que lors des r\u00e9centes manifestations en Iran, des groupes de bassidjis tentent de diviser la population en criant des slogans en faveur du chah, utilisant ce stratag\u00e8me pour semer la confusion parmi ceux qui scandent &#8220;\u00c0 bas Khamenei&#8221;.<\/p>\n\n\n\n<p>C\u2019est un point que nous devons m\u00e9diter dans un monde o\u00f9 le pouvoir semble n&#8217;\u00eatre per\u00e7u qu&#8217;\u00e0 travers les rapports de force violents. Au contraire, je crois que le v\u00e9ritable pouvoir r\u00e9side dans la force humaine des relations, telles que celles que nous entretenons ici. C\u2019est l\u2019arme la plus puissante contre le r\u00e9gime et pour la libert\u00e9 de l\u2019Iran, du peuple iranien, mais aussi pour notre propre libert\u00e9.<\/p>\n\n\n\n<p>Je suis convaincue qu\u2019en tant que femmes, nous poss\u00e9dons cette force suppl\u00e9mentaire concernant les droits des femmes, les droits que nous revendiquons et la m\u00e9thode que nous soutenons pour leur affirmation. Et cette m\u00e9thode est la v\u00f4tre, Maryam Radjavi, \u00e0 travers le plan en dix points pour un Iran libre et d\u00e9mocratique. \u00bb<\/p>\n\n\n<div class=\"wp-block-image\">\n<figure class=\"aligncenter size-full\"><img decoding=\"async\" src=\"data:image\/gif;base64,R0lGODlhAQABAIAAAAAAAP\/\/\/yH5BAEAAAAALAAAAAABAAEAAAIBRAA7\" data-src=\"https:\/\/wncri.org\/fr\/wp-content\/uploads\/2026\/03\/NCRI-Women-Elisabetta-Zamparutti_2.jpg\" alt=\"Elisabetta Zamparutti : le sacrifice des femmes iraniennes pour la libert\u00e9\" class=\"wp-image-25912 lazyload\"\/><noscript><img decoding=\"async\" width=\"750\" height=\"375\" src=\"https:\/\/wncri.org\/fr\/wp-content\/uploads\/2026\/03\/NCRI-Women-Elisabetta-Zamparutti_2.jpg\" alt=\"Elisabetta Zamparutti : le sacrifice des femmes iraniennes pour la libert\u00e9\" class=\"wp-image-25912 lazyload\" srcset=\"https:\/\/wncri.org\/fr\/wp-content\/uploads\/2026\/03\/NCRI-Women-Elisabetta-Zamparutti_2.jpg 750w, https:\/\/wncri.org\/fr\/wp-content\/uploads\/2026\/03\/NCRI-Women-Elisabetta-Zamparutti_2-300x150.jpg 300w, https:\/\/wncri.org\/fr\/wp-content\/uploads\/2026\/03\/NCRI-Women-Elisabetta-Zamparutti_2-360x180.jpg 360w\" sizes=\"(max-width: 750px) 100vw, 750px\" \/><\/noscript><\/figure>\n<\/div>\n\n\n<h3 class=\"wp-block-heading\"><strong>Elisabetta Zamparutti : se tenir aux c\u00f4t\u00e9s de la v\u00e9rit\u00e9 \u00e0 un moment charni\u00e8re de l&#8217;histoire<\/strong><\/h3>\n\n\n\n<p>\u00ab Nous devrions toujours chercher \u00e0 discerner avec pr\u00e9cision o\u00f9 se trouve la v\u00e9rit\u00e9 et o\u00f9 se trouve le mensonge en ce moment historique. Je suis profond\u00e9ment impressionn\u00e9e par les d\u00e9tenus qui, dans 56 prisons en Iran, observent chaque mardi une gr\u00e8ve de la faim pour dire &#8220;Non \u00e0 la peine de mort&#8221;, &#8220;Non \u00e0 la r\u00e9pression&#8221;, &#8220;Non \u00e0 l&#8217;oppression&#8221;.<\/p>\n\n\n\n<p>Nous devons \u00eatre \u00e0 leurs c\u00f4t\u00e9s. Chaque mardi, je <a href=\"https:\/\/wncri.org\/fr\/2026\/02\/24\/campagne-non-aux-mardis-des-executions\/\" target=\"_blank\" rel=\"noreferrer noopener\">participe \u00e0 cette gr\u00e8ve de la faim<\/a> parce que je veux me sentir solidaire avec eux. Apr\u00e8s cette rencontre merveilleuse, pleine d\u2019\u00e9nergie et de d\u00e9clarations chaleureuses, je voudrais nous inviter tous \u00e0 faire de notre mieux aupr\u00e8s de nos gouvernements respectifs pour obtenir que Maryam Radjavi soit reconnue comme une interlocutrice politique officielle.<\/p>\n\n\n\n<p>C\u2019est la voie principale pour changer de r\u00e9gime et obtenir enfin un Iran libre et un Moyen-Orient stable. Car l\u2019Iran n\u2019est pas un facteur de stabilit\u00e9, il est le principal facteur d\u2019instabilit\u00e9 dans tout le Moyen-Orient et, j\u2019oserais dire, dans le monde entier. \u00bb<\/p>\n","protected":false},"excerpt":{"rendered":"<p>Elisabetta Zamparutti \u00e0 la IDW 2026 : le courage des femmes de la R\u00e9sistance iranienne qui sacrifient leur vie pour la libert\u00e9 Le samedi 21 f\u00e9vrier 2026, \u00e0 la veille du 8 mars, Journ\u00e9e internationale des femmes, la Commission des femmes du CNRI a organis\u00e9 \u00e0 Paris une conf\u00e9rence internationale intitul\u00e9e \u00ab Le leadership des [&hellip;]<\/p>\n","protected":false},"author":4,"featured_media":25911,"comment_status":"closed","ping_status":"closed","sticky":false,"template":"","format":"standard","meta":{"jnews-multi-image_gallery":[],"jnews_single_post":{"format":"standard"},"jnews_primary_category":[],"jnews_social_meta":[],"jnews_override_counter":[],"footnotes":""},"categories":[26],"tags":[373],"class_list":["post-25910","post","type-post","status-publish","format-standard","has-post-thumbnail","hentry","category-conference-du-8-mars","tag-le-leadership-des-femmes"],"_links":{"self":[{"href":"https:\/\/wncri.org\/fr\/wp-json\/wp\/v2\/posts\/25910","targetHints":{"allow":["GET"]}}],"collection":[{"href":"https:\/\/wncri.org\/fr\/wp-json\/wp\/v2\/posts"}],"about":[{"href":"https:\/\/wncri.org\/fr\/wp-json\/wp\/v2\/types\/post"}],"author":[{"embeddable":true,"href":"https:\/\/wncri.org\/fr\/wp-json\/wp\/v2\/users\/4"}],"replies":[{"embeddable":true,"href":"https:\/\/wncri.org\/fr\/wp-json\/wp\/v2\/comments?post=25910"}],"version-history":[{"count":1,"href":"https:\/\/wncri.org\/fr\/wp-json\/wp\/v2\/posts\/25910\/revisions"}],"predecessor-version":[{"id":25913,"href":"https:\/\/wncri.org\/fr\/wp-json\/wp\/v2\/posts\/25910\/revisions\/25913"}],"wp:featuredmedia":[{"embeddable":true,"href":"https:\/\/wncri.org\/fr\/wp-json\/wp\/v2\/media\/25911"}],"wp:attachment":[{"href":"https:\/\/wncri.org\/fr\/wp-json\/wp\/v2\/media?parent=25910"}],"wp:term":[{"taxonomy":"category","embeddable":true,"href":"https:\/\/wncri.org\/fr\/wp-json\/wp\/v2\/categories?post=25910"},{"taxonomy":"post_tag","embeddable":true,"href":"https:\/\/wncri.org\/fr\/wp-json\/wp\/v2\/tags?post=25910"}],"curies":[{"name":"wp","href":"https:\/\/api.w.org\/{rel}","templated":true}]}}