{"id":25905,"date":"2026-03-11T21:41:40","date_gmt":"2026-03-11T20:41:40","guid":{"rendered":"https:\/\/wncri.org\/fr\/?p=25905"},"modified":"2026-03-13T21:47:39","modified_gmt":"2026-03-13T20:47:39","slug":"lonu-salarme-de-la-mort-de-165-ecolieres","status":"publish","type":"post","link":"https:\/\/wncri.org\/fr\/2026\/03\/11\/lonu-salarme-de-la-mort-de-165-ecolieres\/","title":{"rendered":"Iran : l\u2019ONU s\u2019alarme de la mort de 165 \u00e9coli\u00e8res dans une frappe \u00e0 Minab"},"content":{"rendered":"\n<h2 class=\"wp-block-heading\">ONU Femmes et des experts de l\u2019ONU expriment leur vive inqui\u00e9tude face \u00e0 la mort d\u2019\u00e9coli\u00e8res \u00e0 Minab<\/h2>\n\n\n\n<h4 class=\"wp-block-heading\">Dans un contexte d\u2019escalade des tensions militaires au Moyen-Orient et de pr\u00e9occupations croissantes concernant les cons\u00e9quences humanitaires du conflit, ONU Femmes a lanc\u00e9 une mise en garde sur les risques graves encourus par les civils, et plus particuli\u00e8rement par les femmes et les filles.<\/h4>\n\n\n\n<p>Dans une <a href=\"https:\/\/asiapacific.unwomen.org\/en\/stories\/statement\/2026\/03\/un-women-gravely-concerned-by-military-strikes-against-iran-and-escalation-across-the-middle-east\" target=\"_blank\" rel=\"noopener\">d\u00e9claration pub<\/a><a href=\"https:\/\/asiapacific.unwomen.org\/en\/stories\/statement\/2026\/03\/un-women-gravely-concerned-by-military-strikes-against-iran-and-escalation-across-the-middle-east\" target=\"_blank\" rel=\"noreferrer noopener\">l<\/a><a href=\"https:\/\/asiapacific.unwomen.org\/en\/stories\/statement\/2026\/03\/un-women-gravely-concerned-by-military-strikes-against-iran-and-escalation-across-the-middle-east\" target=\"_blank\" rel=\"noopener\">i\u00e9e le 3 mars 2026<\/a>, l\u2019entit\u00e9 des Nations Unies s\u2019est dite profond\u00e9ment alarm\u00e9e par les frappes militaires contre l\u2019Iran et l\u2019intensification des tensions qui en d\u00e9coule dans l&#8217;ensemble de la r\u00e9gion. Selon l\u2019organisation, cette situation expose imm\u00e9diatement les populations civiles, notamment les femmes et les jeunes filles, \u00e0 un danger imminent.<\/p>\n\n\n\n<p>\u00ab Partout dans le monde, les femmes et les filles ont le droit de vivre en s\u00e9curit\u00e9 et en paix, \u00e0 l\u2019abri de la violence et de la discrimination. L\u2019escalade des hostilit\u00e9s perturbe les services essentiels, accro\u00eet le risque de <a href=\"https:\/\/wncri.org\/fr\/2020\/11\/23\/la-violence-faite-aux-femmes-en-iran-parrainee-et-institutionnalisee-par-letat\/\" target=\"_blank\" rel=\"noreferrer noopener\">violence sexiste<\/a> et fragilise davantage les organisations dirig\u00e9es par des femmes ainsi que les premiers intervenants. \u00bb<\/p>\n\n\n<div class=\"wp-block-image\">\n<figure class=\"aligncenter size-full\"><img decoding=\"async\" src=\"data:image\/gif;base64,R0lGODlhAQABAIAAAAAAAP\/\/\/yH5BAEAAAAALAAAAAABAAEAAAIBRAA7\" data-src=\"https:\/\/wncri.org\/fr\/wp-content\/uploads\/2026\/03\/NCRI-Women-Girls-School-in-Minab_2-1.jpg\" alt=\"Iran : l\u2019ONU s\u2019alarme de la mort de 165 \u00e9coli\u00e8res dans une frappe \u00e0 Minab\" class=\"wp-image-25907 lazyload\"\/><noscript><img decoding=\"async\" width=\"750\" height=\"375\" src=\"https:\/\/wncri.org\/fr\/wp-content\/uploads\/2026\/03\/NCRI-Women-Girls-School-in-Minab_2-1.jpg\" alt=\"Iran : l\u2019ONU s\u2019alarme de la mort de 165 \u00e9coli\u00e8res dans une frappe \u00e0 Minab\" class=\"wp-image-25907 lazyload\" srcset=\"https:\/\/wncri.org\/fr\/wp-content\/uploads\/2026\/03\/NCRI-Women-Girls-School-in-Minab_2-1.jpg 750w, https:\/\/wncri.org\/fr\/wp-content\/uploads\/2026\/03\/NCRI-Women-Girls-School-in-Minab_2-1-300x150.jpg 300w, https:\/\/wncri.org\/fr\/wp-content\/uploads\/2026\/03\/NCRI-Women-Girls-School-in-Minab_2-1-360x180.jpg 360w\" sizes=\"(max-width: 750px) 100vw, 750px\" \/><\/noscript><\/figure>\n<\/div>\n\n\n<p>Parall\u00e8lement, des experts de l\u2019ONU \u00e0 Gen\u00e8ve ont<a href=\"https:\/\/www.ohchr.org\/en\/press-releases\/2026\/03\/un-experts-strongly-condemn-deadly-missile-strike-girls-school-iran-call\" target=\"_blank\" rel=\"noreferrer noopener\">\u00e9galement exprim\u00e9 leur profonde tristesse<\/a> dans un communiqu\u00e9 publi\u00e9 le jeudi 6 mars 2026, \u00e0 la suite d\u2019une attaque contre une \u00e9cole primaire de filles dans la ville de <a href=\"https:\/\/fr.wikipedia.org\/wiki\/Minab\" target=\"_blank\" rel=\"noreferrer noopener\">Minab<\/a>, situ\u00e9e dans la province d\u2019Hormozgan, en Iran. L&#8217;attaque aurait eu lieu le 28 f\u00e9vrier 2026, lors d&#8217;op\u00e9rations militaires men\u00e9es par les \u00c9tats-Unis et Isra\u00ebl.<\/p>\n\n\n\n<p>D\u2019apr\u00e8s les informations disponibles, au moins 165 \u00e9coli\u00e8res ont \u00e9t\u00e9 tu\u00e9es et de nombreuses autres bless\u00e9es lors de cette frappe. Les experts de l\u2019ONU ont d\u00e9crit cet \u00e9v\u00e9nement comme une illustration choquante de l&#8217;impact meurtrier des conflits arm\u00e9s sur les civils, en particulier sur les enfants et les \u00e9tudiants, et ont appel\u00e9 la communaut\u00e9 internationale \u00e0 accorder une attention urgente \u00e0 la protection des populations civiles.<\/p>\n\n\n\n<p>Dans leur d\u00e9claration, les experts onusiens ont soulign\u00e9 : \u00ab La destruction signal\u00e9e d&#8217;une \u00e9cole et le massacre de jeunes filles dans une salle de classe figurent parmi les exemples les plus flagrants de la mani\u00e8re dont un conflit peut briser l&#8217;avenir de jeunes filles en un instant, fauchant non seulement des vies innocentes, mais aussi les espoirs, l&#8217;autonomie et les opportunit\u00e9s que l&#8217;\u00e9ducation rend possibles. \u00bb<\/p>\n\n\n<div class=\"wp-block-image\">\n<figure class=\"aligncenter size-full\"><img decoding=\"async\" src=\"data:image\/gif;base64,R0lGODlhAQABAIAAAAAAAP\/\/\/yH5BAEAAAAALAAAAAABAAEAAAIBRAA7\" data-src=\"https:\/\/wncri.org\/fr\/wp-content\/uploads\/2026\/03\/NCRI-Women-Girls-School-in-Minab_3-1.jpg\" alt=\"Iran : l\u2019ONU s\u2019alarme de la mort de 165 \u00e9coli\u00e8res dans une frappe \u00e0 Minab\" class=\"wp-image-25908 lazyload\"\/><noscript><img decoding=\"async\" width=\"750\" height=\"375\" src=\"https:\/\/wncri.org\/fr\/wp-content\/uploads\/2026\/03\/NCRI-Women-Girls-School-in-Minab_3-1.jpg\" alt=\"Iran : l\u2019ONU s\u2019alarme de la mort de 165 \u00e9coli\u00e8res dans une frappe \u00e0 Minab\" class=\"wp-image-25908 lazyload\" srcset=\"https:\/\/wncri.org\/fr\/wp-content\/uploads\/2026\/03\/NCRI-Women-Girls-School-in-Minab_3-1.jpg 750w, https:\/\/wncri.org\/fr\/wp-content\/uploads\/2026\/03\/NCRI-Women-Girls-School-in-Minab_3-1-300x150.jpg 300w, https:\/\/wncri.org\/fr\/wp-content\/uploads\/2026\/03\/NCRI-Women-Girls-School-in-Minab_3-1-360x180.jpg 360w\" sizes=\"(max-width: 750px) 100vw, 750px\" \/><\/noscript><\/figure>\n<\/div>\n\n\n<p>De son c\u00f4t\u00e9, la Dre Mai Sato, rapporteuse sp\u00e9ciale de l\u2019ONU sur la situation des droits de l\u2019homme en Iran, a <a href=\"https:\/\/x.com\/drmaisato\/status\/2030746943576547648\" target=\"_blank\" rel=\"noreferrer noopener\">publi\u00e9 sur le r\u00e9seau social X<\/a> : \u00ab En cette Journ\u00e9e internationale des femmes, mes pens\u00e9es vont aux femmes et aux filles d&#8217;Iran qui devraient \u00eatre parmi nous aujourd&#8217;hui. Celles qui ont p\u00e9ri dans une frappe de missile contre une \u00e9cole primaire de filles. Celles qui sont d\u00e9tenues, disparues ou d\u00e9c\u00e9d\u00e9es en lien avec les manifestations nationales. Il est imp\u00e9ratif que leur histoire ne soit pas oubli\u00e9e. \u00bb<\/p>\n","protected":false},"excerpt":{"rendered":"<p>ONU Femmes et des experts de l\u2019ONU expriment leur vive inqui\u00e9tude face \u00e0 la mort d\u2019\u00e9coli\u00e8res \u00e0 Minab Dans un contexte d\u2019escalade des tensions militaires au Moyen-Orient et de pr\u00e9occupations croissantes concernant les cons\u00e9quences humanitaires du conflit, ONU Femmes a lanc\u00e9 une mise en garde sur les risques graves encourus par les civils, et plus [&hellip;]<\/p>\n","protected":false},"author":4,"featured_media":25906,"comment_status":"closed","ping_status":"closed","sticky":false,"template":"","format":"standard","meta":{"jnews-multi-image_gallery":[],"jnews_single_post":{"format":"standard"},"jnews_primary_category":[],"jnews_social_meta":[],"jnews_override_counter":[],"footnotes":""},"categories":[3],"tags":[366],"class_list":["post-25905","post","type-post","status-publish","format-standard","has-post-thumbnail","hentry","category-infos-des-femmes","tag-la-petite-fille"],"_links":{"self":[{"href":"https:\/\/wncri.org\/fr\/wp-json\/wp\/v2\/posts\/25905","targetHints":{"allow":["GET"]}}],"collection":[{"href":"https:\/\/wncri.org\/fr\/wp-json\/wp\/v2\/posts"}],"about":[{"href":"https:\/\/wncri.org\/fr\/wp-json\/wp\/v2\/types\/post"}],"author":[{"embeddable":true,"href":"https:\/\/wncri.org\/fr\/wp-json\/wp\/v2\/users\/4"}],"replies":[{"embeddable":true,"href":"https:\/\/wncri.org\/fr\/wp-json\/wp\/v2\/comments?post=25905"}],"version-history":[{"count":1,"href":"https:\/\/wncri.org\/fr\/wp-json\/wp\/v2\/posts\/25905\/revisions"}],"predecessor-version":[{"id":25909,"href":"https:\/\/wncri.org\/fr\/wp-json\/wp\/v2\/posts\/25905\/revisions\/25909"}],"wp:featuredmedia":[{"embeddable":true,"href":"https:\/\/wncri.org\/fr\/wp-json\/wp\/v2\/media\/25906"}],"wp:attachment":[{"href":"https:\/\/wncri.org\/fr\/wp-json\/wp\/v2\/media?parent=25905"}],"wp:term":[{"taxonomy":"category","embeddable":true,"href":"https:\/\/wncri.org\/fr\/wp-json\/wp\/v2\/categories?post=25905"},{"taxonomy":"post_tag","embeddable":true,"href":"https:\/\/wncri.org\/fr\/wp-json\/wp\/v2\/tags?post=25905"}],"curies":[{"name":"wp","href":"https:\/\/api.w.org\/{rel}","templated":true}]}}