{"id":25902,"date":"2026-03-08T16:00:00","date_gmt":"2026-03-08T15:00:00","guid":{"rendered":"https:\/\/wncri.org\/fr\/?p=25902"},"modified":"2026-03-13T21:26:18","modified_gmt":"2026-03-13T20:26:18","slug":"karen-smith-a-la-journee","status":"publish","type":"post","link":"https:\/\/wncri.org\/fr\/2026\/03\/08\/karen-smith-a-la-journee\/","title":{"rendered":"Karen Smith \u00e0 la Journ\u00e9e internationale des femmes 2026 : l\u2019avenir de l\u2019Iran fond\u00e9 sur l\u2019\u00c9tat de droit, l\u2019\u00e9galit\u00e9 des genres et le leadership des femmes"},"content":{"rendered":"\n<h4 class=\"wp-block-heading\">Le samedi 21 f\u00e9vrier 2026, \u00e0 la veille du 8 mars, Journ\u00e9e internationale des femmes, la Commission des Femmes du CNRI a organis\u00e9 \u00e0 Paris une <a href=\"https:\/\/wncri.org\/fr\/2026\/02\/22\/conference-le-leadership-des-femmes\/\" target=\"_blank\" rel=\"noreferrer noopener\">conf\u00e9rence internationale<\/a> intitul\u00e9e \u00ab Le leadership des femmes, une n\u00e9cessit\u00e9 pour un Iran libre et une r\u00e9publique d\u00e9mocratique \u00bb.<\/h4>\n\n\n\n<h4 class=\"wp-block-heading\">Cette conf\u00e9rence, \u00e0 laquelle ont particip\u00e9 des parlementaires, des universitaires, des penseuses et des personnalit\u00e9s politiques de premier plan, a mis l\u2019accent sur la participation politique et le leadership des femmes comme \u00e9l\u00e9ments d\u00e9cisifs d\u2019une soci\u00e9t\u00e9 d\u00e9mocratique.<\/h4>\n\n\n\n<h4 class=\"wp-block-heading\">Lors de cet \u00e9v\u00e9nement, Karen Smith, ancienne conseill\u00e8re sp\u00e9ciale du Secr\u00e9taire g\u00e9n\u00e9ral des Nations unies sur la \u00ab Responsabilit\u00e9 de prot\u00e9ger \u00bb, \u00e9tait pr\u00e9sente et a prononc\u00e9 un discours. Le texte int\u00e9gral de son intervention est pr\u00e9sent\u00e9 ci-dessous.<\/h4>\n\n\n\n<h2 class=\"wp-block-heading\"><strong>Karen Smith : la r\u00e9pression des manifestants en Iran, des d\u00e9cennies de violence d\u2019\u00c9tat<\/strong><\/h2>\n\n\n\n<p>Chers amis, il est v\u00e9ritablement difficile de prendre la parole apr\u00e8s les discours inspirants et puissants que nous venons d\u2019entendre. Je ne sais donc pas vraiment quoi ajouter. Je vais essayer de rester tr\u00e8s br\u00e8ve.<\/p>\n\n\n\n<p>Avant de poursuivre, je voudrais simplement adresser un message particulier. Je souhaite saluer les jeunes pr\u00e9sents dans cette salle, mais aussi les jeunes en Iran, qui, selon moi, sont \u00e9galement \u00e0 l\u2019avant-garde de cette lutte. Je tiens donc \u00e0 vous remercier pour votre courage et pour la voie que vous nous montrez.<\/p>\n\n\n\n<p>Comme d\u2019autres l\u2019ont fait avant moi, je voudrais commencer par rendre hommage au <a href=\"https:\/\/wncri.org\/fr\/2026\/03\/08\/rapport-annuel-2026-soulevement-en-iran\/\" target=\"_blank\" rel=\"noreferrer noopener\">peuple courageux d\u2019Iran<\/a> qui se l\u00e8ve pour d\u00e9fendre ses droits, souvent au p\u00e9ril de sa propre s\u00e9curit\u00e9.<\/p>\n\n\n\n<p>En Afrique du Sud, durant la lutte pour la lib\u00e9ration, dont je suis originaire, une expression s\u2019est impos\u00e9e pour illustrer la force des femmes qui ont jou\u00e9 un r\u00f4le essentiel dans le combat pour la d\u00e9mocratie. Cette expression disait : \u00ab Si vous frappez une femme, vous frappez un roc. \u00bb Je pense que cette phrase s\u2019applique \u00e9galement aux femmes iraniennes.<\/p>\n\n\n\n<p>Je souhaite \u00e9galement souligner que la r\u00e9cente r\u00e9pression brutale contre les manifestants n\u2019est pas un incident isol\u00e9. Elle s\u2019inscrit dans un sch\u00e9ma continu de r\u00e9pression \u00e9tatique syst\u00e9matique et violente qui dure depuis des d\u00e9cennies.<\/p>\n\n\n\n<p>La mission d\u2019\u00e9tablissement des faits des Nations unies sur l\u2019Iran a mis en \u00e9vidence une tendance inqui\u00e9tante : le ciblage sp\u00e9cifique des militantes, qui subissent arrestations, tortures et ex\u00e9cutions, des actes pouvant constituer des crimes contre l\u2019humanit\u00e9.<\/p>\n\n\n\n<h3 class=\"wp-block-heading\"><strong>Karen Smith : d\u00e9fendre les droits des femmes en Iran, respecter l\u2019engagement mondial de l\u2019ONU de 2005<\/strong><\/h3>\n\n\n\n<p>Si <a href=\"https:\/\/www.maryam-rajavi.com\/fr\/points-de-vue\/droits-femmes-en-iran\/\" target=\"_blank\" rel=\"noreferrer noopener\">l\u2019\u00e9galit\u00e9 des genres<\/a> et la promotion des droits des femmes constituent \u00e9videmment des objectifs essentiels en soi, le soutien aux droits des femmes en Iran s\u2019inscrit \u00e9galement dans l\u2019engagement pris par tous les \u00c9tats membres des Nations unies en 2005 lors du Sommet mondial.<\/p>\n\n\n\n<p>\u00c0 cette occasion, les \u00c9tats se sont engag\u00e9s non seulement \u00e0 prot\u00e9ger leurs propres populations contre les crimes d\u2019atrocit\u00e9, mais \u00e9galement celles d\u2019autres pays. Plus important encore, ils se sont engag\u00e9s \u00e0 pr\u00e9venir ces crimes avant m\u00eame qu\u2019ils ne se produisent.<\/p>\n\n\n\n<p>Nous avons tous la responsabilit\u00e9 de rappeler aux \u00c9tats dont nous sommes issus qu\u2019ils ont pris cet engagement en 2005. Il convient de souligner que cet engagement a \u00e9t\u00e9 adopt\u00e9 \u00e0 l\u2019unanimit\u00e9 par l\u2019ensemble des \u00c9tats membres de l\u2019ONU.<\/p>\n\n\n\n<p>Compte tenu du risque \u00e9lev\u00e9 de nouvelles violations graves des droits humains, la communaut\u00e9 internationale a l\u2019obligation d\u2019emp\u00eacher que de nouvelles atrocit\u00e9s ne se produisent en Iran.<\/p>\n\n\n\n<p>Cela implique de s\u2019attaquer \u00e0 la culture persistante de l\u2019impunit\u00e9 qui permet la poursuite et la r\u00e9p\u00e9tition de violations graves des droits humains.<\/p>\n\n\n\n<p>Dans le cadre des Nations unies, et je laisserai aux repr\u00e9sentants des parlements nationaux pr\u00e9sents ici le soin d\u2019\u00e9voquer les mesures pouvant \u00eatre prises au niveau national, plusieurs actions peuvent \u00eatre envisag\u00e9es. Il est essentiel de veiller \u00e0 ce que la situation en Iran demeure inscrite \u00e0 l\u2019ordre du jour du Conseil des droits de l\u2019homme des Nations unies ainsi que du Conseil de s\u00e9curit\u00e9 de l\u2019ONU.<\/p>\n\n\n\n<p>Il est \u00e9galement important que la mission d\u2019\u00e9tablissement des faits examine dans le cadre de son enqu\u00eate la possibilit\u00e9 que des crimes d\u2019atrocit\u00e9 aient \u00e9t\u00e9 commis.<\/p>\n\n\n\n<p>Mais surtout, la communaut\u00e9 internationale doit condamner collectivement et de mani\u00e8re constante l\u2019oppression que le r\u00e9gime iranien inflige \u00e0 son peuple depuis des d\u00e9cennies. Comme l\u2019a rappel\u00e9 un intervenant pr\u00e9c\u00e9dent, la situation des droits humains doit \u00eatre plac\u00e9e au centre de toutes les relations avec l\u2019Iran, y compris dans les discussions li\u00e9es \u00e0 l\u2019accord nucl\u00e9aire.<\/p>\n\n\n\n<p>Enfin, il faut reconna\u00eetre qu\u2019un Iran pacifique \u00e0 l\u2019avenir, qui ne constitue pas une menace pour la stabilit\u00e9 r\u00e9gionale, devra \u00eatre fond\u00e9 sur l\u2019\u00c9tat de droit, sur l\u2019\u00e9galit\u00e9 entre les femmes et les hommes et sur la pleine participation des femmes dans toutes les sph\u00e8res de la soci\u00e9t\u00e9, y compris dans les responsabilit\u00e9s politiques.<\/p>\n","protected":false},"excerpt":{"rendered":"<p>Le samedi 21 f\u00e9vrier 2026, \u00e0 la veille du 8 mars, Journ\u00e9e internationale des femmes, la Commission des Femmes du CNRI a organis\u00e9 \u00e0 Paris une conf\u00e9rence internationale intitul\u00e9e \u00ab Le leadership des femmes, une n\u00e9cessit\u00e9 pour un Iran libre et une r\u00e9publique d\u00e9mocratique \u00bb. Cette conf\u00e9rence, \u00e0 laquelle ont particip\u00e9 des parlementaires, des universitaires, [&hellip;]<\/p>\n","protected":false},"author":4,"featured_media":25903,"comment_status":"closed","ping_status":"closed","sticky":false,"template":"","format":"standard","meta":{"jnews-multi-image_gallery":[],"jnews_single_post":{"format":"standard"},"jnews_primary_category":[],"jnews_social_meta":[],"jnews_override_counter":[],"footnotes":""},"categories":[26],"tags":[373],"class_list":["post-25902","post","type-post","status-publish","format-standard","has-post-thumbnail","hentry","category-conference-du-8-mars","tag-le-leadership-des-femmes"],"_links":{"self":[{"href":"https:\/\/wncri.org\/fr\/wp-json\/wp\/v2\/posts\/25902","targetHints":{"allow":["GET"]}}],"collection":[{"href":"https:\/\/wncri.org\/fr\/wp-json\/wp\/v2\/posts"}],"about":[{"href":"https:\/\/wncri.org\/fr\/wp-json\/wp\/v2\/types\/post"}],"author":[{"embeddable":true,"href":"https:\/\/wncri.org\/fr\/wp-json\/wp\/v2\/users\/4"}],"replies":[{"embeddable":true,"href":"https:\/\/wncri.org\/fr\/wp-json\/wp\/v2\/comments?post=25902"}],"version-history":[{"count":1,"href":"https:\/\/wncri.org\/fr\/wp-json\/wp\/v2\/posts\/25902\/revisions"}],"predecessor-version":[{"id":25904,"href":"https:\/\/wncri.org\/fr\/wp-json\/wp\/v2\/posts\/25902\/revisions\/25904"}],"wp:featuredmedia":[{"embeddable":true,"href":"https:\/\/wncri.org\/fr\/wp-json\/wp\/v2\/media\/25903"}],"wp:attachment":[{"href":"https:\/\/wncri.org\/fr\/wp-json\/wp\/v2\/media?parent=25902"}],"wp:term":[{"taxonomy":"category","embeddable":true,"href":"https:\/\/wncri.org\/fr\/wp-json\/wp\/v2\/categories?post=25902"},{"taxonomy":"post_tag","embeddable":true,"href":"https:\/\/wncri.org\/fr\/wp-json\/wp\/v2\/tags?post=25902"}],"curies":[{"name":"wp","href":"https:\/\/api.w.org\/{rel}","templated":true}]}}