{"id":25891,"date":"2026-03-07T21:04:11","date_gmt":"2026-03-07T20:04:11","guid":{"rendered":"https:\/\/wncri.org\/fr\/?p=25891"},"modified":"2026-03-13T21:16:10","modified_gmt":"2026-03-13T20:16:10","slug":"rosalia-arteaga-serrano-2026","status":"publish","type":"post","link":"https:\/\/wncri.org\/fr\/2026\/03\/07\/rosalia-arteaga-serrano-2026\/","title":{"rendered":"Rosal\u00eda Arteaga Serrano \u00e0 la Journ\u00e9e internationale des femmes 2026 : la solidarit\u00e9 des femmes est la cl\u00e9 de la paix mondiale"},"content":{"rendered":"\n<h4 class=\"wp-block-heading\">Le samedi 21 f\u00e9vrier 2026, \u00e0 la veille du 8 mars, Journ\u00e9e internationale des femmes, la Commission des Femmes du CNRI a organis\u00e9 \u00e0 Paris <a href=\"https:\/\/wncri.org\/fr\/2026\/02\/21\/maryam-radjavi-jif-2026\/\" target=\"_blank\" rel=\"noreferrer noopener\">une conf\u00e9rence internationale<\/a> intitul\u00e9e \u00ab Le leadership des femmes, une n\u00e9cessit\u00e9 pour un Iran libre et une r\u00e9publique d\u00e9mocratique \u00bb.<\/h4>\n\n\n\n<p>Cette conf\u00e9rence, \u00e0 laquelle ont particip\u00e9 des parlementaires, des universitaires, des penseuses et des personnalit\u00e9s politiques de premier plan, \u00e9tait consacr\u00e9e au r\u00f4le de la participation et du leadership des femmes dans la construction d\u2019une soci\u00e9t\u00e9 d\u00e9mocratique.<\/p>\n\n\n\n<h4 class=\"wp-block-heading\">Rosal\u00eda Arteaga Serrano, ancienne pr\u00e9sidente de l\u2019\u00c9quateur en 1997, a pris part \u00e0 cette conf\u00e9rence et y a prononc\u00e9 un discours. Le texte int\u00e9gral de son intervention est pr\u00e9sent\u00e9 ci-dessous.<\/h4>\n\n\n\n<h2 class=\"wp-block-heading\"><strong>Rosal\u00eda Arteaga Serrano : la s\u00e9paration de la religion et de l\u2019\u00c9tat, un principe fondamental<\/strong><\/h2>\n\n\n\n<p>Bonjour Mesdames, ch\u00e8re Madame Radjavi, chers coll\u00e8gues, chers amis \u00e0 Achraf 3, et au peuple d\u2019Iran qui \u00e9coute ce message.<\/p>\n\n\n\n<p>Apr\u00e8s avoir r\u00e9fl\u00e9chi \u00e0 l\u2019histoire et entendu ce que Carla Sands a rappel\u00e9 au sujet des interviews du chah r\u00e9alis\u00e9es par Oriana Fallaci, l\u2019une de mes journalistes favorites, ainsi que par Barbara Walters, nous devons affirmer haut et fort, et le r\u00e9p\u00e9ter sans cesse : non au chah, non aux mollahs.<\/p>\n\n\n\n<p>\u00c0 l\u2019approche de la Journ\u00e9e internationale des <a href=\"https:\/\/wncri.org\/fr\/2026\/03\/08\/rapport-annuel-2026-soulevement-en-iran\/\" target=\"_blank\" rel=\"noreferrer noopener\">femmes<\/a>, je souhaite attirer l\u2019attention sur plusieurs points importants. Tout d\u2019abord, nous devons c\u00e9l\u00e9brer Maryam Radjavi comme une figure embl\u00e9matique pour les femmes du monde entier. Elle a fait preuve d\u2019un courage exceptionnel, d\u2019une pers\u00e9v\u00e9rance remarquable et d\u2019une grande capacit\u00e9 d\u2019inspiration dans ses efforts pour pr\u00e9server la m\u00e9moire et l\u2019\u00e9lan en faveur d\u2019un Iran libre.<\/p>\n\n\n\n<p>Je souhaite \u00e9galement mettre en avant deux autres \u00e9l\u00e9ments aujourd\u2019hui, en m\u2019appuyant sur deux des <a href=\"https:\/\/www.maryam-rajavi.com\/fr\/points-de-vue\/plan-pour-liran-de-demain\/\" target=\"_blank\" rel=\"noreferrer noopener\">dix points que Madame Radjavi<\/a> d\u00e9fend depuis des ann\u00e9es. Le premier concerne la s\u00e9paration de la religion et de l\u2019\u00c9tat, un principe particuli\u00e8rement important aujourd\u2019hui.<\/p>\n\n\n\n<p>Je me souviens qu\u2019\u00e0 l\u2019\u00e9poque o\u00f9 j\u2019\u00e9tais ministre de l\u2019\u00c9ducation dans mon pays, lorsque le Congr\u00e8s a tent\u00e9 de fusionner religion et gouvernement, j\u2019ai choisi de d\u00e9missionner de mes fonctions parce que je ne pouvais accepter cette confusion entre les deux.<\/p>\n\n\n<div class=\"wp-block-image\">\n<figure class=\"aligncenter size-full\"><img decoding=\"async\" src=\"data:image\/gif;base64,R0lGODlhAQABAIAAAAAAAP\/\/\/yH5BAEAAAAALAAAAAABAAEAAAIBRAA7\" data-src=\"https:\/\/wncri.org\/fr\/wp-content\/uploads\/2026\/03\/NCRI-Women-Rosalia-Arteaga-Serrano-IWD2026_2.jpg\" alt=\"Rosal\u00eda Arteaga Serrano \u00e0 la Journ\u00e9e internationale des femmes 2026 : la solidarit\u00e9 des femmes est la cl\u00e9 de la paix mondiale\" class=\"wp-image-25895 lazyload\"\/><noscript><img decoding=\"async\" width=\"750\" height=\"375\" src=\"https:\/\/wncri.org\/fr\/wp-content\/uploads\/2026\/03\/NCRI-Women-Rosalia-Arteaga-Serrano-IWD2026_2.jpg\" alt=\"Rosal\u00eda Arteaga Serrano \u00e0 la Journ\u00e9e internationale des femmes 2026 : la solidarit\u00e9 des femmes est la cl\u00e9 de la paix mondiale\" class=\"wp-image-25895 lazyload\" srcset=\"https:\/\/wncri.org\/fr\/wp-content\/uploads\/2026\/03\/NCRI-Women-Rosalia-Arteaga-Serrano-IWD2026_2.jpg 750w, https:\/\/wncri.org\/fr\/wp-content\/uploads\/2026\/03\/NCRI-Women-Rosalia-Arteaga-Serrano-IWD2026_2-300x150.jpg 300w, https:\/\/wncri.org\/fr\/wp-content\/uploads\/2026\/03\/NCRI-Women-Rosalia-Arteaga-Serrano-IWD2026_2-360x180.jpg 360w\" sizes=\"(max-width: 750px) 100vw, 750px\" \/><\/noscript><\/figure>\n<\/div>\n\n\n<p>Nous devons exprimer notre solidarit\u00e9 avec le peuple d\u2019Achraf 3. Mais nous devons \u00e9galement nous tenir aux c\u00f4t\u00e9s des femmes qui, ces derniers mois, ont \u00e9t\u00e9 tu\u00e9es ou massacr\u00e9es. Du fond du c\u0153ur, j\u2019exprime ma solidarit\u00e9 avec leurs familles et avec le mouvement qui \u0153uvre pour apporter la libert\u00e9 \u00e0 l\u2019Iran.<\/p>\n\n\n\n<p>Le second point que je souhaite souligner concerne la question nucl\u00e9aire. Dans ce monde fragile, alors que les conflits et les tensions se multiplient \u00e0 l\u2019\u00e9chelle internationale, nous devons pr\u00eater attention aux capacit\u00e9s nucl\u00e9aires que l\u2019Iran tente de d\u00e9velopper.<\/p>\n\n\n\n<p>Nous nous opposons fermement \u00e0 cette \u00e9volution et nous soutenons Maryam Radjavi, qui a \u00e0 plusieurs reprises d\u00e9nonc\u00e9 le programme nucl\u00e9aire de l\u2019Iran ainsi que la militarisation nucl\u00e9aire.<\/p>\n\n\n\n<p>Dans ce monde fragile, nous devons pr\u00e9server la paix. Les femmes sont de v\u00e9ritables gardiennes de la paix \u00e0 travers le monde.<\/p>\n\n\n\n<p>Une fois encore, nous devons exprimer notre solidarit\u00e9, faire preuve de sagesse pour r\u00e9ussir et rester vigilants afin de pr\u00e9venir les dangers qui pourraient surgir dans les jours, les semaines et les mois \u00e0 venir.<\/p>\n\n\n\n<p>Nous devons prot\u00e9ger le r\u00f4le des femmes et la pr\u00e9sence de Maryam Radjavi dans un futur gouvernement iranien.<\/p>\n\n\n\n<p>Non aux mollahs, non au chah.<\/p>\n","protected":false},"excerpt":{"rendered":"<p>Le samedi 21 f\u00e9vrier 2026, \u00e0 la veille du 8 mars, Journ\u00e9e internationale des femmes, la Commission des Femmes du CNRI a organis\u00e9 \u00e0 Paris une conf\u00e9rence internationale intitul\u00e9e \u00ab Le leadership des femmes, une n\u00e9cessit\u00e9 pour un Iran libre et une r\u00e9publique d\u00e9mocratique \u00bb. Cette conf\u00e9rence, \u00e0 laquelle ont particip\u00e9 des parlementaires, des universitaires, [&hellip;]<\/p>\n","protected":false},"author":4,"featured_media":25892,"comment_status":"closed","ping_status":"closed","sticky":false,"template":"","format":"standard","meta":{"jnews-multi-image_gallery":[],"jnews_single_post":{"format":"standard"},"jnews_primary_category":[],"jnews_social_meta":[],"jnews_override_counter":[],"footnotes":""},"categories":[26],"tags":[373],"class_list":["post-25891","post","type-post","status-publish","format-standard","has-post-thumbnail","hentry","category-conference-du-8-mars","tag-le-leadership-des-femmes"],"_links":{"self":[{"href":"https:\/\/wncri.org\/fr\/wp-json\/wp\/v2\/posts\/25891","targetHints":{"allow":["GET"]}}],"collection":[{"href":"https:\/\/wncri.org\/fr\/wp-json\/wp\/v2\/posts"}],"about":[{"href":"https:\/\/wncri.org\/fr\/wp-json\/wp\/v2\/types\/post"}],"author":[{"embeddable":true,"href":"https:\/\/wncri.org\/fr\/wp-json\/wp\/v2\/users\/4"}],"replies":[{"embeddable":true,"href":"https:\/\/wncri.org\/fr\/wp-json\/wp\/v2\/comments?post=25891"}],"version-history":[{"count":2,"href":"https:\/\/wncri.org\/fr\/wp-json\/wp\/v2\/posts\/25891\/revisions"}],"predecessor-version":[{"id":25898,"href":"https:\/\/wncri.org\/fr\/wp-json\/wp\/v2\/posts\/25891\/revisions\/25898"}],"wp:featuredmedia":[{"embeddable":true,"href":"https:\/\/wncri.org\/fr\/wp-json\/wp\/v2\/media\/25892"}],"wp:attachment":[{"href":"https:\/\/wncri.org\/fr\/wp-json\/wp\/v2\/media?parent=25891"}],"wp:term":[{"taxonomy":"category","embeddable":true,"href":"https:\/\/wncri.org\/fr\/wp-json\/wp\/v2\/categories?post=25891"},{"taxonomy":"post_tag","embeddable":true,"href":"https:\/\/wncri.org\/fr\/wp-json\/wp\/v2\/tags?post=25891"}],"curies":[{"name":"wp","href":"https:\/\/api.w.org\/{rel}","templated":true}]}}