{"id":25887,"date":"2026-03-13T10:09:36","date_gmt":"2026-03-13T09:09:36","guid":{"rendered":"https:\/\/wncri.org\/fr\/?p=25887"},"modified":"2026-03-13T10:09:37","modified_gmt":"2026-03-13T09:09:37","slug":"lompi-publie-lidentite-de-82-combattants","status":"publish","type":"post","link":"https:\/\/wncri.org\/fr\/2026\/03\/13\/lompi-publie-lidentite-de-82-combattants\/","title":{"rendered":"Iran : l\u2019OMPI d\u00e9voile l\u2019identit\u00e9 de 82 combattants captur\u00e9s \u00e0 T\u00e9h\u00e9ran"},"content":{"rendered":"\n<h2 class=\"wp-block-heading\">Quatre femmes parmi les combattants de l\u2019OMPI disparus ou d\u00e9tenus depuis le 23 f\u00e9vrier<\/h2>\n\n\n\n<p><a href=\"https:\/\/english.mojahedin.org\/news\/pmoi-releases-the-names-of-mojahedin-arrested-and-missing-in-tehran\/\" target=\"_blank\" rel=\"noreferrer noopener\">L\u2019Organisation des Moudjahidines du Peuple d\u2019Iran<\/a> (OMPI) a rendu publics, ce 12 mars 2026, les noms de ses <a href=\"https:\/\/wncri.org\/fr\/2022\/12\/04\/une-femme-membre\/\" target=\"_blank\" rel=\"noreferrer noopener\">combattants<\/a> arr\u00eat\u00e9s ou port\u00e9s disparus \u00e0 la suite de l\u2019attaque men\u00e9e le 23 f\u00e9vrier 2026 contre le quartier g\u00e9n\u00e9ral du Guide supr\u00eame des mollahs, Ali Khamenei.<\/p>\n\n\n\n<p>Afin de prot\u00e9ger les personnes concern\u00e9es et de pr\u00e9venir de nouveaux abus, l\u2019OMPI a officiellement transmis cette liste au Rapporteur sp\u00e9cial des Nations Unies ainsi qu\u2019\u00e0 d\u2019autres autorit\u00e9s internationales comp\u00e9tentes.<\/p>\n\n\n\n<p><strong>Les quatre premiers noms de la liste des personnes d\u00e9clar\u00e9es d\u00e9tenues ou disparues depuis le 23 f\u00e9vrier sont ceux de femmes :<\/strong><\/p>\n\n\n\n<ul class=\"wp-block-list\">\n<li>Zahra Vahdati, 37 ans, n\u00e9e \u00e0 T\u00e9h\u00e9ran<\/li>\n\n\n\n<li>Gita Zamanpour, 44 ans, n\u00e9e \u00e0 T\u00e9h\u00e9ran<\/li>\n\n\n\n<li>Afsaneh Fard, 46 ans, n\u00e9e \u00e0 T\u00e9h\u00e9ran<\/li>\n\n\n\n<li>Flora Seifzadeh, 62 ans, n\u00e9e \u00e0 T\u00e9h\u00e9ran<\/li>\n\n\n\n<li>Kaveh Pour-Rostami, 18 ans, n\u00e9 \u00e0 Khalkhal<\/li>\n\n\n\n<li>Yasin Yari, 20 ans, n\u00e9 \u00e0 Karaj<\/li>\n\n\n\n<li>Ali Kashkouli, 20 ans, n\u00e9 \u00e0 T\u00e9h\u00e9ran<\/li>\n\n\n\n<li>Amir (nom de famille non divulgu\u00e9), 20 ans, n\u00e9 \u00e0 T\u00e9h\u00e9ran<\/li>\n\n\n\n<li>Ali (nom de famille non divulgu\u00e9), 20 ans, n\u00e9 \u00e0 T\u00e9h\u00e9ran<\/li>\n\n\n\n<li>Nima Bagherpour, 21 ans, n\u00e9 \u00e0 Chahr-e Qods<\/li>\n\n\n\n<li>Sasan Talaei, 21 ans, n\u00e9 \u00e0 T\u00e9h\u00e9ran<\/li>\n\n\n\n<li>Mohammad-Sam Mahmoudkhani, 22 ans, n\u00e9 \u00e0 Varamin<\/li>\n\n\n\n<li>Kourosh Alvandi, 22 ans, n\u00e9 \u00e0 T\u00e9h\u00e9ran<\/li>\n\n\n\n<li>Reza Kavandi, 22 ans, n\u00e9 \u00e0 Dezfoul (cameraman)<\/li>\n\n\n\n<li>Sajjad (nom de famille non divulgu\u00e9), 23 ans, n\u00e9 \u00e0 Chahr-e Qods<\/li>\n\n\n\n<li>Ahmad (nom de famille non divulgu\u00e9), 23 ans, n\u00e9 \u00e0 Fachafouyeh<\/li>\n\n\n\n<li>Hassan Ajori, 24 ans, n\u00e9 \u00e0 Chahriar<\/li>\n\n\n\n<li>Reza Kalashi, 24 ans, n\u00e9 \u00e0 T\u00e9h\u00e9ran<\/li>\n\n\n\n<li>Hossein (nom de famille non divulgu\u00e9), 24 ans, n\u00e9 \u00e0 Chahriar<\/li>\n\n\n\n<li>Hossein (nom de famille non divulgu\u00e9), 24 ans, n\u00e9 \u00e0 Karaj<\/li>\n\n\n\n<li>Hesam Bagheri, 25 ans, n\u00e9 \u00e0 T\u00e9h\u00e9ran<\/li>\n\n\n\n<li>Saman Atlasi, 25 ans, n\u00e9 \u00e0 T\u00e9h\u00e9ran<\/li>\n\n\n\n<li>Hesam Kalami, 25 ans, n\u00e9 \u00e0 T\u00e9h\u00e9ran<\/li>\n\n\n\n<li>Farzad Hassani, 26 ans, n\u00e9 \u00e0 T\u00e9h\u00e9ran<\/li>\n\n\n\n<li>Alireza Choubaki, 27 ans, n\u00e9 \u00e0 Karaj<\/li>\n\n\n\n<li>Hassan Souri, 28 ans, n\u00e9 \u00e0 T\u00e9h\u00e9ran<\/li>\n\n\n\n<li>Hassan Akbarinia, 28 ans, n\u00e9 \u00e0 Pakdacht<\/li>\n\n\n\n<li>Siamak Ashtiani, 28 ans, n\u00e9 \u00e0 T\u00e9h\u00e9ran<\/li>\n\n\n\n<li>Reza Kermani, 29 ans, n\u00e9 \u00e0 Fachafouyeh<\/li>\n\n\n\n<li>Bahram Jamali, 29 ans, n\u00e9 \u00e0 T\u00e9h\u00e9ran<\/li>\n\n\n\n<li>Bahram Nafarieh, 29 ans, n\u00e9 \u00e0 T\u00e9h\u00e9ran<\/li>\n\n\n\n<li>Ali Saeed Bazmandeh, 30 ans, n\u00e9 \u00e0 T\u00e9h\u00e9ran<\/li>\n\n\n\n<li>Amir Nezamfar, 30 ans, n\u00e9 \u00e0 T\u00e9h\u00e9ran<\/li>\n\n\n\n<li>Iman Khodaei, 31 ans, n\u00e9 \u00e0 T\u00e9h\u00e9ran<\/li>\n\n\n\n<li>Reza-Ali Heydarzadeh, 31 ans, n\u00e9 \u00e0 T\u00e9h\u00e9ran<\/li>\n\n\n\n<li>Ali Abbasi, 32 ans, n\u00e9 \u00e0 Varamin<\/li>\n\n\n\n<li>Mohsen Nabavi, 32 ans, n\u00e9 \u00e0 T\u00e9h\u00e9ran<\/li>\n\n\n\n<li>Masoud Razavi, 32 ans, n\u00e9 \u00e0 T\u00e9h\u00e9ran<\/li>\n\n\n\n<li>Masoud (nom de famille non divulgu\u00e9), 32 ans, n\u00e9 \u00e0 T\u00e9h\u00e9ran<\/li>\n\n\n\n<li>Mohammad (nom de famille non divulgu\u00e9), 32 ans, n\u00e9 \u00e0 Malard<\/li>\n\n\n\n<li>Soheil Ahmadvand, 33 ans, n\u00e9 \u00e0 T\u00e9h\u00e9ran<\/li>\n\n\n\n<li>Ali-Akbar Saket, 34 ans, n\u00e9 \u00e0 T\u00e9h\u00e9ran<\/li>\n\n\n\n<li>Saman Mohammadi, 34 ans, n\u00e9 \u00e0 Malard<\/li>\n\n\n\n<li>Amir Ansarifar, 35 ans, n\u00e9 \u00e0 T\u00e9h\u00e9ran<\/li>\n\n\n\n<li>Vahid (nom de famille non divulgu\u00e9), 35 ans, n\u00e9 \u00e0 Malard<\/li>\n\n\n\n<li>Behtash Sadeghpour, 35 ans, n\u00e9 \u00e0 Homayounchahr (cameraman)<\/li>\n\n\n\n<li>Ahmad Tamouei, 36 ans, n\u00e9 \u00e0 T\u00e9h\u00e9ran<\/li>\n\n\n\n<li>Bahram Torki, 36 ans, n\u00e9 \u00e0 Karaj<\/li>\n\n\n\n<li>Ehsan (nom de famille non divulgu\u00e9), 36 ans, n\u00e9 \u00e0 Malard<\/li>\n\n\n\n<li>Mohammad Atanik, 37 ans, n\u00e9 \u00e0 Hechtgerd<\/li>\n\n\n\n<li>Saeed Davari, 37 ans, n\u00e9 \u00e0 Karaj<\/li>\n\n\n\n<li>Belal Tohidlou, 38 ans, n\u00e9 \u00e0 Robat-Karim<\/li>\n\n\n\n<li>Mohammad Teymouri, 38 ans, n\u00e9 \u00e0 Ourmia<\/li>\n\n\n\n<li>Mohsen (nom de famille non divulgu\u00e9), 38 ans, n\u00e9 \u00e0 Hechtgerd<\/li>\n\n\n\n<li>Mostafa Taheri, 39 ans, n\u00e9 \u00e0 T\u00e9h\u00e9ran<\/li>\n\n\n\n<li>Hassan Khosravi, 39 ans, n\u00e9 \u00e0 Chahrekord<\/li>\n\n\n\n<li>Behnam Parsa, 40 ans, n\u00e9 \u00e0 T\u00e9h\u00e9ran<\/li>\n\n\n\n<li>Ali Gholipour, 40 ans, n\u00e9 \u00e0 Langaroud<\/li>\n\n\n\n<li>Mehdi Rahnamoun, 40 ans, n\u00e9 \u00e0 T\u00e9h\u00e9ran<\/li>\n\n\n\n<li>Hossein Hassani, 42 ans, n\u00e9 \u00e0 Karaj<\/li>\n\n\n\n<li>Hojjat Kalashi, 43 ans, n\u00e9 \u00e0 T\u00e9h\u00e9ran<\/li>\n\n\n\n<li>Mohammad-Ali Khanali, 44 ans, n\u00e9 \u00e0 T\u00e9h\u00e9ran<\/li>\n\n\n\n<li>Ehsan Lotfi, 44 ans, n\u00e9 \u00e0 T\u00e9h\u00e9ran<\/li>\n\n\n\n<li>Mohammad-Taghi Sobhani, 44 ans, n\u00e9 \u00e0 Racht<\/li>\n\n\n\n<li>Kazem Kalashi, 45 ans, n\u00e9 \u00e0 T\u00e9h\u00e9ran<\/li>\n\n\n\n<li>Mehdi Kalashi, 45 ans, n\u00e9 \u00e0 T\u00e9h\u00e9ran<\/li>\n\n\n\n<li>Ahmad Rayat, 45 ans, n\u00e9 \u00e0 Ghaemchahr<\/li>\n\n\n\n<li>Hassan Shirkhoda, 45 ans, n\u00e9 \u00e0 Ghaemchahr<\/li>\n\n\n\n<li>Amir-Hossein Rezaeifar, 45 ans, n\u00e9 \u00e0 T\u00e9h\u00e9ran<\/li>\n\n\n\n<li>Sadegh Jamshidi, 45 ans, n\u00e9 \u00e0 T\u00e9h\u00e9ran<\/li>\n\n\n\n<li>Vahid Babarajabi, 45 ans, n\u00e9 \u00e0 T\u00e9h\u00e9ran<\/li>\n\n\n\n<li>Ali-Mohammad Lebasi, 45 ans, n\u00e9 \u00e0 T\u00e9h\u00e9ran<\/li>\n\n\n\n<li>Ali-Mohammad Hosseini, 47 ans, n\u00e9 \u00e0 Karaj<\/li>\n\n\n\n<li>Reza Hosseini, 47 ans, n\u00e9 \u00e0 Machhad<\/li>\n\n\n\n<li>Mehdi Gholipour, 47 ans, n\u00e9 \u00e0 Langaroud<\/li>\n\n\n\n<li>Ali-Asghar Moghaddam, 48 ans, n\u00e9 \u00e0 T\u00e9h\u00e9ran<\/li>\n\n\n\n<li>Mahmoud Hosseini, 50 ans, n\u00e9 \u00e0 Saveh<\/li>\n\n\n\n<li>Omid Nornia, 50 ans, n\u00e9 \u00e0 T\u00e9h\u00e9ran<\/li>\n\n\n\n<li>Ehsan Fallahi, 51 ans, n\u00e9 \u00e0 Karaj<\/li>\n\n\n\n<li>Sohrab Ghamzadeh, 60 ans, n\u00e9 \u00e0 Lahidjan<\/li>\n\n\n\n<li>Rasoul Sadati, 66 ans, n\u00e9 \u00e0 Ghaemchahr<\/li>\n\n\n\n<li>Ahmad Mokhayyeri, 69 ans, n\u00e9 \u00e0 Gorgan<\/li>\n<\/ul>\n\n\n\n<h3 class=\"wp-block-heading\"><strong>Le r\u00e9gime redoute les r\u00e9percussions nationales et internationales de l\u2019op\u00e9ration<\/strong><\/h3>\n\n\n\n<p>Les autorit\u00e9s iraniennes n&#8217;ont divulgu\u00e9 publiquement aucun nom de d\u00e9tenu ou de personne tu\u00e9e lors de l\u2019op\u00e9ration. L\u2019OMPI affirme que ce silence traduit l\u2019inqui\u00e9tude du gouvernement face aux \u00e9ventuelles retomb\u00e9es nationales et internationales de l\u2019incident. Selon l\u2019organisation, cette absence d\u2019information vise \u00e0 occulter l\u2019ampleur de l\u2019op\u00e9ration ainsi que les failles r\u00e9v\u00e9l\u00e9es au sein du syst\u00e8me de s\u00e9curit\u00e9 du pays.<\/p>\n\n\n\n<p>L\u2019OMPI a appel\u00e9 le Rapporteur sp\u00e9cial de l\u2019ONU et les repr\u00e9sentants des organisations internationales de d\u00e9fense des droits humains \u00e0 obtenir un acc\u00e8s pour rencontrer les combattants d\u00e9tenus et examiner les corps des victimes.<\/p>\n\n\n\n<p>Dans une annonce distincte dat\u00e9e du 25 f\u00e9vrier, <a href=\"https:\/\/fr.ncr-iran.org\/actualites\/iran-resistance-2\/lompi-publie-les-noms-de-plus-de-80-membres-arretes-ou-portes-disparus-apres-loperation-menee-contre-le-quartier-general-de-khamenei\/\" target=\"_blank\" rel=\"noreferrer noopener\">l\u2019OMPI<\/a> a pr\u00e9cis\u00e9 que deux cameramans professionnels, charg\u00e9s de documenter l\u2019op\u00e9ration, sont toujours port\u00e9s disparus.<\/p>\n\n\n\n<h3 class=\"wp-block-heading\"><strong>Le complexe cibl\u00e9 au c\u0153ur de T\u00e9h\u00e9ran abrite plusieurs institutions cl\u00e9s<\/strong><\/h3>\n\n\n\n<p>Selon un communiqu\u00e9 du quartier g\u00e9n\u00e9ral de commandement de l\u2019organisation \u00e0 l\u2019int\u00e9rieur de l\u2019Iran, les affrontements ont d\u00e9but\u00e9 aux premi\u00e8res heures du lundi 23 f\u00e9vrier et se sont poursuivis jusqu\u2019\u00e0 l\u2019apr\u00e8s-midi. Lors des combats autour du quartier g\u00e9n\u00e9ral de Khamenei, plus de 100 combattants de l\u2019OMPI ont \u00e9t\u00e9 tu\u00e9s ou arr\u00eat\u00e9s lors de confrontations avec le corps des Gardiens de la r\u00e9volution.<\/p>\n\n\n\n<p>Plus de 150 combattants de l\u2019OMPI, qui avaient pris position dans le deuxi\u00e8me p\u00e9rim\u00e8tre de s\u00e9curit\u00e9 entourant le complexe, ont pu se retirer en toute s\u00e9curit\u00e9 et rejoindre leurs bases avant minuit, heure de T\u00e9h\u00e9ran, le lundi m\u00eame.<\/p>\n\n\n\n<p>Le complexe vis\u00e9 par l&#8217;op\u00e9ration, connu sous le nom de complexe Motahari, abrite plusieurs institutions strat\u00e9giques. Outre le bureau du Guide supr\u00eame, il comprend les bureaux et la r\u00e9sidence de Mojtaba Khamenei, le Conseil des gardiens, l\u2019Assembl\u00e9e des experts, les bureaux centraux du syst\u00e8me judiciaire et du minist\u00e8re des Renseignements, le Conseil supr\u00eame de s\u00e9curit\u00e9 nationale ainsi que le Conseil de discernement.<\/p>\n\n\n\n<p>D\u2019apr\u00e8s le communiqu\u00e9, l\u2019ampleur de l\u2019op\u00e9ration a permis de frapper l\u2019une des zones gouvernementales les plus fortifi\u00e9es du pays. Le complexe Motahari s\u2019\u00e9tend sur une superficie d\u2019environ 620 m\u00e8tres sur 770 et b\u00e9n\u00e9ficie d\u2019une infrastructure de s\u00e9curit\u00e9 massive. Pr\u00e8s de 8 000 agents, dont des membres du corps de protection Vali-e Amr des Gardiens de la r\u00e9volution et du corps Ansar al-Mahdi, sont charg\u00e9s de la surveillance du site.<\/p>\n\n\n\n<p>Le complexe est ceintur\u00e9 de murs en b\u00e9ton arm\u00e9 de quatre m\u00e8tres de haut, surmont\u00e9s de barri\u00e8res m\u00e9talliques con\u00e7ues pour contrer les drones et autres projectiles. Malgr\u00e9 ces dispositifs, les combattants de l\u2019OMPI ont r\u00e9ussi \u00e0 neutraliser plusieurs cam\u00e9ras de surveillance rotatives \u00e0 l\u2019aube, avec l\u2019aide de complicit\u00e9s internes au quartier g\u00e9n\u00e9ral. Selon certaines sources, les affrontements auraient caus\u00e9 des pertes importantes et entra\u00een\u00e9 un va-et-vient incessant d\u2019ambulances, sous escorte arm\u00e9e, jusqu\u2019au milieu de la journ\u00e9e.<\/p>\n","protected":false},"excerpt":{"rendered":"<p>Quatre femmes parmi les combattants de l\u2019OMPI disparus ou d\u00e9tenus depuis le 23 f\u00e9vrier L\u2019Organisation des Moudjahidines du Peuple d\u2019Iran (OMPI) a rendu publics, ce 12 mars 2026, les noms de ses combattants arr\u00eat\u00e9s ou port\u00e9s disparus \u00e0 la suite de l\u2019attaque men\u00e9e le 23 f\u00e9vrier 2026 contre le quartier g\u00e9n\u00e9ral du Guide supr\u00eame des [&hellip;]<\/p>\n","protected":false},"author":4,"featured_media":25888,"comment_status":"closed","ping_status":"closed","sticky":false,"template":"","format":"standard","meta":{"jnews-multi-image_gallery":[],"jnews_single_post":{"format":"standard"},"jnews_primary_category":[],"jnews_social_meta":[],"jnews_override_counter":[],"footnotes":""},"categories":[3],"tags":[],"class_list":["post-25887","post","type-post","status-publish","format-standard","has-post-thumbnail","hentry","category-infos-des-femmes"],"_links":{"self":[{"href":"https:\/\/wncri.org\/fr\/wp-json\/wp\/v2\/posts\/25887","targetHints":{"allow":["GET"]}}],"collection":[{"href":"https:\/\/wncri.org\/fr\/wp-json\/wp\/v2\/posts"}],"about":[{"href":"https:\/\/wncri.org\/fr\/wp-json\/wp\/v2\/types\/post"}],"author":[{"embeddable":true,"href":"https:\/\/wncri.org\/fr\/wp-json\/wp\/v2\/users\/4"}],"replies":[{"embeddable":true,"href":"https:\/\/wncri.org\/fr\/wp-json\/wp\/v2\/comments?post=25887"}],"version-history":[{"count":1,"href":"https:\/\/wncri.org\/fr\/wp-json\/wp\/v2\/posts\/25887\/revisions"}],"predecessor-version":[{"id":25889,"href":"https:\/\/wncri.org\/fr\/wp-json\/wp\/v2\/posts\/25887\/revisions\/25889"}],"wp:featuredmedia":[{"embeddable":true,"href":"https:\/\/wncri.org\/fr\/wp-json\/wp\/v2\/media\/25888"}],"wp:attachment":[{"href":"https:\/\/wncri.org\/fr\/wp-json\/wp\/v2\/media?parent=25887"}],"wp:term":[{"taxonomy":"category","embeddable":true,"href":"https:\/\/wncri.org\/fr\/wp-json\/wp\/v2\/categories?post=25887"},{"taxonomy":"post_tag","embeddable":true,"href":"https:\/\/wncri.org\/fr\/wp-json\/wp\/v2\/tags?post=25887"}],"curies":[{"name":"wp","href":"https:\/\/api.w.org\/{rel}","templated":true}]}}