{"id":25883,"date":"2026-03-12T21:43:23","date_gmt":"2026-03-12T20:43:23","guid":{"rendered":"https:\/\/wncri.org\/fr\/?p=25883"},"modified":"2026-03-13T10:05:11","modified_gmt":"2026-03-13T09:05:11","slug":"nahal-ahoo-ghalandari-mort-de-khamenei","status":"publish","type":"post","link":"https:\/\/wncri.org\/fr\/2026\/03\/12\/nahal-ahoo-ghalandari-mort-de-khamenei\/","title":{"rendered":"Nahal Ahoo Ghalandari tu\u00e9e \u00e0 Khorramabad apr\u00e8s avoir c\u00e9l\u00e9br\u00e9 la mort de Khamenei"},"content":{"rendered":"\n<h4 class=\"wp-block-heading\">Nahal Ahoo Ghalandari, une jeune femme originaire de Khorramabad, a \u00e9t\u00e9 abattue par des membres de la milice du Bassidj apr\u00e8s avoir, selon plusieurs informations concordantes, c\u00e9l\u00e9br\u00e9 la nouvelle de la mort de Khamenei.<\/h4>\n\n\n\n<p>Dans la soir\u00e9e du 28 f\u00e9vrier, Nahal Ahoo Ghalandari est sortie dans les rues avec plusieurs amis apr\u00e8s avoir appris la nouvelle de la mort de Khamenei.<\/p>\n\n\n\n<p>Le groupe s\u2019\u00e9tait rassembl\u00e9 pour c\u00e9l\u00e9brer cette information lorsque des forces du Bassidj les ont confront\u00e9s.<\/p>\n\n\n\n<p>Des membres du Bassidj auraient alors ouvert le feu sur le v\u00e9hicule dans lequel se trouvait le groupe. Au cours de la fusillade, une balle a atteint Ghalandari \u00e0 la poitrine. Elle a succomb\u00e9 \u00e0 ses blessures peu de temps apr\u00e8s.<\/p>\n\n\n\n<p>Ses amis seraient rest\u00e9s \u00e0 ses c\u00f4t\u00e9s jusqu\u2019\u00e0 l\u2019arriv\u00e9e des services m\u00e9dicaux d\u2019urgence, mais les tentatives pour la sauver ont \u00e9chou\u00e9. Plusieurs des personnes qui l\u2019accompagnaient ont \u00e9t\u00e9 arr\u00eat\u00e9es sur place par les forces du Bassidj.<\/p>\n\n\n\n<p>Apr\u00e8s sa mort, certaines institutions li\u00e9es \u00e0 l\u2019\u00c9tat auraient tent\u00e9 de pr\u00e9senter Ghalandari comme une \u00ab martyre \u00bb. Sa famille a toutefois rejet\u00e9 cat\u00e9goriquement cette qualification.<\/p>\n\n\n\n<h3 class=\"wp-block-heading\"><strong>Deux fr\u00e8res adolescents tu\u00e9s \u00e0 Fardis, Karaj<\/strong><\/h3>\n\n\n\n<p>Parall\u00e8lement, une vid\u00e9o diffus\u00e9e r\u00e9cemment sur les r\u00e9seaux sociaux montre une sc\u00e8ne troublante dans laquelle des forces de s\u00e9curit\u00e9 ouvrent le feu sur une voiture \u00e0 <a href=\"https:\/\/fr.wikipedia.org\/wiki\/Fardis\" target=\"_blank\" rel=\"noreferrer noopener\">Fardis<\/a>, dans la ville de Karaj.<\/p>\n\n\n\n<p>Dans cet incident, deux fr\u00e8res adolescents ont perdu la vie : Ahmadreza Feyzi, \u00e2g\u00e9 de 15 ans, et Amirhossein Feyzi, 19 ans.<\/p>\n\n\n\n<p>Selon des informations circulant sur les r\u00e9seaux sociaux, les deux fr\u00e8res se trouvaient dans une voiture avec leur famille apr\u00e8s la diffusion de la nouvelle de la <a href=\"https:\/\/wncri.org\/fr\/2026\/03\/01\/maryam-radjavi-la-mort-de-khamenei\/\" target=\"_blank\" rel=\"noreferrer noopener\">mort de Khamenei<\/a>. Des t\u00e9moins affirment qu\u2019apr\u00e8s avoir klaxonn\u00e9 dans la rue pour manifester leur c\u00e9l\u00e9bration, les forces de s\u00e9curit\u00e9 ont ouvert le feu sur leur v\u00e9hicule. Les deux fr\u00e8res ont \u00e9t\u00e9 mortellement touch\u00e9s par balles.<\/p>\n\n\n<div class=\"wp-block-image\">\n<figure class=\"aligncenter size-full\"><img decoding=\"async\" src=\"data:image\/gif;base64,R0lGODlhAQABAIAAAAAAAP\/\/\/yH5BAEAAAAALAAAAAABAAEAAAIBRAA7\" data-src=\"https:\/\/wncri.org\/fr\/wp-content\/uploads\/2026\/03\/NCRI-women_Amirhossien-and-Ahmadreza-Feyzi-1.jpg\" alt=\"Nahal Ahoo Ghalandari tu\u00e9e \u00e0 Khorramabad apr\u00e8s avoir c\u00e9l\u00e9br\u00e9 la mort de Khamenei\" class=\"wp-image-25885 lazyload\"\/><noscript><img decoding=\"async\" width=\"750\" height=\"375\" src=\"https:\/\/wncri.org\/fr\/wp-content\/uploads\/2026\/03\/NCRI-women_Amirhossien-and-Ahmadreza-Feyzi-1.jpg\" alt=\"Nahal Ahoo Ghalandari tu\u00e9e \u00e0 Khorramabad apr\u00e8s avoir c\u00e9l\u00e9br\u00e9 la mort de Khamenei\" class=\"wp-image-25885 lazyload\" srcset=\"https:\/\/wncri.org\/fr\/wp-content\/uploads\/2026\/03\/NCRI-women_Amirhossien-and-Ahmadreza-Feyzi-1.jpg 750w, https:\/\/wncri.org\/fr\/wp-content\/uploads\/2026\/03\/NCRI-women_Amirhossien-and-Ahmadreza-Feyzi-1-300x150.jpg 300w, https:\/\/wncri.org\/fr\/wp-content\/uploads\/2026\/03\/NCRI-women_Amirhossien-and-Ahmadreza-Feyzi-1-360x180.jpg 360w\" sizes=\"(max-width: 750px) 100vw, 750px\" \/><\/noscript><\/figure>\n<\/div>\n\n\n<h3 class=\"wp-block-heading\"><strong>Climat s\u00e9curitaire renforc\u00e9 apr\u00e8s la nouvelle de la mort de Khamenei<\/strong><\/h3>\n\n\n\n<p>Ces incidents surviennent dans un contexte d\u00e9j\u00e0 extr\u00eamement tendu en Iran, o\u00f9 la soci\u00e9t\u00e9 continue de subir une r\u00e9pression int\u00e9rieure intense, en parall\u00e8le des cons\u00e9quences des tensions militaires et des conflits.<\/p>\n\n\n\n<p>Certains citoyens affirment que, dans ce climat, la population est expos\u00e9e \u00e0 la fois \u00e0 la violence des forces de s\u00e9curit\u00e9 et aux effets plus larges de l\u2019instabilit\u00e9.<\/p>\n\n\n\n<p>La nouvelle de la mort de Khamenei a suscit\u00e9 des r\u00e9actions contrast\u00e9es dans diff\u00e9rentes r\u00e9gions du pays. Alors que les autorit\u00e9s ont cherch\u00e9 \u00e0 maintenir le contr\u00f4le en renfor\u00e7ant les mesures de s\u00e9curit\u00e9, des informations de presse indiquent que certains citoyens ont exprim\u00e9 leur c\u00e9l\u00e9bration dans plusieurs villes.<\/p>\n\n\n\n<p>Des observateurs estiment que ces r\u00e9actions ont accru l\u2019inqui\u00e9tude et la col\u00e8re parmi les responsables gouvernementaux et ont contribu\u00e9 \u00e0 un durcissement de la r\u00e9pression dans certaines zones. Selon des sources locales, les fusillades mortelles de Khorramabad et de Fardis, \u00e0 Karaj, se sont produites dans ce climat de r\u00e9pression renforc\u00e9e.<\/p>\n","protected":false},"excerpt":{"rendered":"<p>Nahal Ahoo Ghalandari, une jeune femme originaire de Khorramabad, a \u00e9t\u00e9 abattue par des membres de la milice du Bassidj apr\u00e8s avoir, selon plusieurs informations concordantes, c\u00e9l\u00e9br\u00e9 la nouvelle de la mort de Khamenei. Dans la soir\u00e9e du 28 f\u00e9vrier, Nahal Ahoo Ghalandari est sortie dans les rues avec plusieurs amis apr\u00e8s avoir appris la [&hellip;]<\/p>\n","protected":false},"author":4,"featured_media":25884,"comment_status":"closed","ping_status":"closed","sticky":false,"template":"","format":"standard","meta":{"jnews-multi-image_gallery":[],"jnews_single_post":{"format":"standard"},"jnews_primary_category":[],"jnews_social_meta":[],"jnews_override_counter":[],"footnotes":""},"categories":[3],"tags":[369],"class_list":["post-25883","post","type-post","status-publish","format-standard","has-post-thumbnail","hentry","category-infos-des-femmes","tag-manifestations"],"_links":{"self":[{"href":"https:\/\/wncri.org\/fr\/wp-json\/wp\/v2\/posts\/25883","targetHints":{"allow":["GET"]}}],"collection":[{"href":"https:\/\/wncri.org\/fr\/wp-json\/wp\/v2\/posts"}],"about":[{"href":"https:\/\/wncri.org\/fr\/wp-json\/wp\/v2\/types\/post"}],"author":[{"embeddable":true,"href":"https:\/\/wncri.org\/fr\/wp-json\/wp\/v2\/users\/4"}],"replies":[{"embeddable":true,"href":"https:\/\/wncri.org\/fr\/wp-json\/wp\/v2\/comments?post=25883"}],"version-history":[{"count":1,"href":"https:\/\/wncri.org\/fr\/wp-json\/wp\/v2\/posts\/25883\/revisions"}],"predecessor-version":[{"id":25886,"href":"https:\/\/wncri.org\/fr\/wp-json\/wp\/v2\/posts\/25883\/revisions\/25886"}],"wp:featuredmedia":[{"embeddable":true,"href":"https:\/\/wncri.org\/fr\/wp-json\/wp\/v2\/media\/25884"}],"wp:attachment":[{"href":"https:\/\/wncri.org\/fr\/wp-json\/wp\/v2\/media?parent=25883"}],"wp:term":[{"taxonomy":"category","embeddable":true,"href":"https:\/\/wncri.org\/fr\/wp-json\/wp\/v2\/categories?post=25883"},{"taxonomy":"post_tag","embeddable":true,"href":"https:\/\/wncri.org\/fr\/wp-json\/wp\/v2\/tags?post=25883"}],"curies":[{"name":"wp","href":"https:\/\/api.w.org\/{rel}","templated":true}]}}