{"id":25862,"date":"2026-03-11T21:26:07","date_gmt":"2026-03-11T20:26:07","guid":{"rendered":"https:\/\/wncri.org\/fr\/?p=25862"},"modified":"2026-03-11T21:26:09","modified_gmt":"2026-03-11T20:26:09","slug":"prison-de-qarchak-80-femmes-detenues","status":"publish","type":"post","link":"https:\/\/wncri.org\/fr\/2026\/03\/11\/prison-de-qarchak-80-femmes-detenues\/","title":{"rendered":"Prison de Qarchak : environ 80 femmes d\u00e9tenues lors du soul\u00e8vement de janvier vivent dans des conditions \u00e9prouvantes"},"content":{"rendered":"\n<h4 class=\"wp-block-heading\">Environ 80 femmes arr\u00eat\u00e9es lors du soul\u00e8vement de janvier sont actuellement d\u00e9tenues \u00e0 la prison de <a href=\"https:\/\/wncri.org\/fr\/2026\/01\/30\/prison-de-qarchak-femmes-manifestantes\/\" target=\"_blank\" rel=\"noreferrer noopener\">Qarchak<\/a>, selon des sources inform\u00e9es. L\u2019\u00e9tablissement ferait face \u00e0 une grave surpopulation ainsi qu\u2019\u00e0 une p\u00e9nurie de ressources de base.<\/h4>\n\n\n\n<p>Ces 80 d\u00e9tenues sont regroup\u00e9es dans une section compos\u00e9e de cinq cellules au sein d\u2019un seul quartier. Cet espace est jug\u00e9 insuffisant pour le nombre actuel de prisonni\u00e8res, ce qui entra\u00eene une promiscuit\u00e9 extr\u00eame. Nombre de ces femmes auraient \u00e9t\u00e9 arr\u00eat\u00e9es lors des manifestations de janvier ou alors qu&#8217;elles participaient \u00e0 des rassemblements \u00e0 la m\u00e9moire des victimes des manifestations au cimeti\u00e8re de Behesht-e Zahra.<\/p>\n\n\n\n<h3 class=\"wp-block-heading\"><strong>Conditions de vie pr\u00e9caires et g\u00e9n\u00e9ralisation du \u00ab couchage \u00e0 m\u00eame le sol \u00bb<\/strong><\/h3>\n\n\n\n<p>Les conditions de vie des d\u00e9tenues \u00e0 la prison de Qarchak sont d\u00e9crites comme extr\u00eamement difficiles. En raison du manque de lits et de l&#8217;exigu\u00eft\u00e9 des lieux, des dizaines de prisonni\u00e8res seraient contraintes de dormir \u00e0 m\u00eame le sol.<\/p>\n\n\n\n<p>Cette pratique, commun\u00e9ment appel\u00e9e \u00ab couchage \u00e0 m\u00eame le sol \u00bb en Iran, constitue un probl\u00e8me bien document\u00e9 au sein du syst\u00e8me p\u00e9nitentiaire du pays, o\u00f9 la surpopulation oblige les d\u00e9tenus \u00e0 se reposer par terre faute de lits. \u00c0 la prison de Qarchak, cette situation est devenue un d\u00e9fi majeur pour les femmes incarc\u00e9r\u00e9es.<\/p>\n\n\n\n<p>Le manque d&#8217;espace pour dormir, l&#8217;acc\u00e8s restreint aux produits d&#8217;hygi\u00e8ne et l&#8217;absence d&#8217;installations de bien-\u00eatre fondamentales engendrent des \u00e9preuves consid\u00e9rables dans le quotidien des prisonni\u00e8res.<\/p>\n\n\n\n<h3 class=\"wp-block-heading\"><strong>P\u00e9nurie de produits d&#8217;hygi\u00e8ne et de mat\u00e9riel sanitaire<\/strong><\/h3>\n\n\n\n<p>Selon des informations circulant sur la situation carc\u00e9rale, un manque important de produits d&#8217;hygi\u00e8ne et de mat\u00e9riel sanitaire est \u00e9galement \u00e0 d\u00e9plorer parmi les femmes d\u00e9tenues \u00e0 Qarchak. Les prisonni\u00e8res n\u2019auraient pas un acc\u00e8s suffisant aux produits de nettoyage et de d\u00e9sinfection de base.<\/p>\n\n\n\n<p>L&#8217;absence d&#8217;un assainissement ad\u00e9quat dans un environnement aussi dens\u00e9ment peupl\u00e9 accro\u00eet les risques d&#8217;\u00e9pid\u00e9mies et repr\u00e9sente une menace s\u00e9rieuse pour la sant\u00e9 des d\u00e9tenues.<\/p>\n\n\n\n<h3 class=\"wp-block-heading\"><strong>L&#8217;interruption des visites familiales suscite l&#8217;inqui\u00e9tude<\/strong><\/h3>\n\n\n\n<p>Une autre pr\u00e9occupation majeure concerne la suspension des visites familiales. Les visites en personne \u00e0 la prison de Qarchak auraient \u00e9t\u00e9 annul\u00e9es, privant de nombreuses d\u00e9tenues de tout contact avec leurs proches.<\/p>\n\n\n\n<p>En cons\u00e9quence, de nombreuses familles ne disposent que de tr\u00e8s peu d&#8217;informations fiables sur l&#8217;\u00e9tat de sant\u00e9 de leurs parents. Ces restrictions ont accentu\u00e9 l&#8217;angoisse des familles, d&#8217;autant plus que certaines femmes n&#8217;ont pas pu voir leurs proches depuis une p\u00e9riode prolong\u00e9e et que leurs contacts avec le monde ext\u00e9rieur sont devenus extr\u00eamement limit\u00e9s.<\/p>\n\n\n\n<h3 class=\"wp-block-heading\"><strong>Incertitude juridique pour les d\u00e9tenues du soul\u00e8vement de janvier<\/strong><\/h3>\n\n\n\n<p>Outre les conditions de vie et sanitaires d\u00e9plorables, plusieurs femmes <a href=\"https:\/\/fr.ncr-iran.org\/communiques-cnri\/iran-resistance\/manifestations-de-milliers-diraniens-en-europe-et-aux-etats-unis-en-soutien-a-lannonce-dun-gouvernement-provisoire-par-le-cnri\/\" target=\"_blank\" rel=\"noreferrer noopener\">arr\u00eat\u00e9es lors du soul\u00e8vement<\/a> de janvier sont confront\u00e9es \u00e0 une totale incertitude juridique.<\/p>\n\n\n\n<p>Certaines d\u00e9tenues auraient \u00e9t\u00e9 inform\u00e9es que leurs dossiers judiciaires ont \u00e9t\u00e9 \u00e9gar\u00e9s, et que l&#8217;examen de leur cas pourrait \u00eatre report\u00e9 au moins jusqu&#8217;en mai 2026.<\/p>\n\n\n\n<p>Cet \u00e9tat de flou juridique, combin\u00e9 \u00e0 la duret\u00e9 du r\u00e9gime carc\u00e9ral \u00e0 Qarchak, exerce une pression psychologique consid\u00e9rable sur les d\u00e9tenues et renforce les inqui\u00e9tudes quant \u00e0 leur sort.<\/p>\n","protected":false},"excerpt":{"rendered":"<p>Environ 80 femmes arr\u00eat\u00e9es lors du soul\u00e8vement de janvier sont actuellement d\u00e9tenues \u00e0 la prison de Qarchak, selon des sources inform\u00e9es. L\u2019\u00e9tablissement ferait face \u00e0 une grave surpopulation ainsi qu\u2019\u00e0 une p\u00e9nurie de ressources de base. Ces 80 d\u00e9tenues sont regroup\u00e9es dans une section compos\u00e9e de cinq cellules au sein d\u2019un seul quartier. Cet espace [&hellip;]<\/p>\n","protected":false},"author":4,"featured_media":21680,"comment_status":"closed","ping_status":"closed","sticky":false,"template":"","format":"standard","meta":{"jnews-multi-image_gallery":[],"jnews_single_post":{"format":"standard"},"jnews_primary_category":[],"jnews_social_meta":[],"jnews_override_counter":[],"footnotes":""},"categories":[8],"tags":[370],"class_list":["post-25862","post","type-post","status-publish","format-standard","has-post-thumbnail","hentry","category-articles","tag-prisonnieres"],"_links":{"self":[{"href":"https:\/\/wncri.org\/fr\/wp-json\/wp\/v2\/posts\/25862","targetHints":{"allow":["GET"]}}],"collection":[{"href":"https:\/\/wncri.org\/fr\/wp-json\/wp\/v2\/posts"}],"about":[{"href":"https:\/\/wncri.org\/fr\/wp-json\/wp\/v2\/types\/post"}],"author":[{"embeddable":true,"href":"https:\/\/wncri.org\/fr\/wp-json\/wp\/v2\/users\/4"}],"replies":[{"embeddable":true,"href":"https:\/\/wncri.org\/fr\/wp-json\/wp\/v2\/comments?post=25862"}],"version-history":[{"count":1,"href":"https:\/\/wncri.org\/fr\/wp-json\/wp\/v2\/posts\/25862\/revisions"}],"predecessor-version":[{"id":25863,"href":"https:\/\/wncri.org\/fr\/wp-json\/wp\/v2\/posts\/25862\/revisions\/25863"}],"wp:featuredmedia":[{"embeddable":true,"href":"https:\/\/wncri.org\/fr\/wp-json\/wp\/v2\/media\/21680"}],"wp:attachment":[{"href":"https:\/\/wncri.org\/fr\/wp-json\/wp\/v2\/media?parent=25862"}],"wp:term":[{"taxonomy":"category","embeddable":true,"href":"https:\/\/wncri.org\/fr\/wp-json\/wp\/v2\/categories?post=25862"},{"taxonomy":"post_tag","embeddable":true,"href":"https:\/\/wncri.org\/fr\/wp-json\/wp\/v2\/tags?post=25862"}],"curies":[{"name":"wp","href":"https:\/\/api.w.org\/{rel}","templated":true}]}}