{"id":25807,"date":"2026-03-06T19:32:32","date_gmt":"2026-03-06T18:32:32","guid":{"rendered":"https:\/\/wncri.org\/fr\/?p=25807"},"modified":"2026-03-13T21:49:13","modified_gmt":"2026-03-13T20:49:13","slug":"8-mars-les-femmes-iraniennes","status":"publish","type":"post","link":"https:\/\/wncri.org\/fr\/2026\/03\/06\/8-mars-les-femmes-iraniennes\/","title":{"rendered":"8 mars : les femmes iraniennes au c\u0153ur de la lutte pour la libert\u00e9"},"content":{"rendered":"\n<h4 class=\"wp-block-heading\">Le 8 mars : la Journ\u00e9e internationale des femmes et le r\u00f4le moteur des Iraniennes dans la lutte pour la libert\u00e9<\/h4>\n\n\n\n<p>Le <a href=\"https:\/\/wncri.org\/fr\/2025\/03\/03\/8-mars-la-journee-internationale-de-la-femme\/\" target=\"_blank\" rel=\"noreferrer noopener\">8 mars<\/a> est c\u00e9l\u00e9br\u00e9 dans le monde entier comme la Journ\u00e9e internationale des femmes, une date qui honore plus d&#8217;un si\u00e8cle de combat f\u00e9minin pour l&#8217;\u00e9galit\u00e9, la justice et les droits humains.<\/p>\n\n\n\n<p>Cette journ\u00e9e trouve ses racines au d\u00e9but du XXe si\u00e8cle, lorsque des travailleuses \u00e0 New York et en Europe ont manifest\u00e9 contre les discriminations, les in\u00e9galit\u00e9s salariales et les conditions de travail \u00e9prouvantes. En 1977, l&#8217;Organisation des Nations Unies a officiellement reconnu le 8 mars comme la Journ\u00e9e internationale des femmes, en faisant un symbole mondial de la lutte pour l&#8217;\u00e9galit\u00e9.<\/p>\n\n\n\n<p>Aujourd&#8217;hui, la <a href=\"https:\/\/www.unwomen.org\/fr\/rejoignez-nous\/journee-internationale-des-femmes\" target=\"_blank\" rel=\"noreferrer noopener\">Journ\u00e9e internationale des femmes<\/a> est bien plus qu&#8217;une simple date sur le calendrier, elle incarne la r\u00e9silience et la d\u00e9termination des femmes qui luttent pour un monde plus libre, plus juste et plus \u00e9quitable.<\/p>\n\n\n\n<h3 class=\"wp-block-heading\"><strong>La Journ\u00e9e internationale des femmes en Iran : les femmes ouvrent la voie vers la libert\u00e9<\/strong><\/h3>\n\n\n\n<p>Ces derni\u00e8res ann\u00e9es, les <a href=\"https:\/\/wncri.org\/fr\/2026\/02\/21\/maryam-radjavi-jif-2026\/\" target=\"_blank\" rel=\"noreferrer noopener\">femmes iraniennes se sont impos\u00e9es \u00e0 l&#8217;avant-garde<\/a> du changement social et politique. Elles ne se battent pas seulement pour leurs droits individuels et sociaux, mais aussi pour la libert\u00e9, la d\u00e9mocratie et la fin du r\u00e9gime autoritaire.<\/p>\n\n\n\n<p>Leur pr\u00e9sence dans les manifestations nationales prouve que les femmes sont le moteur de la soci\u00e9t\u00e9, et que sans elles, aucun mouvement de lib\u00e9ration en Iran ne peut aboutir. Au regard de la situation sociale en Iran et du r\u00f4le des femmes dans ce combat, toute alternative cr\u00e9dible au r\u00e9gime misogyne actuel doit d\u00e9fendre leur participation active et \u00e9gale aux responsabilit\u00e9s, tant pour renverser le pouvoir que pour l&#8217;\u00e8re qui suivra sa chute.<\/p>\n\n\n\n<h3 class=\"wp-block-heading\"><strong>Quel chemin les femmes iraniennes ont-elles parcouru ?<\/strong><\/h3>\n\n\n\n<p>Aujourd&#8217;hui, les Iraniennes ne se contentent plus de revendiquer des droits, elles sont les architectes d&#8217;un avenir nouveau et souverain. Elles ont d\u00e9montr\u00e9 qu&#8217;elles ne sont pas des victimes impuissantes, mais la v\u00e9ritable force du changement en Iran, engag\u00e9e pour :<\/p>\n\n\n\n<ul class=\"wp-block-list\">\n<li>Une participation r\u00e9elle au pouvoir et \u00e0 la prise de d\u00e9cision ;<\/li>\n\n\n\n<li>La libert\u00e9 de choix et l&#8217;\u00e9galit\u00e9 juridique ;<\/li>\n\n\n\n<li>Le consentement \u00e0 payer un prix lourd pour la justice et la libert\u00e9.<\/li>\n<\/ul>\n\n\n\n<p>Cette conscience et cette bravoure constituent le socle d&#8217;un futur Iran libre et garantissent l&#8217;\u00e9galit\u00e9 des droits pour les femmes dans l&#8217;Iran de demain.<\/p>\n\n\n\n<h3 class=\"wp-block-heading\"><strong>Le prix \u00e9lev\u00e9 de la libert\u00e9<\/strong><\/h3>\n\n\n\n<p>Le chemin vers la libert\u00e9 et l&#8217;\u00e9galit\u00e9 en Iran n&#8217;a jamais \u00e9t\u00e9 facile. De nombreuses femmes d\u00e9fendant les droits humains fondamentaux ont fait face \u00e0 l&#8217;emprisonnement, \u00e0 l&#8217;oppression, aux menaces s\u00e9curitaires et m\u00eame \u00e0 la mort.<\/p>\n\n\n\n<p>Depuis les ann\u00e9es 1980, des dizaines de milliers de femmes ont perdu la vie dans la lutte contre le r\u00e9gime cl\u00e9rical. Les g\u00e9n\u00e9rations suivantes ont \u00e9galement pay\u00e9 le prix ultime lors des soul\u00e8vements successifs de 1999, 2009, 2017, 2019, 2020, 2022 et 2026.<\/p>\n\n\n\n<p>Ces sacrifices, consentis par des <a href=\"https:\/\/wncri.org\/fr\/2026\/01\/25\/femmes-soulevement-janvier-2026-iran\/\" target=\"_blank\" rel=\"noreferrer noopener\">femmes de tous \u00e2ges<\/a> et de toutes origines sociales ou ethniques, soulignent la profondeur de leur engagement et d\u00e9montrent que cette lutte se poursuit avec courage, lucidit\u00e9 et r\u00e9silience. Les meilleurs fils et filles de l&#8217;Iran n&#8217;ont pas donn\u00e9 leur vie pour passer d&#8217;une tyrannie religieuse \u00e0 un retour vers une dictature monarchique. La seule voie est celle du progr\u00e8s vers un avenir d\u00e9mocratique et radieux.<\/p>\n\n\n\n<h3 class=\"wp-block-heading\"><strong>Le voyage continue : aucun recul possible<\/strong><\/h3>\n\n\n\n<p>Le mouvement des femmes iraniennes n&#8217;est pas un ph\u00e9nom\u00e8ne temporaire. Il est aussi ancien que le mouvement national qui cherche \u00e0 instaurer la d\u00e9mocratie en Iran depuis 120 ans. Les femmes d&#8217;Iran ont march\u00e9 au rythme de ce mouvement national, ce qui a \u00e9t\u00e9 la cl\u00e9 de leur progression et de leur \u00e9mancipation.<\/p>\n\n\n\n<p>Les Iraniennes ne sont pas les victimes sans d\u00e9fense des dictateurs, elles combattent en premi\u00e8re ligne de la r\u00e9volution d\u00e9mocratique en Iran. Elles poursuivront leur route et ne reculeront jamais tant que l&#8217;objectif ultime, une soci\u00e9t\u00e9 d\u00e9mocratique, \u00e9gale et libre, ne sera pas atteint.<\/p>\n\n\n\n<h3 class=\"wp-block-heading\"><strong>Le r\u00f4le de la communaut\u00e9 internationale<\/strong><\/h3>\n\n\n\n<p>La communaut\u00e9 mondiale ne peut rester indiff\u00e9rente \u00e0 ce qui se passe en Iran. Soutenir les revendications du peuple iranien, et particuli\u00e8rement des femmes, n&#8217;est pas seulement une responsabilit\u00e9 morale, c&#8217;est une d\u00e9fense des droits humains fondamentaux. Reconna\u00eetre le droit l\u00e9gitime du peuple, des femmes et de la jeunesse d&#8217;Iran \u00e0 lutter et \u00e0 renverser le r\u00e9gime cl\u00e9rical est un acte de solidarit\u00e9 essentiel.<\/p>\n\n\n\n<p>Il faut admettre que seul le peuple iranien d\u00e9tient le droit l\u00e9gitime de d\u00e9terminer l&#8217;avenir politique de son pays. Aucun avenir pour l&#8217;Iran ne peut \u00eatre fa\u00e7onn\u00e9 de l&#8217;ext\u00e9rieur.<\/p>\n\n\n\n<p>Soutenir l&#8217;alternative d\u00e9mocratique ne revient pas seulement \u00e0 se tenir aux c\u00f4t\u00e9s des aspirations du peuple iranien, c&#8217;est aussi une n\u00e9cessit\u00e9 dans la lutte contre le terrorisme et pour l&#8217;\u00e9tablissement de la paix et de la stabilit\u00e9 dans la r\u00e9gion et dans le monde. Les ambassades du r\u00e9gime, qui sont des centres d&#8217;espionnage et de terrorisme, doivent \u00eatre ferm\u00e9es dans tous les pays.<\/p>\n\n\n\n<p>Les actions politiques, m\u00e9diatiques et juridiques peuvent amplifier la voix des femmes iraniennes \u00e0 travers le monde et accro\u00eetre la pression sur le r\u00e9gime cl\u00e9rical oppressif.<\/p>\n\n\n\n<h3 class=\"wp-block-heading\"><strong>Le message mondial du 8 mars<\/strong><\/h3>\n\n\n\n<p>Le 8 mars n&#8217;est pas seulement un rappel du pass\u00e9, c&#8217;est le symbole d&#8217;un avenir lib\u00e9r\u00e9 de l&#8217;oppression o\u00f9 tous les citoyens sont \u00e9gaux devant la loi. Les femmes iraniennes, par leur courage et leur d\u00e9termination, ont ouvert la voie au changement, et le monde constate qu&#8217;aucune force ne peut arr\u00eater ce mouvement.<\/p>\n\n\n\n<p>Cette Journ\u00e9e internationale des femmes appartient aux femmes et aux jeunes d&#8217;Iran qui ont sacrifi\u00e9 leur vie et <a href=\"https:\/\/wncri.org\/fr\/2026\/01\/23\/femmes-et-des-filles-crime\/\" target=\"_blank\" rel=\"noreferrer noopener\">pay\u00e9 le prix fort<\/a> pour la libert\u00e9 en janvier dernier.<\/p>\n\n\n\n<p>Partout dans le monde, les personnes \u00e9prises de justice, et particuli\u00e8rement les femmes conscientes, comprennent que leur destin ne doit jamais \u00eatre remis entre les mains d&#8217;un dictateur \u00e0 vie, et que la libert\u00e9, la dignit\u00e9 et l&#8217;\u00e9galit\u00e9 sont des droits inali\u00e9nables pour tous les \u00eatres humains.<\/p>\n","protected":false},"excerpt":{"rendered":"<p>Le 8 mars : la Journ\u00e9e internationale des femmes et le r\u00f4le moteur des Iraniennes dans la lutte pour la libert\u00e9 Le 8 mars est c\u00e9l\u00e9br\u00e9 dans le monde entier comme la Journ\u00e9e internationale des femmes, une date qui honore plus d&#8217;un si\u00e8cle de combat f\u00e9minin pour l&#8217;\u00e9galit\u00e9, la justice et les droits humains. Cette [&hellip;]<\/p>\n","protected":false},"author":4,"featured_media":25808,"comment_status":"closed","ping_status":"closed","sticky":false,"template":"","format":"standard","meta":{"jnews-multi-image_gallery":[],"jnews_single_post":{"format":"standard"},"jnews_primary_category":[],"jnews_social_meta":[],"jnews_override_counter":[],"footnotes":""},"categories":[8],"tags":[373],"class_list":["post-25807","post","type-post","status-publish","format-standard","has-post-thumbnail","hentry","category-articles","tag-le-leadership-des-femmes"],"_links":{"self":[{"href":"https:\/\/wncri.org\/fr\/wp-json\/wp\/v2\/posts\/25807","targetHints":{"allow":["GET"]}}],"collection":[{"href":"https:\/\/wncri.org\/fr\/wp-json\/wp\/v2\/posts"}],"about":[{"href":"https:\/\/wncri.org\/fr\/wp-json\/wp\/v2\/types\/post"}],"author":[{"embeddable":true,"href":"https:\/\/wncri.org\/fr\/wp-json\/wp\/v2\/users\/4"}],"replies":[{"embeddable":true,"href":"https:\/\/wncri.org\/fr\/wp-json\/wp\/v2\/comments?post=25807"}],"version-history":[{"count":1,"href":"https:\/\/wncri.org\/fr\/wp-json\/wp\/v2\/posts\/25807\/revisions"}],"predecessor-version":[{"id":25809,"href":"https:\/\/wncri.org\/fr\/wp-json\/wp\/v2\/posts\/25807\/revisions\/25809"}],"wp:featuredmedia":[{"embeddable":true,"href":"https:\/\/wncri.org\/fr\/wp-json\/wp\/v2\/media\/25808"}],"wp:attachment":[{"href":"https:\/\/wncri.org\/fr\/wp-json\/wp\/v2\/media?parent=25807"}],"wp:term":[{"taxonomy":"category","embeddable":true,"href":"https:\/\/wncri.org\/fr\/wp-json\/wp\/v2\/categories?post=25807"},{"taxonomy":"post_tag","embeddable":true,"href":"https:\/\/wncri.org\/fr\/wp-json\/wp\/v2\/tags?post=25807"}],"curies":[{"name":"wp","href":"https:\/\/api.w.org\/{rel}","templated":true}]}}