{"id":25802,"date":"2026-03-04T16:19:39","date_gmt":"2026-03-04T15:19:39","guid":{"rendered":"https:\/\/wncri.org\/fr\/?p=25802"},"modified":"2026-03-05T16:23:09","modified_gmt":"2026-03-05T15:23:09","slug":"helena-carreiras-a-liwd-2026","status":"publish","type":"post","link":"https:\/\/wncri.org\/fr\/2026\/03\/04\/helena-carreiras-a-liwd-2026\/","title":{"rendered":"Helena Carreiras \u00e0 l&#8217;IWD 2026 : le leadership f\u00e9minin"},"content":{"rendered":"\n<h2 class=\"wp-block-heading\">Helena Carreiras \u00e0 l\u2019IWD 2026 : le soul\u00e8vement de janvier, fruit de quatre d\u00e9cennies de r\u00e9sistance et du leadership des femmes dans les unit\u00e9s de r\u00e9sistance<\/h2>\n\n\n\n<h4 class=\"wp-block-heading\">Le samedi 21 f\u00e9vrier 2026, \u00e0 la veille du 8 mars, Journ\u00e9e internationale des femmes, la Commission des Femmes du CNRI a organis\u00e9 \u00e0 Paris une conf\u00e9rence internationale intitul\u00e9e \u00ab Le leadership des femmes : un imp\u00e9ratif pour un Iran libre et une r\u00e9publique d\u00e9mocratique \u00bb. La <a href=\"https:\/\/wncri.org\/fr\/2026\/02\/22\/conference-le-leadership-des-femmes\/\" target=\"_blank\" rel=\"noreferrer noopener\">conf\u00e9rence<\/a>, \u00e0 laquelle participaient des parlementaires, des universitaires, des chercheuses et d\u2019\u00e9minentes personnalit\u00e9s politiques, s\u2019est concentr\u00e9e sur la participation politique et le leadership des femmes comme \u00e9l\u00e9ments d\u00e9cisifs d\u2019une soci\u00e9t\u00e9 d\u00e9mocratique.<\/h4>\n\n\n\n<p>Helena Carreiras, ancienne ministre de la D\u00e9fense du Portugal (2022-2024), \u00e9tait pr\u00e9sente \u00e0 cette conf\u00e9rence et y a prononc\u00e9 un discours. En voici le texte int\u00e9gral :<\/p>\n\n\n\n<h3 class=\"wp-block-heading\"><strong>Helena Carreiras : la lutte des femmes iraniennes importe plus que jamais dans un monde domin\u00e9 par les autocraties<\/strong><\/h3>\n\n\n\n<p>Ch\u00e8re Pr\u00e9sidente Radjavi, chers amis, je viens du Portugal, un pays qui a surv\u00e9cu \u00e0 50 ans de r\u00e9gime autoritaire, un pays qui a instaur\u00e9 la d\u00e9mocratie gr\u00e2ce \u00e0 une r\u00e9volution en 1974 et qui l&#8217;a pr\u00e9serv\u00e9e depuis un demi-si\u00e8cle. Nous avons appris le prix de la libert\u00e9 et nous en avons \u00e9galement appr\u00e9ci\u00e9 les bienfaits. Les femmes ont jou\u00e9 un r\u00f4le vital dans cette lutte, tout comme elles le font en Iran, en menant les protestations, en r\u00e9sistant \u00e0 la r\u00e9pression et en maintenant le combat de g\u00e9n\u00e9ration en g\u00e9n\u00e9ration. Nous sommes ici pour les c\u00e9l\u00e9brer et les soutenir.<\/p>\n\n\n\n<p>Ce soir, j&#8217;aimerais partager deux points avec vous. Le premier concerne la signification de ce combat. Il repr\u00e9sente bien plus qu&#8217;une qu\u00eate fondamentale de droits et de justice contre un r\u00e9gime oppressif qui a ni\u00e9 aux femmes toute autonomie et toute dignit\u00e9. Pour le peuple iranien et pour nous tous, il incarne l\u2019espoir d&#8217;un avenir lib\u00e9r\u00e9 des dictateurs et des tyrans, un monde o\u00f9 la d\u00e9mocratie peut \u00eatre r\u00e9invent\u00e9e et triompher, un monde qui est actuellement menac\u00e9.<\/p>\n\n\n\n<p>Il repr\u00e9sente la victoire de l&#8217;action collective sur la r\u00e9action fragment\u00e9e. \u00c0 l&#8217;image des vagues de protestations pr\u00e9c\u00e9dentes en Iran, le soul\u00e8vement de cette ann\u00e9e est aussi le r\u00e9sultat de plus de quatre d\u00e9cennies de r\u00e9sistance organis\u00e9e, d&#8217;une coordination nationale et du r\u00f4le croissant des unit\u00e9s de r\u00e9sistance, dont beaucoup sont dirig\u00e9es ou compos\u00e9es en grande partie par des femmes. Il repr\u00e9sente la victoire de l&#8217;espoir sur la peur, de la compassion sur le d\u00e9sespoir, de la solidarit\u00e9 sur la division.<\/p>\n\n\n\n<p>\u00c0 une \u00e9poque o\u00f9 les autocraties sont plus nombreuses que les d\u00e9mocraties \u00e0 travers le monde, o\u00f9 l&#8217;on br\u00fble des livres, o\u00f9 les mots sont censur\u00e9s et les opposants r\u00e9duits au silence, alors que nos d\u00e9mocraties s&#8217;\u00e9rodent de l&#8217;int\u00e9rieur et que beaucoup abandonnent et perdent confiance, le sens de la lutte des femmes iraniennes est plus important que jamais. Nous devons nous exprimer. Pour chaque goutte de sang vers\u00e9e, nous devons \u00e9lever la voix.<\/p>\n\n\n\n<p>Si nous savons que les mots seuls n&#8217;arr\u00eatent pas les tyrans, nous savons aussi que le silence les renforce. La paix et la justice ne peuvent \u00e9merger que de l&#8217;unit\u00e9, du courage et d&#8217;une action opportune, et non de l&#8217;indiff\u00e9rence des t\u00e9moins.<\/p>\n\n\n<div class=\"wp-block-image\">\n<figure class=\"aligncenter size-full\"><img decoding=\"async\" src=\"data:image\/gif;base64,R0lGODlhAQABAIAAAAAAAP\/\/\/yH5BAEAAAAALAAAAAABAAEAAAIBRAA7\" data-src=\"https:\/\/wncri.org\/fr\/wp-content\/uploads\/2026\/03\/NCRI-Women-Helena-Carreiras-IWD-2026_2-1.jpg\" alt=\"Helena Carreiras \u00e0 l'IWD 2026 : le leadership f\u00e9minin\" class=\"wp-image-25804 lazyload\"\/><noscript><img decoding=\"async\" width=\"750\" height=\"375\" src=\"https:\/\/wncri.org\/fr\/wp-content\/uploads\/2026\/03\/NCRI-Women-Helena-Carreiras-IWD-2026_2-1.jpg\" alt=\"Helena Carreiras \u00e0 l'IWD 2026 : le leadership f\u00e9minin\" class=\"wp-image-25804 lazyload\" srcset=\"https:\/\/wncri.org\/fr\/wp-content\/uploads\/2026\/03\/NCRI-Women-Helena-Carreiras-IWD-2026_2-1.jpg 750w, https:\/\/wncri.org\/fr\/wp-content\/uploads\/2026\/03\/NCRI-Women-Helena-Carreiras-IWD-2026_2-1-300x150.jpg 300w, https:\/\/wncri.org\/fr\/wp-content\/uploads\/2026\/03\/NCRI-Women-Helena-Carreiras-IWD-2026_2-1-360x180.jpg 360w\" sizes=\"(max-width: 750px) 100vw, 750px\" \/><\/noscript><\/figure>\n<\/div>\n\n\n<h3 class=\"wp-block-heading\"><strong>Helena Carreiras : l&#8217;Iran a besoin de dirigeants dot\u00e9s d&#8217;une l\u00e9gitimit\u00e9 populaire, et non d&#8217;un r\u00e9gime h\u00e9r\u00e9ditaire<\/strong><\/h3>\n\n\n\n<p>Mon second point concerne le leadership. Bien que les termes puissent se ressembler, la d\u00e9mocratie ne s&#8217;accorde pas avec la dynastie. L&#8217;Iran a besoin de dirigeants l\u00e9gitim\u00e9s par le peuple et agissant sur la base d&#8217;un choix d\u00e9mocratique. Maryam Radjavi se tient \u00e0 l&#8217;avant-garde du mouvement de r\u00e9sistance iranien. Son leadership a \u00e9t\u00e9 d\u00e9terminant pour favoriser l&#8217;\u00e9mergence d&#8217;une g\u00e9n\u00e9ration de femmes leaders, tant sur la sc\u00e8ne politique que dans la confrontation directe avec le r\u00e9gime au travers des <a href=\"https:\/\/www.maryam-rajavi.com\/fr\/lompi-un-tresor-national-de-lhistoire-de-liran\/\" target=\"_blank\" rel=\"noreferrer noopener\">unit\u00e9s de r\u00e9sistance.<\/a><\/p>\n\n\n\n<p>Son plan en <a href=\"https:\/\/wncri.org\/fr\/plan-en-10-points-pour-liran\/\" target=\"_blank\" rel=\"noreferrer noopener\">dix points<\/a> pour un Iran libre appelle \u00e0 la s\u00e9paration de la religion et de l&#8217;\u00c9tat, \u00e0 une \u00e9galit\u00e9 totale entre les sexes, aux libert\u00e9s individuelles, \u00e0 l&#8217;abolition de la peine de mort et \u00e0 une r\u00e9publique non nucl\u00e9aire. Cette vision a re\u00e7u le soutien de milliers de l\u00e9gislateurs internationaux et de d\u00e9fenseurs des droits humains, y compris d\u2019\u00e9minentes femmes, dont beaucoup sont ici avec nous aujourd&#8217;hui.<\/p>\n\n\n\n<p>En tant que premi\u00e8re femme \u00e0 avoir occup\u00e9 le poste de ministre de la D\u00e9fense dans mon pays, je peux t\u00e9moigner de l&#8217;importance et de la responsabilit\u00e9 de pr\u00f4ner l&#8217;exemple. C&#8217;est ce que fait Maryam Radjavi, en s&#8217;engageant pour les valeurs fondamentales de la d\u00e9mocratie, des droits humains et, en fin de compte, pour la volont\u00e9 du peuple.<\/p>\n\n\n\n<p>Puisse cette volont\u00e9 triompher et apporter un avenir meilleur \u00e0 tous les Iraniens.<\/p>\n","protected":false},"excerpt":{"rendered":"<p>Helena Carreiras \u00e0 l\u2019IWD 2026 : le soul\u00e8vement de janvier, fruit de quatre d\u00e9cennies de r\u00e9sistance et du leadership des femmes dans les unit\u00e9s de r\u00e9sistance Le samedi 21 f\u00e9vrier 2026, \u00e0 la veille du 8 mars, Journ\u00e9e internationale des femmes, la Commission des Femmes du CNRI a organis\u00e9 \u00e0 Paris une conf\u00e9rence internationale intitul\u00e9e [&hellip;]<\/p>\n","protected":false},"author":4,"featured_media":25803,"comment_status":"closed","ping_status":"closed","sticky":false,"template":"","format":"standard","meta":{"jnews-multi-image_gallery":[],"jnews_single_post":{"format":"standard"},"jnews_primary_category":[],"jnews_social_meta":[],"jnews_override_counter":[],"footnotes":""},"categories":[26],"tags":[373],"class_list":["post-25802","post","type-post","status-publish","format-standard","has-post-thumbnail","hentry","category-conference-du-8-mars","tag-le-leadership-des-femmes"],"_links":{"self":[{"href":"https:\/\/wncri.org\/fr\/wp-json\/wp\/v2\/posts\/25802","targetHints":{"allow":["GET"]}}],"collection":[{"href":"https:\/\/wncri.org\/fr\/wp-json\/wp\/v2\/posts"}],"about":[{"href":"https:\/\/wncri.org\/fr\/wp-json\/wp\/v2\/types\/post"}],"author":[{"embeddable":true,"href":"https:\/\/wncri.org\/fr\/wp-json\/wp\/v2\/users\/4"}],"replies":[{"embeddable":true,"href":"https:\/\/wncri.org\/fr\/wp-json\/wp\/v2\/comments?post=25802"}],"version-history":[{"count":1,"href":"https:\/\/wncri.org\/fr\/wp-json\/wp\/v2\/posts\/25802\/revisions"}],"predecessor-version":[{"id":25805,"href":"https:\/\/wncri.org\/fr\/wp-json\/wp\/v2\/posts\/25802\/revisions\/25805"}],"wp:featuredmedia":[{"embeddable":true,"href":"https:\/\/wncri.org\/fr\/wp-json\/wp\/v2\/media\/25803"}],"wp:attachment":[{"href":"https:\/\/wncri.org\/fr\/wp-json\/wp\/v2\/media?parent=25802"}],"wp:term":[{"taxonomy":"category","embeddable":true,"href":"https:\/\/wncri.org\/fr\/wp-json\/wp\/v2\/categories?post=25802"},{"taxonomy":"post_tag","embeddable":true,"href":"https:\/\/wncri.org\/fr\/wp-json\/wp\/v2\/tags?post=25802"}],"curies":[{"name":"wp","href":"https:\/\/api.w.org\/{rel}","templated":true}]}}