{"id":25790,"date":"2026-03-04T16:00:25","date_gmt":"2026-03-04T15:00:25","guid":{"rendered":"https:\/\/wncri.org\/fr\/?p=25790"},"modified":"2026-03-05T16:05:29","modified_gmt":"2026-03-05T15:05:29","slug":"prison-devin-prisonniers-politiques","status":"publish","type":"post","link":"https:\/\/wncri.org\/fr\/2026\/03\/04\/prison-devin-prisonniers-politiques\/","title":{"rendered":"Iran : Frappes sur la prison d&#8217;Evin et danger pour les d\u00e9tenus"},"content":{"rendered":"\n<h2 class=\"wp-block-heading\"><strong>Prison d&#8217;Evin : les frappes a\u00e9riennes font craindre pour la s\u00e9curit\u00e9 des d\u00e9tenus<\/strong><\/h2>\n\n\n\n<h4 class=\"wp-block-heading\">Aux premi\u00e8res heures du mardi 3 mars 2026, les environs de l\u2019universit\u00e9 Imam Hossein \u00e0 T\u00e9h\u00e9ran et une partie du mur d&#8217;enceinte de la <a href=\"https:\/\/wncri.org\/fr\/2021\/12\/10\/les-conditions-des-femmes-prisons\/\">prison <\/a><a href=\"https:\/\/wncri.org\/fr\/2021\/12\/10\/les-conditions-des-femmes-prisons\/\" target=\"_blank\" rel=\"noreferrer noopener\">d<\/a><a href=\"https:\/\/wncri.org\/fr\/2021\/12\/10\/les-conditions-des-femmes-prisons\/\">&#8216;Evin<\/a> ont \u00e9t\u00e9 la cible de frappes a\u00e9riennes. Des sections du mur de la prison ont \u00e9t\u00e9 endommag\u00e9es. \u00c0 l&#8217;heure o\u00f9 nous \u00e9crivons ces lignes, aucune information v\u00e9rifi\u00e9e n&#8217;a \u00e9t\u00e9 communiqu\u00e9e concernant l&#8217;\u00e9tat des prisonniers ou d&#8217;\u00e9ventuelles victimes.<\/h4>\n\n\n\n<p>Cet incident place une nouvelle fois la s\u00e9curit\u00e9 des personnes incarc\u00e9r\u00e9es \u00e0 Evin, tout particuli\u00e8rement celle des prisonniers politiques, notamment quelque 200 prisonni\u00e8res politiques et des personnes interpell\u00e9es lors du soul\u00e8vement de janvier, au c\u0153ur des pr\u00e9occupations du public face \u00e0 l&#8217;escalade des menaces militaires.<\/p>\n\n\n\n<h3 class=\"wp-block-heading\"><strong>Le personnel p\u00e9nitentiaire a d\u00e9sert\u00e9 les lieux, laissant les prisonniers derri\u00e8re des portes verrouill\u00e9es<\/strong><\/h3>\n\n\n\n<p>D\u2019apr\u00e8s des informations de presse, une situation d\u2019urgence pr\u00e9vaut \u00e0 la prison d\u2019Evin depuis le 28 f\u00e9vrier 2026, perturbant ses op\u00e9rations administratives habituelles. Des sources inform\u00e9es d\u00e9crivent de graves restrictions concernant l&#8217;acc\u00e8s des d\u00e9tenus \u00e0 la nourriture et aux fournitures essentielles. Il est \u00e9galement rapport\u00e9 par plusieurs sources m\u00e9diatiques que le personnel administratif a quitt\u00e9 les lieux alors que les portes de la prison demeurent verrouill\u00e9es. La fermeture du magasin de la prison a encore accentu\u00e9 les difficult\u00e9s \u00e9prouv\u00e9es par les d\u00e9tenus.<\/p>\n\n\n\n<h3 class=\"wp-block-heading\"><strong>Appels \u00e0 une action imm\u00e9diate pour pr\u00e9venir une catastrophe humanitaire<\/strong><\/h3>\n\n\n\n<p>Dans un message publi\u00e9 sur le r\u00e9seau social X, Mme Maryam Radjavi, pr\u00e9sidente \u00e9lue de la <a href=\"https:\/\/www.maryam-rajavi.com\/fr\/interim-session-of-the-national-council-of-resistance-of-iran\/\" target=\"_blank\" rel=\"noreferrer noopener\">Commission des Femmes du CNRI<\/a>, a exhort\u00e9 la communaut\u00e9 internationale et les organisations de d\u00e9fense des droits humains \u00e0 exiger la lib\u00e9ration imm\u00e9diate de tous les prisonniers, en particulier des d\u00e9tenus politiques. Elle a soulign\u00e9 que, dans des conditions de bombardement, la vie des prisonniers est plus que jamais en danger.<\/p>\n\n\n\n<figure class=\"wp-block-embed is-type-rich is-provider-twitter wp-block-embed-twitter\"><div class=\"wp-block-embed__wrapper\">\n<blockquote class=\"twitter-tweet\" data-width=\"500\" data-dnt=\"true\"><p lang=\"fr\" dir=\"ltr\">Au plus fort des bombardements en Iran, la vie des prisonniers est plus que jamais en danger. Le maintien en d\u00e9tention des prisonniers par le r\u00e9gime des mollahs dans ces conditions constitue un crime aggrav\u00e9. <br>J\u2019appelle la communaut\u00e9 internationale et les d\u00e9fenseurs des droits\u2026<\/p>&mdash; Maryam Radjavi (@Maryam_Rajavi_F) <a href=\"https:\/\/twitter.com\/Maryam_Rajavi_F\/status\/2029138498091975105?ref_src=twsrc%5Etfw\" target=\"_blank\" rel=\"noopener\">March 4, 2026<\/a><\/blockquote><script async src=\"https:\/\/platform.twitter.com\/widgets.js\" charset=\"utf-8\"><\/script>\n<\/div><\/figure>\n\n\n\n<h3 class=\"wp-block-heading\"><strong>Des prisonniers sans protection ni issue de secours<\/strong><\/h3>\n\n\n\n<p>La structure physique des prisons prive intrins\u00e8quement les d\u00e9tenus des options de protection les plus \u00e9l\u00e9mentaires en cas de crise militaire. Les prisonniers n&#8217;ont aucune capacit\u00e9 d&#8217;\u00e9vacuation d&#8217;urgence et aucun acc\u00e8s autonome \u00e0 des abris. Selon les normes internationales applicables en p\u00e9riode de conflit arm\u00e9, la sauvegarde de la vie des d\u00e9tenus n\u00e9cessite une r\u00e9duction imm\u00e9diate de la population carc\u00e9rale, ainsi que le transfert ou la lib\u00e9ration temporaire des prisonniers non violents et ne pr\u00e9sentant pas de danger.<\/p>\n\n\n<div class=\"wp-block-image\">\n<figure class=\"aligncenter size-full\"><img decoding=\"async\" src=\"data:image\/gif;base64,R0lGODlhAQABAIAAAAAAAP\/\/\/yH5BAEAAAAALAAAAAABAAEAAAIBRAA7\" data-src=\"https:\/\/wncri.org\/fr\/wp-content\/uploads\/2026\/03\/NCRI-Women-Airstrikes-on-Tehran-1.jpg\" alt=\"Iran : Frappes sur la prison d'Evin et danger pour les d\u00e9tenus\" class=\"wp-image-25792 lazyload\"\/><noscript><img decoding=\"async\" width=\"750\" height=\"375\" src=\"https:\/\/wncri.org\/fr\/wp-content\/uploads\/2026\/03\/NCRI-Women-Airstrikes-on-Tehran-1.jpg\" alt=\"Iran : Frappes sur la prison d'Evin et danger pour les d\u00e9tenus\" class=\"wp-image-25792 lazyload\" srcset=\"https:\/\/wncri.org\/fr\/wp-content\/uploads\/2026\/03\/NCRI-Women-Airstrikes-on-Tehran-1.jpg 750w, https:\/\/wncri.org\/fr\/wp-content\/uploads\/2026\/03\/NCRI-Women-Airstrikes-on-Tehran-1-300x150.jpg 300w, https:\/\/wncri.org\/fr\/wp-content\/uploads\/2026\/03\/NCRI-Women-Airstrikes-on-Tehran-1-360x180.jpg 360w\" sizes=\"(max-width: 750px) 100vw, 750px\" \/><\/noscript><\/figure>\n<\/div>\n\n\n<h3 class=\"wp-block-heading\"><strong>La r\u00e9solution n\u00b0 211 et les obligations juridiques du pouvoir judiciaire<\/strong><\/h3>\n\n\n\n<p>En vertu de la r\u00e9solution n\u00b0 211 du Conseil sup\u00e9rieur de la magistrature, dat\u00e9e du 12 janvier 1987, le pouvoir judiciaire est l\u00e9galement tenu, en cas d&#8217;urgence li\u00e9e \u00e0 la guerre, de prendre des mesures imm\u00e9diates pour prot\u00e9ger la vie des prisonniers. Ces mesures incluent la conversion des mandats de d\u00e9p\u00f4t, l&#8217;octroi de lib\u00e9rations conditionnelles, l&#8217;acceptation de cautions ou de garanties, et le transfert des d\u00e9tenus vers des lieux s\u00e9curis\u00e9s.<\/p>\n\n\n\n<p>La r\u00e9solution autorise en outre les procureurs, lorsque les garanties ordinaires s&#8217;av\u00e8rent insuffisantes, \u00e0 lib\u00e9rer les prisonniers ne pr\u00e9sentant pas de risque pour la s\u00e9curit\u00e9 pendant toute la dur\u00e9e de l&#8217;urgence. Les prisonniers politiques et d&#8217;opinion, les personnes condamn\u00e9es pour des d\u00e9lits non intentionnels ou financiers, ainsi que celles purgeant des peines pour des infractions mineures figurent parmi les b\u00e9n\u00e9ficiaires \u00e9ligibles \u00e0 de telles mesures. Des dispositions ont \u00e9galement \u00e9t\u00e9 prises pour le transfert des individus condamn\u00e9s pour des crimes violents vers des installations s\u00e9curis\u00e9es.<\/p>\n\n\n\n<p>Les experts juridiques soulignent que l\u2019application de cette r\u00e9solution dans les circonstances actuelles constitue une obligation l\u00e9gale urgente qui ne peut \u00eatre diff\u00e9r\u00e9e.<\/p>\n\n\n\n<p>Compte tenu de la persistance des menaces militaires, tout retard dans la prise de d\u00e9cision pourrait entra\u00eener des cons\u00e9quences humaines irr\u00e9versibles. Les prisonniers n&#8217;ont aucune capacit\u00e9 d&#8217;autod\u00e9fense face \u00e0 des frappes a\u00e9riennes ou de missiles. La responsabilit\u00e9 de leur protection incombe directement au pouvoir judiciaire et \u00e0 l&#8217;Organisation des prisons.<\/p>\n","protected":false},"excerpt":{"rendered":"<p>Prison d&#8217;Evin : les frappes a\u00e9riennes font craindre pour la s\u00e9curit\u00e9 des d\u00e9tenus Aux premi\u00e8res heures du mardi 3 mars 2026, les environs de l\u2019universit\u00e9 Imam Hossein \u00e0 T\u00e9h\u00e9ran et une partie du mur d&#8217;enceinte de la prison d&#8216;Evin ont \u00e9t\u00e9 la cible de frappes a\u00e9riennes. Des sections du mur de la prison ont \u00e9t\u00e9 [&hellip;]<\/p>\n","protected":false},"author":4,"featured_media":25791,"comment_status":"closed","ping_status":"closed","sticky":false,"template":"","format":"standard","meta":{"jnews-multi-image_gallery":[],"jnews_single_post":{"format":"standard"},"jnews_primary_category":[],"jnews_social_meta":[],"jnews_override_counter":[],"footnotes":""},"categories":[3],"tags":[370],"class_list":["post-25790","post","type-post","status-publish","format-standard","has-post-thumbnail","hentry","category-infos-des-femmes","tag-prisonnieres"],"_links":{"self":[{"href":"https:\/\/wncri.org\/fr\/wp-json\/wp\/v2\/posts\/25790","targetHints":{"allow":["GET"]}}],"collection":[{"href":"https:\/\/wncri.org\/fr\/wp-json\/wp\/v2\/posts"}],"about":[{"href":"https:\/\/wncri.org\/fr\/wp-json\/wp\/v2\/types\/post"}],"author":[{"embeddable":true,"href":"https:\/\/wncri.org\/fr\/wp-json\/wp\/v2\/users\/4"}],"replies":[{"embeddable":true,"href":"https:\/\/wncri.org\/fr\/wp-json\/wp\/v2\/comments?post=25790"}],"version-history":[{"count":1,"href":"https:\/\/wncri.org\/fr\/wp-json\/wp\/v2\/posts\/25790\/revisions"}],"predecessor-version":[{"id":25794,"href":"https:\/\/wncri.org\/fr\/wp-json\/wp\/v2\/posts\/25790\/revisions\/25794"}],"wp:featuredmedia":[{"embeddable":true,"href":"https:\/\/wncri.org\/fr\/wp-json\/wp\/v2\/media\/25791"}],"wp:attachment":[{"href":"https:\/\/wncri.org\/fr\/wp-json\/wp\/v2\/media?parent=25790"}],"wp:term":[{"taxonomy":"category","embeddable":true,"href":"https:\/\/wncri.org\/fr\/wp-json\/wp\/v2\/categories?post=25790"},{"taxonomy":"post_tag","embeddable":true,"href":"https:\/\/wncri.org\/fr\/wp-json\/wp\/v2\/tags?post=25790"}],"curies":[{"name":"wp","href":"https:\/\/api.w.org\/{rel}","templated":true}]}}