{"id":25751,"date":"2026-02-27T20:00:29","date_gmt":"2026-02-27T19:00:29","guid":{"rendered":"https:\/\/wncri.org\/fr\/?p=25751"},"modified":"2026-02-27T20:00:32","modified_gmt":"2026-02-27T19:00:32","slug":"iran-maryam-deris-et-fariba-hosseini","status":"publish","type":"post","link":"https:\/\/wncri.org\/fr\/2026\/02\/27\/iran-maryam-deris-et-fariba-hosseini\/","title":{"rendered":"Iran : Maryam Deris et Fariba Hosseini en gr\u00e8ve de la faim"},"content":{"rendered":"\n<h4 class=\"wp-block-heading\">Maryam Deris et Fariba Hosseini poursuivent leur gr\u00e8ve de la faim ; la vie de deux prisonni\u00e8res politiques est en danger<\/h4>\n\n\n\n<p>L\u2019\u00e9tat physique de Maryam Deris et <a href=\"https:\/\/wncri.org\/fr\/2025\/07\/10\/fariba-hosseini-36-ans-en-greve-de-la\/\" target=\"_blank\" rel=\"noreferrer noopener\">Fariba Hosseini<\/a>, deux prisonni\u00e8res politiques actuellement en gr\u00e8ve de la faim \u00e0 la <a href=\"https:\/\/wncri.org\/fr\/2026\/01\/28\/prison-dadelabad-manifestations\/\" target=\"_blank\" rel=\"noreferrer noopener\">prison d\u2019Adel Abad<\/a>, \u00e0 Chiraz, est jug\u00e9 critique selon plusieurs sources, ce qui soul\u00e8ve de vives inqui\u00e9tudes quant \u00e0 leur sant\u00e9 et \u00e0 leur survie.<\/p>\n\n\n\n<p>Malgr\u00e9 la gravit\u00e9 de leur situation, les autorit\u00e9s p\u00e9nitentiaires refusent de les transf\u00e9rer vers des centres m\u00e9dicaux sp\u00e9cialis\u00e9s ou de leur fournir des soins de sant\u00e9 professionnels ad\u00e9quats.<\/p>\n\n\n\n<p>Ces \u00e9v\u00e9nements font suite aux manifestations nationales de janvier 2026, au cours desquelles des milliers de personnes ont \u00e9t\u00e9 arr\u00eat\u00e9es dans plusieurs villes iraniennes. La pression exerc\u00e9e sur les prisonniers politiques s\u2019est poursuivie sans rel\u00e2che apr\u00e8s la r\u00e9pression de ce mouvement.<\/p>\n\n\n\n<h3 class=\"wp-block-heading\"><strong>Maryam Deris : une gr\u00e8ve de la faim s\u00e8che pour protester contre sa r\u00e9arrestation<\/strong><\/h3>\n\n\n\n<p><a href=\"https:\/\/wncri.org\/fr\/2023\/01\/27\/maryam-derisi\/\" target=\"_blank\" rel=\"noreferrer noopener\">Maryam Deris<\/a> a \u00e9t\u00e9 arr\u00eat\u00e9e \u00e0 son domicile par les forces de s\u00e9curit\u00e9 le 14 f\u00e9vrier 2026. Le 23 f\u00e9vrier 2026, elle a entam\u00e9 une gr\u00e8ve de la faim s\u00e8che pour protester contre ce qu\u2019elle qualifie de d\u00e9tention ill\u00e9gale et contre les entraves judiciaires emp\u00eachant le traitement de sa caution, pourtant valid\u00e9e par le tribunal.<\/p>\n\n\n\n<p>La gr\u00e8ve de la faim s\u00e8che, d\u00e9finie par le refus total de nourriture et d\u2019eau, est consid\u00e9r\u00e9e comme l\u2019une des formes de protestation les plus extr\u00eames et les plus dangereuses sur le plan m\u00e9dical pour un <a href=\"https:\/\/wncri.org\/fr\/2021\/12\/10\/les-conditions-des-femmes-prisons\/\" target=\"_blank\" rel=\"noreferrer noopener\">d\u00e9tenu<\/a>. Elle peut entra\u00eener, en quelques jours seulement, une d\u00e9shydratation aigu\u00eb, une hypotension s\u00e9v\u00e8re, une insuffisance r\u00e9nale, des complications cardiaques et la mort.<\/p>\n\n\n\n<p>Les autorit\u00e9s judiciaires ont fix\u00e9 sa caution \u00e0 2 milliards de tomans. Bien que sa famille se soit d\u00e9clar\u00e9e pr\u00eate \u00e0 verser cette somme, elle fait \u00e9tat d\u2019obstructions proc\u00e9durales d\u00e9lib\u00e9r\u00e9es de la part des instances judiciaires afin d\u2019emp\u00eacher sa lib\u00e9ration. Ses proches d\u00e9crivent ces agissements comme une forme de pression psychologique et un traitement punitif s\u2019ajoutant \u00e0 la sentence officielle.<\/p>\n\n\n\n<p>Mme Deris avait d\u00e9j\u00e0 \u00e9t\u00e9 arr\u00eat\u00e9e lors de la r\u00e9pression des manifestations nationales de 2022 et n\u2019avait \u00e9t\u00e9 lib\u00e9r\u00e9e qu\u2019en octobre 2025 apr\u00e8s avoir purg\u00e9 sa peine. Sa r\u00e9arrestation, quelques mois seulement apr\u00e8s sa sortie, soul\u00e8ve de graves questions sur la logique s\u00e9curitaire et le fondement juridique de sa nouvelle d\u00e9tention.<\/p>\n\n\n\n<h3 class=\"wp-block-heading\"><strong>Fariba Hosseini : une dentiste de 37 ans en gr\u00e8ve de la faim<\/strong><\/h3>\n\n\n\n<p>Simultan\u00e9ment, Fariba Hosseini, une dentiste de 37 ans \u00e9galement d\u00e9tenue \u00e0 la prison d\u2019Adel Abad, \u00e0 <a href=\"https:\/\/fr.wikipedia.org\/wiki\/Chiraz\" target=\"_blank\" rel=\"noreferrer noopener\">Chiraz<\/a>, observe une gr\u00e8ve de la faim depuis le 10 f\u00e9vrier 2026. Selon plusieurs sources, elle souffre d\u2019une extr\u00eame faiblesse physique, d\u2019une mobilit\u00e9 r\u00e9duite et d\u2019une d\u00e9gradation rapide de son \u00e9tat de sant\u00e9.<\/p>\n\n\n\n<p>Fariba Hosseini a \u00e9t\u00e9 arr\u00eat\u00e9e le 15 janvier 2026 pour des motifs li\u00e9s \u00e0 la diffusion d\u2019informations sur la r\u00e9pression gouvernementale lors des manifestations nationales de janvier 2026.<\/p>\n\n\n\n<p>Le refus de fournir des soins m\u00e9dicaux sp\u00e9cialis\u00e9s et rapides \u00e0 des prisonniers engag\u00e9s dans une gr\u00e8ve de la faim prolong\u00e9e, en particulier \u00e0 un stade avanc\u00e9, peut entra\u00eener tr\u00e8s rapidement des dommages organiques irr\u00e9versibles ou le d\u00e9c\u00e8s.<\/p>\n","protected":false},"excerpt":{"rendered":"<p>Maryam Deris et Fariba Hosseini poursuivent leur gr\u00e8ve de la faim ; la vie de deux prisonni\u00e8res politiques est en danger L\u2019\u00e9tat physique de Maryam Deris et Fariba Hosseini, deux prisonni\u00e8res politiques actuellement en gr\u00e8ve de la faim \u00e0 la prison d\u2019Adel Abad, \u00e0 Chiraz, est jug\u00e9 critique selon plusieurs sources, ce qui soul\u00e8ve de [&hellip;]<\/p>\n","protected":false},"author":4,"featured_media":25752,"comment_status":"closed","ping_status":"closed","sticky":false,"template":"","format":"standard","meta":{"jnews-multi-image_gallery":[],"jnews_single_post":{"format":"standard"},"jnews_primary_category":[],"jnews_social_meta":[],"jnews_override_counter":[],"footnotes":""},"categories":[3],"tags":[370],"class_list":["post-25751","post","type-post","status-publish","format-standard","has-post-thumbnail","hentry","category-infos-des-femmes","tag-prisonnieres"],"_links":{"self":[{"href":"https:\/\/wncri.org\/fr\/wp-json\/wp\/v2\/posts\/25751","targetHints":{"allow":["GET"]}}],"collection":[{"href":"https:\/\/wncri.org\/fr\/wp-json\/wp\/v2\/posts"}],"about":[{"href":"https:\/\/wncri.org\/fr\/wp-json\/wp\/v2\/types\/post"}],"author":[{"embeddable":true,"href":"https:\/\/wncri.org\/fr\/wp-json\/wp\/v2\/users\/4"}],"replies":[{"embeddable":true,"href":"https:\/\/wncri.org\/fr\/wp-json\/wp\/v2\/comments?post=25751"}],"version-history":[{"count":1,"href":"https:\/\/wncri.org\/fr\/wp-json\/wp\/v2\/posts\/25751\/revisions"}],"predecessor-version":[{"id":25753,"href":"https:\/\/wncri.org\/fr\/wp-json\/wp\/v2\/posts\/25751\/revisions\/25753"}],"wp:featuredmedia":[{"embeddable":true,"href":"https:\/\/wncri.org\/fr\/wp-json\/wp\/v2\/media\/25752"}],"wp:attachment":[{"href":"https:\/\/wncri.org\/fr\/wp-json\/wp\/v2\/media?parent=25751"}],"wp:term":[{"taxonomy":"category","embeddable":true,"href":"https:\/\/wncri.org\/fr\/wp-json\/wp\/v2\/categories?post=25751"},{"taxonomy":"post_tag","embeddable":true,"href":"https:\/\/wncri.org\/fr\/wp-json\/wp\/v2\/tags?post=25751"}],"curies":[{"name":"wp","href":"https:\/\/api.w.org\/{rel}","templated":true}]}}