{"id":25720,"date":"2026-02-24T19:51:50","date_gmt":"2026-02-24T18:51:50","guid":{"rendered":"https:\/\/wncri.org\/fr\/?p=25720"},"modified":"2026-02-24T19:51:51","modified_gmt":"2026-02-24T18:51:51","slug":"campagne-non-aux-mardis-des-executions","status":"publish","type":"post","link":"https:\/\/wncri.org\/fr\/2026\/02\/24\/campagne-non-aux-mardis-des-executions\/","title":{"rendered":"109e semaine de la campagne \u00ab Non aux mardis des ex\u00e9cutions \u00bb observ\u00e9e dans 56 prisons iraniennes"},"content":{"rendered":"\n<h4 class=\"wp-block-heading\">La 109e semaine cons\u00e9cutive de la <a href=\"https:\/\/wncri.org\/fr\/2026\/02\/17\/la-campagne-mardis-contre-les-executions\/\" target=\"_blank\" rel=\"noreferrer noopener\">campagne \u00ab Non aux mardis des ex\u00e9cutions \u00bb<\/a> a \u00e9t\u00e9 marqu\u00e9e dans 56 prisons en Iran, les d\u00e9tenus ayant une nouvelle fois organis\u00e9 des gr\u00e8ves de la faim coordonn\u00e9es, mardi, pour protester contre l\u2019augmentation de la d\u00e9livrance et de l\u2019application des condamnations \u00e0 mort.<\/h4>\n\n\n\n<p>Comme lors des semaines pr\u00e9c\u00e9dentes, les prisonniers se sont abstenus de nourriture comme forme de r\u00e9sistance non violente, afin d\u2019attirer l\u2019attention sur ce que des militants d\u00e9crivent comme une forte hausse des verdicts de peine capitale et des ex\u00e9cutions \u00e0 l\u2019\u00e9chelle nationale.<\/p>\n\n\n\n<p>La mobilisation a co\u00efncid\u00e9 avec les c\u00e9r\u00e9monies marquant le 40e jour depuis la mort des victimes du soul\u00e8vement de janvier 2026, une \u00e9tape symboliquement importante dans la tradition de deuil en Iran. La convergence de ces \u00e9v\u00e9nements souligne le rapprochement croissant entre les militants politiques emprisonn\u00e9s et les mouvements de protestation anti-gouvernementaux plus larges \u00e0 travers le pays.<\/p>\n\n\n\n<h3 class=\"wp-block-heading\"><strong>Alerte sur l\u2019intensification de la r\u00e9pression dans les universit\u00e9s<\/strong><\/h3>\n\n\n\n<p>Dans son communiqu\u00e9 hebdomadaire, la campagne \u00ab Non aux mardis des ex\u00e9cutions \u00bb a exprim\u00e9 sa solidarit\u00e9 avec les <a href=\"https:\/\/fr.ncr-iran.org\/actualites\/iran-protestations-2\/revoltes-etudiantes-et-effondrement-economique-convergent-contre-la-dictature-iranienne\/\" target=\"_blank\" rel=\"noreferrer noopener\">manifestations \u00e9tudiantes<\/a> dans plusieurs \u00e9tablissements majeurs, notamment l\u2019Universit\u00e9 de technologie Sharif, l\u2019Universit\u00e9 de T\u00e9h\u00e9ran, l\u2019Universit\u00e9 de technologie Amirkabir, l\u2019Universit\u00e9 d\u2019art de T\u00e9h\u00e9ran, l\u2019Universit\u00e9 Shahid Beheshti et l\u2019Universit\u00e9 Ferdowsi de Machhad.<\/p>\n\n\n\n<p>Le communiqu\u00e9 met en garde contre une pression s\u00e9curitaire croissante au sein des espaces acad\u00e9miques, \u00e9voquant une surveillance accrue, des arrestations et des mesures disciplinaires visant \u00e9tudiants et enseignants.<\/p>\n\n\n\n<p>Il souligne \u00e9galement les pr\u00e9occupations li\u00e9es \u00e0 l\u2019acc\u00e9l\u00e9ration des proc\u00e9dures judiciaires, au refus d\u2019acc\u00e8s \u00e0 un avocat ind\u00e9pendant pour les d\u00e9tenus et \u00e0 l\u2019imposition de peines s\u00e9v\u00e8res, y compris la peine capitale. Selon les organisateurs de la campagne, ces \u00e9volutions suscitent de vives inqui\u00e9tudes quant aux violations des garanties d\u2019un proc\u00e8s \u00e9quitable et \u00e0 la s\u00e9curisation croissante de toute forme de dissidence.<\/p>\n\n\n\n<h3 class=\"wp-block-heading\"><strong>Les c\u00e9r\u00e9monies du 40e jour, symbole d\u2019une r\u00e9sistance continue<\/strong><\/h3>\n\n\n\n<p>Les membres de la campagne ont indiqu\u00e9 que des <a href=\"https:\/\/fr.ncr-iran.org\/actualites\/iran-protestations-2\/ceremonies-commemoratives-pour-les-manifestants-tues-une-vague-de-contestation-deferle-sur-liran\/\" target=\"_blank\" rel=\"noreferrer noopener\">c\u00e9r\u00e9monies du 40e jour en m\u00e9moire<\/a> des personnes tu\u00e9es lors des manifestations de janvier 2026 se sont tenues dans plusieurs villes d\u2019Iran. Ces rassemblements, traditionnellement importants dans la culture iranienne, se sont transform\u00e9s en expressions puissantes de d\u00e9fi collectif.<\/p>\n\n\n\n<p>Des slogans rejetant l\u2019autoritarisme et condamnant la r\u00e9pression \u00e9tatique ont \u00e9t\u00e9 largement rapport\u00e9s. Selon les organisateurs, la m\u00e9moire des victimes est devenue un facteur d\u2019unit\u00e9, renfor\u00e7ant les revendications de justice, de libert\u00e9 politique et d\u2019\u00e9galit\u00e9 devant la loi.<\/p>\n\n\n<div class=\"wp-block-image\">\n<figure class=\"aligncenter size-full\"><img decoding=\"async\" src=\"data:image\/gif;base64,R0lGODlhAQABAIAAAAAAAP\/\/\/yH5BAEAAAAALAAAAAABAAEAAAIBRAA7\" data-src=\"https:\/\/wncri.org\/fr\/wp-content\/uploads\/2026\/02\/NCRI-Women-No-To-Execution-Tuesdays-1-1.jpg\" alt=\"109e semaine de la campagne \u00ab Non aux mardis des ex\u00e9cutions \u00bb observ\u00e9e dans 56 prisons iraniennes\" class=\"wp-image-25722 lazyload\"\/><noscript><img decoding=\"async\" width=\"750\" height=\"375\" src=\"https:\/\/wncri.org\/fr\/wp-content\/uploads\/2026\/02\/NCRI-Women-No-To-Execution-Tuesdays-1-1.jpg\" alt=\"109e semaine de la campagne \u00ab Non aux mardis des ex\u00e9cutions \u00bb observ\u00e9e dans 56 prisons iraniennes\" class=\"wp-image-25722 lazyload\" srcset=\"https:\/\/wncri.org\/fr\/wp-content\/uploads\/2026\/02\/NCRI-Women-No-To-Execution-Tuesdays-1-1.jpg 750w, https:\/\/wncri.org\/fr\/wp-content\/uploads\/2026\/02\/NCRI-Women-No-To-Execution-Tuesdays-1-1-300x150.jpg 300w, https:\/\/wncri.org\/fr\/wp-content\/uploads\/2026\/02\/NCRI-Women-No-To-Execution-Tuesdays-1-1-360x180.jpg 360w\" sizes=\"(max-width: 750px) 100vw, 750px\" \/><\/noscript><\/figure>\n<\/div>\n\n\n<h3 class=\"wp-block-heading\"><strong>Les familles : un pilier du mouvement<\/strong><\/h3>\n\n\n\n<p>Un facteur d\u00e9terminant dans l\u2019extension de la campagne \u00ab Non aux mardis des ex\u00e9cutions \u00bb r\u00e9side dans la pr\u00e9sence constante des familles de prisonniers politiques condamn\u00e9s \u00e0 mort, ainsi que des proches des personnes tu\u00e9es lors des manifestations nationales.<\/p>\n\n\n\n<p>En participant aux manifestations publiques et en r\u00e9clamant ouvertement l\u2019abolition de la peine capitale, ces familles ont apport\u00e9 une dimension profond\u00e9ment humaine et morale au mouvement. Leur visibilit\u00e9 a renforc\u00e9 l\u2019attention de l\u2019opinion publique sur les pratiques d\u2019ex\u00e9cution et consolid\u00e9 la solidarit\u00e9 entre diff\u00e9rents secteurs de la soci\u00e9t\u00e9.<\/p>\n","protected":false},"excerpt":{"rendered":"<p>La 109e semaine cons\u00e9cutive de la campagne \u00ab Non aux mardis des ex\u00e9cutions \u00bb a \u00e9t\u00e9 marqu\u00e9e dans 56 prisons en Iran, les d\u00e9tenus ayant une nouvelle fois organis\u00e9 des gr\u00e8ves de la faim coordonn\u00e9es, mardi, pour protester contre l\u2019augmentation de la d\u00e9livrance et de l\u2019application des condamnations \u00e0 mort. Comme lors des semaines pr\u00e9c\u00e9dentes, [&hellip;]<\/p>\n","protected":false},"author":4,"featured_media":25721,"comment_status":"closed","ping_status":"closed","sticky":false,"template":"","format":"standard","meta":{"jnews-multi-image_gallery":[],"jnews_single_post":{"format":"standard"},"jnews_primary_category":[],"jnews_social_meta":[],"jnews_override_counter":[],"footnotes":""},"categories":[3],"tags":[369,370],"class_list":["post-25720","post","type-post","status-publish","format-standard","has-post-thumbnail","hentry","category-infos-des-femmes","tag-manifestations","tag-prisonnieres"],"_links":{"self":[{"href":"https:\/\/wncri.org\/fr\/wp-json\/wp\/v2\/posts\/25720","targetHints":{"allow":["GET"]}}],"collection":[{"href":"https:\/\/wncri.org\/fr\/wp-json\/wp\/v2\/posts"}],"about":[{"href":"https:\/\/wncri.org\/fr\/wp-json\/wp\/v2\/types\/post"}],"author":[{"embeddable":true,"href":"https:\/\/wncri.org\/fr\/wp-json\/wp\/v2\/users\/4"}],"replies":[{"embeddable":true,"href":"https:\/\/wncri.org\/fr\/wp-json\/wp\/v2\/comments?post=25720"}],"version-history":[{"count":1,"href":"https:\/\/wncri.org\/fr\/wp-json\/wp\/v2\/posts\/25720\/revisions"}],"predecessor-version":[{"id":25723,"href":"https:\/\/wncri.org\/fr\/wp-json\/wp\/v2\/posts\/25720\/revisions\/25723"}],"wp:featuredmedia":[{"embeddable":true,"href":"https:\/\/wncri.org\/fr\/wp-json\/wp\/v2\/media\/25721"}],"wp:attachment":[{"href":"https:\/\/wncri.org\/fr\/wp-json\/wp\/v2\/media?parent=25720"}],"wp:term":[{"taxonomy":"category","embeddable":true,"href":"https:\/\/wncri.org\/fr\/wp-json\/wp\/v2\/categories?post=25720"},{"taxonomy":"post_tag","embeddable":true,"href":"https:\/\/wncri.org\/fr\/wp-json\/wp\/v2\/tags?post=25720"}],"curies":[{"name":"wp","href":"https:\/\/api.w.org\/{rel}","templated":true}]}}