{"id":25558,"date":"2026-02-11T21:52:23","date_gmt":"2026-02-11T20:52:23","guid":{"rendered":"https:\/\/wncri.org\/fr\/?p=25558"},"modified":"2026-02-11T21:52:25","modified_gmt":"2026-02-11T20:52:25","slug":"de-teheran-a-berlin-femmes-et-resistance","status":"publish","type":"post","link":"https:\/\/wncri.org\/fr\/2026\/02\/11\/de-teheran-a-berlin-femmes-et-resistance\/","title":{"rendered":"De T\u00e9h\u00e9ran \u00e0 Berlin : femmes et r\u00e9sistance au tournant de l\u2019histoire"},"content":{"rendered":"\n<h4 class=\"wp-block-heading\">De T\u00e9h\u00e9ran \u00e0 Berlin : Bienvenue \u00e0 <a href=\"https:\/\/www.buzzsprout.com\/1908986\/episodes\/18665774\" target=\"_blank\" rel=\"noreferrer noopener\">un nouvel \u00e9pisode des podcasts<\/a> de la commission des femmes du conseil national de la r\u00e9sistance iranienne. Aujourd&#8217;hui, on se penche sur la situation en Iran. Et ce qui frappe tout de suite, c&#8217;est que c&#8217;est une histoire \u00e0 double visage. Vraiment une dynamique \u00e0 2 facettes. C&#8217;est exactement \u00e7a.<\/h4>\n\n\n\n<iframe class=\"lazyload\" data-src=\"https:\/\/www.buzzsprout.com\/1908986\/episodes\/18665774-de-teheran-a-berlin-femmes-et-resistance-au-tournant-de-l-histoire?client_source=small_player&amp;iframe=true\"  loading=\"lazy\" width=\"100%\" height=\"200\" frameborder=\"0\" scrolling=\"no\" title='NCRI Women's Committee, De T\u00e9h\u00e9ran \u00e0 Berlin : femmes et r\u00e9sistance au tournant de l\u2019histoire'><\/iframe>\n\n\n\n<p class=\"wp-block-paragraph\">D&#8217;un c\u00f4t\u00e9, on a une r\u00e9pression d&#8217;une brutalit\u00e9 inou\u00efe qui continue apr\u00e8s le soul\u00e8vement de janvier, et de l&#8217;autre, on voit une mobilisation internationale qui elle grandit et qui semble marquer un vrai tournant. C&#8217;est cette tension qu&#8217;on va explorer. Alors commen\u00e7ons par ce qui se passe sur le terrain. Les grandes manifestations sont peut-\u00eatre moins visibles, mais la r\u00e9pression elle n&#8217;a pas cess\u00e9. Non loin de l\u00e0.<\/p>\n\n\n\n<p class=\"wp-block-paragraph\">En fait la strat\u00e9gie du r\u00e9gime a chang\u00e9. Il ne s&#8217;agit plus seulement de disperser des foules, maintenant c&#8217;est une sorte de chasse \u00e0 l&#8217;homme m\u00e9thodique et a posteriori. C&#8217;est-\u00e0-dire Comment ils proc\u00e8dent Ils utilisent toutes les technologies \u00e0 leur disposition, la vid\u00e9osurveillance, la reconnaissance faciale, Ils identifient les gens qui ont particip\u00e9 aux manifestations et ensuite ils vont les chercher un par un chez eux au travail. Et ces arrestations sont violentes, les sources donnent des exemples qui sont vraiment gla\u00e7ants. Je pense notamment au <a href=\"https:\/\/wncri.org\/fr\/2026\/02\/02\/lecrivaine-saghar-seifollahi-tuee-apres\/\" target=\"_blank\" rel=\"noreferrer noopener\">cas de Saghar Seifollahi<\/a>.<\/p>\n\n\n\n<p class=\"wp-block-paragraph\">Oui Saghar Seifollahi, une \u00e9crivaine dipl\u00f4m\u00e9e en g\u00e9nie m\u00e9canique. D&#8217;apr\u00e8s les rapports, elle a \u00e9t\u00e9 pourchass\u00e9e en rentrant chez elle par des agents en civil, ils l&#8217;ont accus\u00e9e d&#8217;avoir manifest\u00e9 et la poursuite s&#8217;est termin\u00e9e de la pire des mani\u00e8res, ils l&#8217;ont battu \u00e0 mort. Frapper \u00e0 la t\u00eate avec des matraques, c&#8217;est bien \u00e7a C&#8217;est terrible. C&#8217;est \u00e7a et ce qui rend l&#8217;affaire encore plus sinistre, c&#8217;est ce qui s&#8217;est pass\u00e9 apr\u00e8s, c&#8217;est une tactique bien rod\u00e9 du r\u00e9gime. Ils ont tent\u00e9 de maquiller sans suicide Exactement.<\/p>\n\n\n\n<p class=\"wp-block-paragraph\">Ils ont fait pression sur la famille pour qu&#8217;elle signe une d\u00e9claration en ce sens. Sauf que l\u00e0, ils ont fait une erreur. Ah oui. Oui, le certificat de d\u00e9c\u00e8s officiel que les sources ont pu obtenir mentionne noir sur blanc, impact avec un objet dur \u00e0 la t\u00eate. C&#8217;est la preuve qui contredit totalement leur version.<\/p>\n\n\n\n<p class=\"wp-block-paragraph\">\u00c7a montre qu&#8217;ils ne veulent pas seulement tuer, mais aussi contr\u00f4ler la v\u00e9rit\u00e9. Et ce n&#8217;est pas un cas isol\u00e9, on parle aussi de disparition forc\u00e9e. Il y cette <a href=\"https:\/\/wncri.org\/fr\/2026\/02\/07\/disparition-forcee-quatre-soeurs\/\" target=\"_blank\" rel=\"noreferrer noopener\">histoire des 4 soeurs<\/a> \u00e0 T\u00e9h\u00e9ran. Oui, le cas des soeurs Nakhai et Davoudi, Niusha et Mona arr\u00eat\u00e9s il y vingt-six jours et Kimya et Tara arr\u00eat\u00e9s quelques jours plus tard. Le mode op\u00e9ratoire est le m\u00eame.<\/p>\n\n\n\n<p class=\"wp-block-paragraph\">Arrestation sans mandat, avec violence et puis le silence total. Leurs familles sont sans aucune nouvelle. Aucune. Elles ne savent pas o\u00f9 elles sont ni m\u00eame si elles sont encore en vie. C&#8217;est une forme de torture psychologique pour les proches.<\/p>\n\n\n\n<p class=\"wp-block-paragraph\">Amnesty International a d&#8217;ailleurs lanc\u00e9 une alerte sur l&#8217;ampleur du ph\u00e9nom\u00e8ne non Absolument. Il parle de dizaines de milliers de personnes d\u00e9tenues arbitrairement. Les chiffres sont \u00e9normes. Et le risque pour ces personnes est maximal. Torture, disparition et m\u00eame la peine de mort.<\/p>\n\n\n\n<p class=\"wp-block-paragraph\">La r\u00e9pression ne s&#8217;arr\u00eate pas aux manifestants. On voit maintenant un ciblage syst\u00e9matique du corps m\u00e9dical. Pourquoi Pourquoi s&#8217;en prendre au m\u00e9decin C&#8217;est une strat\u00e9gie en fait. C&#8217;est tr\u00e8s calcul\u00e9. Si vous voulez briser un mouvement de protestation, vous devez \u00e9liminer son filet de s\u00e9curit\u00e9.<\/p>\n\n\n\n<p class=\"wp-block-paragraph\">Donc en s&#8217;attaquant au m\u00e9decin, on rend la manifestation beaucoup plus risqu\u00e9e. Voil\u00e0, un manifestant bless\u00e9 sait que s&#8217;il va \u00e0 l&#8217;h\u00f4pital, non seulement il risque de ne pas \u00eatre soign\u00e9, mais en plus il risque d&#8217;\u00eatre arr\u00eat\u00e9 sur son lit. Les h\u00f4pitaux sont devenus des instruments de r\u00e9pression, des pi\u00e8ges. C&#8217;est-\u00e0-dire concr\u00e8tement. Les rapports d\u00e9crivent des sc\u00e8nes surr\u00e9alistes.<\/p>\n\n\n\n<p class=\"wp-block-paragraph\">Des agents qui d\u00e9branchent des respirateurs, qui enl\u00e8vent des patients. Et puis il y a la vid\u00e9osurveillance, ils l&#8217;utilisent pour identifier les m\u00e9decins et les infirmi\u00e8res qui ont os\u00e9 faire leur travail et soigner un bless\u00e9. Ce qui a amen\u00e9 \u00e0 des arrestations cibl\u00e9es surtout des femmes m\u00e9decins si je comprends bien. Oui <a href=\"https:\/\/wncri.org\/fr\/2026\/02\/04\/repression-systematique-medecins\/\" target=\"_blank\" rel=\"noreferrer noopener\">plusieurs cas embl\u00e9matiques<\/a> sont cit\u00e9s, la docteure Parisa Porkar, une ophtalmologue, la docteure Golnar Naraghi, une urgentiste qui serait \u00e0 la prison de Qarchak. Il y en a d&#8217;autres.<\/p>\n\n\n\n<p class=\"wp-block-paragraph\">Oui la docteure Fariba Hosseni, dentiste \u00e0 Chiraz ou la docteure Ameneh Soleimani \u00e0 Ardabil. Pour la plupart, on ne sait pas ce qu&#8217;elles sont devenues. L&#8217;objectif est de les punir, elles et de terroriser toute la profession. On pourrait s&#8217;attendre \u00e0 ce qu&#8217;une telle terreur paralyse tout le monde, mais les sources montrent que \u00e7a a eu le l&#8217;effet inverse, notamment chez les \u00e9tudiants. C&#8217;est l\u00e0 que le r\u00e9gime a mal calcul\u00e9.<\/p>\n\n\n\n<p class=\"wp-block-paragraph\">Cette attaque contre les m\u00e9decins a provoqu\u00e9 un un effet boomerang, une immense vague de solidarit\u00e9 dans les universit\u00e9s. Surtout dans les facs de m\u00e9decine j&#8217;imagine comme \u00e0 Chiraz. Exactement \u00e0 l&#8217;universit\u00e9 des sciences m\u00e9dicales de Chiraz, les \u00e9tudiants ont organis\u00e9 des sit-in pendant plusieurs jours. Leur demande \u00e9tait simple, la lib\u00e9ration imm\u00e9diate du personnel m\u00e9dical. Ils scandaient des slogans tr\u00e8s forts.<\/p>\n\n\n\n<p class=\"wp-block-paragraph\">Lesquels par exemple Un \u00e9tudiant peut mourir, mais il n&#8217;acceptera pas l&#8217;humiliation ou encore les m\u00e9decins honorables doivent \u00eatre lib\u00e9r\u00e9s. C&#8217;est d&#8217;un courage incroyable. Et ce n&#8217;\u00e9tait pas un mouvement isol\u00e9. Non pas du tout. \u00c0 Tabriz, les \u00e9tudiants en dentaire se sont rassembl\u00e9s.<\/p>\n\n\n\n<p class=\"wp-block-paragraph\">\u00c0 Machhad, ils ont organis\u00e9 une c\u00e9r\u00e9monie pour Faezeh Hosseininejad, c&#8217;\u00e9tait une \u00e9tudiante en ma\u00efeutique tu\u00e9e par les gardiens de la r\u00e9volution, leur slogan \u00e9tait cette fleur tomb\u00e9e est un cadeau \u00e0 la patrie, c&#8217;est c&#8217;est tr\u00e8s puissant. On a donc cette situation en Iran, r\u00e9pression f\u00e9roce, r\u00e9sistance tenace. Pendant ce temps, comment le monde r\u00e9agit L&#8217;Europe par exemple. Et c&#8217;est l\u00e0 qu&#8217;on arrive \u00e0 la deuxi\u00e8me facette de l&#8217;histoire. Et la r\u00e9ponse est non cette fois, l&#8217;Europe n&#8217;est pas rest\u00e9e silencieuse.<\/p>\n\n\n\n<p class=\"wp-block-paragraph\">Il y a eu une s\u00e9quence politique tr\u00e8s importante. \u00c7a a commenc\u00e9 avec le Parlement europ\u00e9en. Oui par une r\u00e9solution, mais pas n&#8217;importe laquelle. Adopt\u00e9e \u00e0 une majorit\u00e9 \u00e9crasante, 500 soixante-deux voix et le texte qualifiait la r\u00e9pression de passage de la dissuasion \u00e0 l&#8217;\u00e9limination strat\u00e9gique de la dissidence. Les mots sont tr\u00e8s forts.<\/p>\n\n\n\n<p class=\"wp-block-paragraph\">Mais une r\u00e9solution, \u00e7a reste symbolique. Est-ce que \u00e7a a eu des cons\u00e9quences concr\u00e8tes Justement, oui. Car cette r\u00e9solution contenait un appel tr\u00e8s clair. Inscrire le corps des gardiens de la r\u00e9volution, le CGRI, sur la liste des organisations terroristes. Et cet appel a \u00e9t\u00e9 entendu.<\/p>\n\n\n\n<p class=\"wp-block-paragraph\">Il a \u00e9t\u00e9 entendu. L&#8217;\u00e9tape suivante, c&#8217;\u00e9tait le conseil des ministres des Affaires \u00e9trang\u00e8res de l&#8217;Union europ\u00e9enne. Et ils ont suivi. Oui, l&#8217;UE a officiellement plac\u00e9 le CGRI sur sa liste noire des organisations terroristes. C&#8217;est une d\u00e9cision historique r\u00e9clam\u00e9e depuis des ann\u00e9es.<\/p>\n\n\n\n<p class=\"wp-block-paragraph\">Qu&#8217;est-ce que \u00e7a change concr\u00e8tement d&#8217;\u00eatre sur cette liste \u00c7a change beaucoup de choses. \u00c7a permet de geler tous leurs avoirs en Europe. \u00c7a rend ill\u00e9gal tout soutien financier ou mat\u00e9riel et surtout \u00e7a les d\u00e9l\u00e9gitime compl\u00e8tement sur la sc\u00e8ne internationale. Ce n&#8217;est plus une arm\u00e9e, c&#8217;est officiellement une organisation terroriste pour vingt-sept pays. En parall\u00e8le de ces d\u00e9cisions politiques, la diaspora iranienne s&#8217;est aussi mobilis\u00e9e, il y a eu ce grand rassemblement \u00e0 Berlin.<\/p>\n\n\n\n<p class=\"wp-block-paragraph\">Oui, le 7 f\u00e9vrier \u00e0 la porte de Brandebourg, un symbole, c&#8217;\u00e9tait une v\u00e9ritable <a href=\"https:\/\/wncri.org\/fr\/2026\/02\/08\/marche-et-rassemblement-des-iraniens\/\" target=\"_blank\" rel=\"noreferrer noopener\">d\u00e9monstration de force<\/a>. Pr\u00e8s de 100000 personnes malgr\u00e9 un froid polaire. Et le message de cette manifestation Le message \u00e9tait tr\u00e8s clair et tr\u00e8s politique. Il ne s&#8217;agissait pas seulement de s&#8217;opposer au r\u00e9gime actuel. C&#8217;\u00e9tait plus large que \u00e7a.<\/p>\n\n\n\n<p class=\"wp-block-paragraph\">Beaucoup plus large. Le slogan qui revenait partout, c&#8217;\u00e9tait mort \u00e0 l&#8217;oppresseur qu&#8217;il soit chat ou guide supr\u00eame. C&#8217;est un rejet de toutes les formes de dictature, celle du pass\u00e9 et celle du pr\u00e9sent. Un appel pour une troisi\u00e8me voie, une r\u00e9publique d\u00e9mocratique. Il y avait aussi des demandes tr\u00e8s concr\u00e8tes adress\u00e9es au gouvernement europ\u00e9en.<\/p>\n\n\n\n<p class=\"wp-block-paragraph\">Oui, fermer les ambassades du r\u00e9gime qu&#8217;ils voient comme des nids d&#8217;espions et expulser les agents du CGRI et du renseignement. Une rupture totale quoi. Plusieurs personnalit\u00e9s internationales ont pris la parole, Maryam Radjavi, Charles Michel, Mike Pomp\u00e9o. Oui et ce qui est frappant, c&#8217;est la convergence de leur message. Mariam Radjavi a r\u00e9sum\u00e9 la ligne, ni apaisement ni guerre, changement de r\u00e9gime et des personnalit\u00e9s aussi diff\u00e9rentes que Charles Michel ou Mike Pomp\u00e9o ont toutes dit en substance que l&#8217;\u00e8re du dialogue avec ce r\u00e9gime \u00e9tait termin\u00e9.<\/p>\n\n\n\n<p class=\"wp-block-paragraph\">C&#8217;est un changement de ton important. C&#8217;est un signal tr\u00e8s fort. Un consensus semble se former en occident sur l&#8217;\u00e9chec de la politique d&#8217;apaisement. Donc si on r\u00e9sume, \u00e0 l&#8217;int\u00e9rieur une violence extr\u00eame du r\u00e9gime qui se heurte \u00e0 une r\u00e9sistance d\u00e9termin\u00e9e et \u00e0 l&#8217;ext\u00e9rieur, une pression internationale qui s&#8217;accentue de mani\u00e8re spectaculaire. C&#8217;est une excellente synth\u00e8se.<\/p>\n\n\n\n<p class=\"wp-block-paragraph\">La situation est un point d&#8217;inflexion. Chaque acte de r\u00e9pression semble renforcer la d\u00e9termination des opposants et en m\u00eame temps affaiblir le r\u00e9gime sur la sc\u00e8ne internationale. C&#8217;est une dynamique complexe o\u00f9 le pire de la r\u00e9pression coexiste avec des signes des sports tr\u00e8s forts. Exactement. Et \u00e7a pose la grande question pour la suite.<\/p>\n\n\n\n<p class=\"wp-block-paragraph\">Est-ce que cette pression combin\u00e9e interne et externe suffira \u00e0 faire basculer le rapport de force C&#8217;est toute la question. Une question qui laisse \u00e0 r\u00e9fl\u00e9chir en effet. Pour celles et ceux qui souhaitent en savoir plus, vous pouvez consulter le site web de la commission <a href=\"https:\/\/wncri.org\/fr\/\" target=\"_blank\" rel=\"noreferrer noopener\">wncri.org\/fr.<\/a> Et toutes les contributions sont bienvenues pour soutenir le travail de la commission des femmes dans la promotion de la lutte des femmes pour la libert\u00e9 et la d\u00e9mocratie en Iran. Merci beaucoup pour votre \u00e9coute.<\/p>\n\n\n\n<p class=\"wp-block-paragraph\">Nous vous disons au revoir et \u00e0 tr\u00e8s bient\u00f4t pour notre prochain \u00e9pisode.<\/p>\n","protected":false},"excerpt":{"rendered":"<p>De T\u00e9h\u00e9ran \u00e0 Berlin : Bienvenue \u00e0 un nouvel \u00e9pisode des podcasts de la commission des femmes du conseil national de la r\u00e9sistance iranienne. Aujourd&#8217;hui, on se penche sur la situation en Iran. Et ce qui frappe tout de suite, c&#8217;est que c&#8217;est une histoire \u00e0 double visage. Vraiment une dynamique \u00e0 2 facettes. C&#8217;est [&hellip;]<\/p>\n","protected":false},"author":4,"featured_media":25559,"comment_status":"closed","ping_status":"closed","sticky":false,"template":"","format":"standard","meta":{"jnews-multi-image_gallery":[],"jnews_single_post":{"format":"standard"},"jnews_primary_category":[],"jnews_social_meta":[],"jnews_override_counter":[],"footnotes":""},"categories":[431],"tags":[],"class_list":["post-25558","post","type-post","status-publish","format-standard","has-post-thumbnail","hentry","category-podcast"],"_links":{"self":[{"href":"https:\/\/wncri.org\/fr\/wp-json\/wp\/v2\/posts\/25558","targetHints":{"allow":["GET"]}}],"collection":[{"href":"https:\/\/wncri.org\/fr\/wp-json\/wp\/v2\/posts"}],"about":[{"href":"https:\/\/wncri.org\/fr\/wp-json\/wp\/v2\/types\/post"}],"author":[{"embeddable":true,"href":"https:\/\/wncri.org\/fr\/wp-json\/wp\/v2\/users\/4"}],"replies":[{"embeddable":true,"href":"https:\/\/wncri.org\/fr\/wp-json\/wp\/v2\/comments?post=25558"}],"version-history":[{"count":1,"href":"https:\/\/wncri.org\/fr\/wp-json\/wp\/v2\/posts\/25558\/revisions"}],"predecessor-version":[{"id":25560,"href":"https:\/\/wncri.org\/fr\/wp-json\/wp\/v2\/posts\/25558\/revisions\/25560"}],"wp:featuredmedia":[{"embeddable":true,"href":"https:\/\/wncri.org\/fr\/wp-json\/wp\/v2\/media\/25559"}],"wp:attachment":[{"href":"https:\/\/wncri.org\/fr\/wp-json\/wp\/v2\/media?parent=25558"}],"wp:term":[{"taxonomy":"category","embeddable":true,"href":"https:\/\/wncri.org\/fr\/wp-json\/wp\/v2\/categories?post=25558"},{"taxonomy":"post_tag","embeddable":true,"href":"https:\/\/wncri.org\/fr\/wp-json\/wp\/v2\/tags?post=25558"}],"curies":[{"name":"wp","href":"https:\/\/api.w.org\/{rel}","templated":true}]}}