{"id":25524,"date":"2026-02-10T20:48:13","date_gmt":"2026-02-10T19:48:13","guid":{"rendered":"https:\/\/wncri.org\/fr\/?p=25524"},"modified":"2026-02-10T20:48:14","modified_gmt":"2026-02-10T19:48:14","slug":"campagne-mardis-contre-les-executions","status":"publish","type":"post","link":"https:\/\/wncri.org\/fr\/2026\/02\/10\/campagne-mardis-contre-les-executions\/","title":{"rendered":"Campagne \u00ab Mardis contre les ex\u00e9cutions \u00bb : 107e semaine dans 56 prisons"},"content":{"rendered":"\n<h4 class=\"wp-block-heading\">Le communiqu\u00e9 marquant la 107e semaine de la campagne Mardis contre les ex\u00e9cutions a \u00e9t\u00e9 publi\u00e9.<\/h4>\n\n\n\n<p>Cette initiative de protestation continue, men\u00e9e \u00e0 travers des <a href=\"https:\/\/wncri.org\/fr\/2026\/02\/04\/non-aux-executions-du-mardi-4\/\" target=\"_blank\" rel=\"noreferrer noopener\">gr\u00e8ves de la faim<\/a> dans 56 prisons \u00e0 travers l\u2019Iran, lance un avertissement s\u00e9v\u00e8re concernant le recours croissant \u00e0 la peine de mort et la d\u00e9t\u00e9rioration alarmante des conditions de d\u00e9tention des prisonniers politiques.<\/p>\n\n\n\n<p>La publication de ce communiqu\u00e9 intervient dans un contexte de forte inqui\u00e9tude apr\u00e8s le soul\u00e8vement de janvier 2026, alors que de nombreuses informations font \u00e9tat d\u2019une intensification de la r\u00e9pression \u00e9tatique, d\u2019arrestations massives et du renforcement des mesures s\u00e9curitaires dans plusieurs r\u00e9gions d\u2019Iran.<\/p>\n\n\n\n<h3 class=\"wp-block-heading\"><strong>R\u00e9pression intensifi\u00e9e apr\u00e8s le soul\u00e8vement de janvier 2026<\/strong><\/h3>\n\n\n\n<p>Selon les informations cit\u00e9es dans le communiqu\u00e9, lors du soul\u00e8vement de janvier 2026, les forces de s\u00e9curit\u00e9 ont eu recours \u00e0 une violence g\u00e9n\u00e9ralis\u00e9e et syst\u00e9matique, entra\u00eenant la <a href=\"https:\/\/wncri.org\/fr\/2026\/02\/10\/maryam-radjavi-conseil-de-securite-onu\/\" target=\"_blank\" rel=\"noreferrer noopener\">mort de milliers de manifestants et l\u2019arrestation<\/a> de dizaines de milliers de personnes, majoritairement des jeunes.<\/p>\n\n\n\n<p>Les organisateurs de la campagne rapportent que de nombreux d\u00e9tenus ont \u00e9t\u00e9 soumis \u00e0 de graves<a href=\"https:\/\/x.com\/Maryam_Rajavi_F\/status\/2020573938456076556\" target=\"_blank\" rel=\"noreferrer noopener\"> pressions physiques<\/a> et psychologiques visant \u00e0 leur extorquer des aveux forc\u00e9s.<\/p>\n\n\n\n<p>Le communiqu\u00e9 souligne \u00e9galement l\u2019arrestation d\u2019avocats, de m\u00e9decins et de personnels de sant\u00e9, dans le cadre d\u2019une politique plus large d\u2019intimidation destin\u00e9e \u00e0 instiller la peur au sein de la soci\u00e9t\u00e9. Cette tendance est d\u00e9crite comme un indicateur clair de l\u2019ins\u00e9curit\u00e9 croissante des autorit\u00e9s face \u00e0 la persistance de la r\u00e9sistance sociale et de la contestation populaire.<\/p>\n\n\n<div class=\"wp-block-image\">\n<figure class=\"aligncenter size-full\"><img decoding=\"async\" src=\"data:image\/gif;base64,R0lGODlhAQABAIAAAAAAAP\/\/\/yH5BAEAAAAALAAAAAABAAEAAAIBRAA7\" data-src=\"https:\/\/wncri.org\/fr\/wp-content\/uploads\/2026\/02\/NCRI-Women-No-to-Execution-Tuesdays-WK107_2-1.jpg\" alt=\"Campagne \u00ab Mardis contre les ex\u00e9cutions \u00bb : 107e semaine dans 56 prisons\" class=\"wp-image-25525 lazyload\"\/><noscript><img decoding=\"async\" width=\"750\" height=\"375\" src=\"https:\/\/wncri.org\/fr\/wp-content\/uploads\/2026\/02\/NCRI-Women-No-to-Execution-Tuesdays-WK107_2-1.jpg\" alt=\"Campagne \u00ab Mardis contre les ex\u00e9cutions \u00bb : 107e semaine dans 56 prisons\" class=\"wp-image-25525 lazyload\" srcset=\"https:\/\/wncri.org\/fr\/wp-content\/uploads\/2026\/02\/NCRI-Women-No-to-Execution-Tuesdays-WK107_2-1.jpg 750w, https:\/\/wncri.org\/fr\/wp-content\/uploads\/2026\/02\/NCRI-Women-No-to-Execution-Tuesdays-WK107_2-1-300x150.jpg 300w, https:\/\/wncri.org\/fr\/wp-content\/uploads\/2026\/02\/NCRI-Women-No-to-Execution-Tuesdays-WK107_2-1-360x180.jpg 360w\" sizes=\"(max-width: 750px) 100vw, 750px\" \/><\/noscript><\/figure>\n<\/div>\n\n\n<h3 class=\"wp-block-heading\"><strong>Les familles, moteur social de la campagne<\/strong><\/h3>\n\n\n\n<p>Le communiqu\u00e9 de la 107e semaine met particuli\u00e8rement en lumi\u00e8re le r\u00f4le central jou\u00e9 par les familles des prisonniers et des victimes dans l\u2019\u00e9largissement de l\u2019assise sociale de la campagne Mardis contre les ex\u00e9cutions.<\/p>\n\n\n\n<p>Leur pr\u00e9sence constante lors des rassemblements de protestation, souvent munies des photos de leurs proches, a transform\u00e9 l\u2019opposition aux ex\u00e9cutions, passant d\u2019un acte symbolique \u00e0 une revendication puissante, humaine et largement partag\u00e9e.<\/p>\n\n\n\n<p>Gr\u00e2ce \u00e0 un engagement public continu et \u00e0 des slogans scand\u00e9s collectivement, les familles en qu\u00eate de justice ont renforc\u00e9 la voix collective contre la peine de mort. Cette opposition ne se limite plus \u00e0 un cas individuel ou \u00e0 un prisonnier en particulier, mais exprime d\u00e9sormais une exigence soci\u00e9tale plus large en faveur de l\u2019abolition des ex\u00e9cutions.<\/p>\n\n\n\n<p>Parmi les slogans entendus lors de ces rassemblements figurent :<\/p>\n\n\n\n<p>\u00ab N\u2019ex\u00e9cutez pas \u00bb, \u00ab Non \u00e0 la peine de mort \u00bb et \u00ab Soutenez les Mardis contre les ex\u00e9cutions \u00bb.<\/p>\n","protected":false},"excerpt":{"rendered":"<p>Le communiqu\u00e9 marquant la 107e semaine de la campagne Mardis contre les ex\u00e9cutions a \u00e9t\u00e9 publi\u00e9. Cette initiative de protestation continue, men\u00e9e \u00e0 travers des gr\u00e8ves de la faim dans 56 prisons \u00e0 travers l\u2019Iran, lance un avertissement s\u00e9v\u00e8re concernant le recours croissant \u00e0 la peine de mort et la d\u00e9t\u00e9rioration alarmante des conditions de [&hellip;]<\/p>\n","protected":false},"author":4,"featured_media":25526,"comment_status":"closed","ping_status":"closed","sticky":false,"template":"","format":"standard","meta":{"jnews-multi-image_gallery":[],"jnews_single_post":{"format":"standard"},"jnews_primary_category":[],"jnews_social_meta":[],"jnews_override_counter":[],"footnotes":""},"categories":[3],"tags":[369],"class_list":["post-25524","post","type-post","status-publish","format-standard","has-post-thumbnail","hentry","category-infos-des-femmes","tag-manifestations"],"_links":{"self":[{"href":"https:\/\/wncri.org\/fr\/wp-json\/wp\/v2\/posts\/25524","targetHints":{"allow":["GET"]}}],"collection":[{"href":"https:\/\/wncri.org\/fr\/wp-json\/wp\/v2\/posts"}],"about":[{"href":"https:\/\/wncri.org\/fr\/wp-json\/wp\/v2\/types\/post"}],"author":[{"embeddable":true,"href":"https:\/\/wncri.org\/fr\/wp-json\/wp\/v2\/users\/4"}],"replies":[{"embeddable":true,"href":"https:\/\/wncri.org\/fr\/wp-json\/wp\/v2\/comments?post=25524"}],"version-history":[{"count":1,"href":"https:\/\/wncri.org\/fr\/wp-json\/wp\/v2\/posts\/25524\/revisions"}],"predecessor-version":[{"id":25527,"href":"https:\/\/wncri.org\/fr\/wp-json\/wp\/v2\/posts\/25524\/revisions\/25527"}],"wp:featuredmedia":[{"embeddable":true,"href":"https:\/\/wncri.org\/fr\/wp-json\/wp\/v2\/media\/25526"}],"wp:attachment":[{"href":"https:\/\/wncri.org\/fr\/wp-json\/wp\/v2\/media?parent=25524"}],"wp:term":[{"taxonomy":"category","embeddable":true,"href":"https:\/\/wncri.org\/fr\/wp-json\/wp\/v2\/categories?post=25524"},{"taxonomy":"post_tag","embeddable":true,"href":"https:\/\/wncri.org\/fr\/wp-json\/wp\/v2\/tags?post=25524"}],"curies":[{"name":"wp","href":"https:\/\/api.w.org\/{rel}","templated":true}]}}