{"id":2547,"date":"2017-09-14T10:31:21","date_gmt":"2017-09-14T10:31:21","guid":{"rendered":"https:\/\/wncri.org\/frdev\/2017\/09\/14\/iran-des-femmes-alpinistes-solidaires-des-porteurs-transfrontaliers\/"},"modified":"2017-09-14T10:31:21","modified_gmt":"2017-09-14T10:31:21","slug":"iran-des-femmes-alpinistes-solidaires-des-porteurs-transfrontaliers","status":"publish","type":"post","link":"https:\/\/wncri.org\/fr\/2017\/09\/14\/iran-des-femmes-alpinistes-solidaires-des-porteurs-transfrontaliers\/","title":{"rendered":"Iran: Des femmes alpinistes solidaires des porteurs transfrontaliers"},"content":{"rendered":"<p>CNRI Femmes &#8211; Des femmes en Iran ont escalad\u00e9 le mont Damavand, au nord de T\u00e9h\u00e9ran, pour rendre hommage aux porteurs transfrontaliers sans d\u00e9fense tu\u00e9s arbitrairement par les gardes de l&#8217;\u00c9tat sur la fronti\u00e8re occidentale de l&#8217;Iran.<\/p>\n<p>  <!--more-->  <\/p>\n<p>Ces derniers jours, des manifestations de masse ont \u00e9t\u00e9 organis\u00e9es dans la ville de Baneh (province du Kurdistan iranien) en signe de protestation contre les meurtres syst\u00e9matiques et arbitraires des porteurs qui gagnent leur vie en transportant de lourdes charges sur leurs \u00e9paules. Ils sont abattus par des tirs de la police des fronti\u00e8res.<\/p>\n","protected":false},"excerpt":{"rendered":"<p>CNRI Femmes &#8211; Des femmes en Iran ont escalad\u00e9 le mont Damavand, au nord de T\u00e9h\u00e9ran, pour rendre hommage aux porteurs transfrontaliers sans d\u00e9fense tu\u00e9s arbitrairement par les gardes de l&#8217;\u00c9tat sur la fronti\u00e8re occidentale de l&#8217;Iran.<\/p>\n","protected":false},"author":1,"featured_media":5170,"comment_status":"open","ping_status":"open","sticky":false,"template":"","format":"standard","meta":{"jnews-multi-image_gallery":[],"jnews_single_post":[],"jnews_primary_category":[],"jnews_social_meta":[],"jnews_override_counter":[],"footnotes":""},"categories":[3],"tags":[],"class_list":["post-2547","post","type-post","status-publish","format-standard","has-post-thumbnail","hentry","category-infos-des-femmes"],"_links":{"self":[{"href":"https:\/\/wncri.org\/fr\/wp-json\/wp\/v2\/posts\/2547","targetHints":{"allow":["GET"]}}],"collection":[{"href":"https:\/\/wncri.org\/fr\/wp-json\/wp\/v2\/posts"}],"about":[{"href":"https:\/\/wncri.org\/fr\/wp-json\/wp\/v2\/types\/post"}],"author":[{"embeddable":true,"href":"https:\/\/wncri.org\/fr\/wp-json\/wp\/v2\/users\/1"}],"replies":[{"embeddable":true,"href":"https:\/\/wncri.org\/fr\/wp-json\/wp\/v2\/comments?post=2547"}],"version-history":[{"count":0,"href":"https:\/\/wncri.org\/fr\/wp-json\/wp\/v2\/posts\/2547\/revisions"}],"wp:featuredmedia":[{"embeddable":true,"href":"https:\/\/wncri.org\/fr\/wp-json\/wp\/v2\/media\/5170"}],"wp:attachment":[{"href":"https:\/\/wncri.org\/fr\/wp-json\/wp\/v2\/media?parent=2547"}],"wp:term":[{"taxonomy":"category","embeddable":true,"href":"https:\/\/wncri.org\/fr\/wp-json\/wp\/v2\/categories?post=2547"},{"taxonomy":"post_tag","embeddable":true,"href":"https:\/\/wncri.org\/fr\/wp-json\/wp\/v2\/tags?post=2547"}],"curies":[{"name":"wp","href":"https:\/\/api.w.org\/{rel}","templated":true}]}}