{"id":25314,"date":"2026-02-03T21:52:26","date_gmt":"2026-02-03T20:52:26","guid":{"rendered":"https:\/\/wncri.org\/fr\/?p=25314"},"modified":"2026-02-09T00:01:24","modified_gmt":"2026-02-08T23:01:24","slug":"shokoufeh-abdi-originaire-de-shazand","status":"publish","type":"post","link":"https:\/\/wncri.org\/fr\/2026\/02\/03\/shokoufeh-abdi-originaire-de-shazand\/","title":{"rendered":"Shokoufeh Abdi"},"content":{"rendered":"\n<h4 class=\"wp-block-heading\">Shokoufeh Abdi, originaire de <a href=\"https:\/\/fr.wikipedia.org\/wiki\/Chazand\" target=\"_blank\" rel=\"noreferrer noopener\">Shazand<\/a>, a \u00e9t\u00e9 tu\u00e9e lors des manifestations nationales \u00e0 Arak dans la nuit du 9 janvier 2026, <a href=\"https:\/\/wncri.org\/fr\/2026\/01\/22\/massacre-organise-de-manifestants\/\" target=\"_blank\" rel=\"noreferrer noopener\">apr\u00e8s avoir \u00e9t\u00e9 abattue<\/a> par les forces du Corps des gardiens de la r\u00e9volution islamique (CGRI).<\/h4>\n\n\n\n<p>Son corps a \u00e9t\u00e9 enterr\u00e9 dans sa ville natale de Shazand.<\/p>\n\n\n\n<p>Shokoufeh Abdi travaillait dans un studio de photographie \u00e0 Arak, o\u00f9 son travail capturait et documentait la beaut\u00e9 de la vie quotidienne parmi la population.<\/p>\n\n\n<div class=\"wp-block-image\">\n<figure class=\"aligncenter size-full\"><img decoding=\"async\" src=\"data:image\/gif;base64,R0lGODlhAQABAIAAAAAAAP\/\/\/yH5BAEAAAAALAAAAAABAAEAAAIBRAA7\" data-src=\"https:\/\/wncri.org\/fr\/wp-content\/uploads\/2026\/02\/NCRI-women-Shokoufeh-Abdi-.jpg\" alt=\"Shokoufeh Abdi, originaire de Shazand\" class=\"wp-image-25315 lazyload\"\/><noscript><img decoding=\"async\" width=\"750\" height=\"375\" src=\"https:\/\/wncri.org\/fr\/wp-content\/uploads\/2026\/02\/NCRI-women-Shokoufeh-Abdi-.jpg\" alt=\"Shokoufeh Abdi, originaire de Shazand\" class=\"wp-image-25315 lazyload\" srcset=\"https:\/\/wncri.org\/fr\/wp-content\/uploads\/2026\/02\/NCRI-women-Shokoufeh-Abdi-.jpg 750w, https:\/\/wncri.org\/fr\/wp-content\/uploads\/2026\/02\/NCRI-women-Shokoufeh-Abdi--300x150.jpg 300w, https:\/\/wncri.org\/fr\/wp-content\/uploads\/2026\/02\/NCRI-women-Shokoufeh-Abdi--360x180.jpg 360w\" sizes=\"(max-width: 750px) 100vw, 750px\" \/><\/noscript><\/figure>\n<\/div>","protected":false},"excerpt":{"rendered":"<p>Shokoufeh Abdi, originaire de Shazand, a \u00e9t\u00e9 tu\u00e9e lors des manifestations nationales \u00e0 Arak dans la nuit du 9 janvier 2026, apr\u00e8s avoir \u00e9t\u00e9 abattue par les forces du Corps des gardiens de la r\u00e9volution islamique (CGRI). Son corps a \u00e9t\u00e9 enterr\u00e9 dans sa ville natale de Shazand. Shokoufeh Abdi travaillait dans un studio de [&hellip;]<\/p>\n","protected":false},"author":4,"featured_media":25451,"comment_status":"closed","ping_status":"closed","sticky":false,"template":"","format":"standard","meta":{"jnews-multi-image_gallery":[],"jnews_single_post":{"format":"standard"},"jnews_primary_category":[],"jnews_social_meta":[],"jnews_override_counter":[],"footnotes":""},"categories":[25],"tags":[],"class_list":["post-25314","post","type-post","status-publish","format-standard","has-post-thumbnail","hentry","category-tombees-pour-la-liberte"],"_links":{"self":[{"href":"https:\/\/wncri.org\/fr\/wp-json\/wp\/v2\/posts\/25314","targetHints":{"allow":["GET"]}}],"collection":[{"href":"https:\/\/wncri.org\/fr\/wp-json\/wp\/v2\/posts"}],"about":[{"href":"https:\/\/wncri.org\/fr\/wp-json\/wp\/v2\/types\/post"}],"author":[{"embeddable":true,"href":"https:\/\/wncri.org\/fr\/wp-json\/wp\/v2\/users\/4"}],"replies":[{"embeddable":true,"href":"https:\/\/wncri.org\/fr\/wp-json\/wp\/v2\/comments?post=25314"}],"version-history":[{"count":2,"href":"https:\/\/wncri.org\/fr\/wp-json\/wp\/v2\/posts\/25314\/revisions"}],"predecessor-version":[{"id":25453,"href":"https:\/\/wncri.org\/fr\/wp-json\/wp\/v2\/posts\/25314\/revisions\/25453"}],"wp:featuredmedia":[{"embeddable":true,"href":"https:\/\/wncri.org\/fr\/wp-json\/wp\/v2\/media\/25451"}],"wp:attachment":[{"href":"https:\/\/wncri.org\/fr\/wp-json\/wp\/v2\/media?parent=25314"}],"wp:term":[{"taxonomy":"category","embeddable":true,"href":"https:\/\/wncri.org\/fr\/wp-json\/wp\/v2\/categories?post=25314"},{"taxonomy":"post_tag","embeddable":true,"href":"https:\/\/wncri.org\/fr\/wp-json\/wp\/v2\/tags?post=25314"}],"curies":[{"name":"wp","href":"https:\/\/api.w.org\/{rel}","templated":true}]}}