{"id":25311,"date":"2026-02-03T21:50:30","date_gmt":"2026-02-03T20:50:30","guid":{"rendered":"https:\/\/wncri.org\/fr\/?p=25311"},"modified":"2026-02-03T21:50:31","modified_gmt":"2026-02-03T20:50:31","slug":"hajar-eshaghi-habitante-dispahan","status":"publish","type":"post","link":"https:\/\/wncri.org\/fr\/2026\/02\/03\/hajar-eshaghi-habitante-dispahan\/","title":{"rendered":"Hajar Eshaghi"},"content":{"rendered":"\n<h4 class=\"wp-block-heading\">Hajar Eshaghi, habitante <a href=\"https:\/\/fr.wikipedia.org\/wiki\/Ispahan\" target=\"_blank\" rel=\"noreferrer noopener\">d\u2019Ispahan<\/a>, a \u00e9t\u00e9 tu\u00e9e lors des manifestations nationales du 9 janvier 2026, apr\u00e8s que les forces de s\u00e9curit\u00e9 ont <a href=\"https:\/\/wncri.org\/fr\/2026\/01\/23\/femmes-et-des-filles-crime\/\" target=\"_blank\" rel=\"noreferrer noopener\">tir\u00e9 des balles r\u00e9elles directement sur son c\u0153ur<\/a>.<\/h4>\n\n\n\n<p>\u00c2g\u00e9e de 42 ans, m\u00e8re d\u2019un jeune gar\u00e7on, elle travaillait au service commercial d\u2019une entreprise priv\u00e9e.<\/p>\n\n\n\n<p>Hajar Eshaghi a \u00e9t\u00e9 inhum\u00e9e le 16 janvier 2026 au cimeti\u00e8re de Bagh-e Rezvan, \u00e0 Ispahan.<\/p>\n","protected":false},"excerpt":{"rendered":"<p>Hajar Eshaghi, habitante d\u2019Ispahan, a \u00e9t\u00e9 tu\u00e9e lors des manifestations nationales du 9 janvier 2026, apr\u00e8s que les forces de s\u00e9curit\u00e9 ont tir\u00e9 des balles r\u00e9elles directement sur son c\u0153ur. \u00c2g\u00e9e de 42 ans, m\u00e8re d\u2019un jeune gar\u00e7on, elle travaillait au service commercial d\u2019une entreprise priv\u00e9e. Hajar Eshaghi a \u00e9t\u00e9 inhum\u00e9e le 16 janvier 2026 [&hellip;]<\/p>\n","protected":false},"author":4,"featured_media":25312,"comment_status":"closed","ping_status":"closed","sticky":false,"template":"","format":"standard","meta":{"jnews-multi-image_gallery":[],"jnews_single_post":{"format":"standard"},"jnews_primary_category":[],"jnews_social_meta":[],"jnews_override_counter":[],"footnotes":""},"categories":[25],"tags":[],"class_list":["post-25311","post","type-post","status-publish","format-standard","has-post-thumbnail","hentry","category-tombees-pour-la-liberte"],"_links":{"self":[{"href":"https:\/\/wncri.org\/fr\/wp-json\/wp\/v2\/posts\/25311","targetHints":{"allow":["GET"]}}],"collection":[{"href":"https:\/\/wncri.org\/fr\/wp-json\/wp\/v2\/posts"}],"about":[{"href":"https:\/\/wncri.org\/fr\/wp-json\/wp\/v2\/types\/post"}],"author":[{"embeddable":true,"href":"https:\/\/wncri.org\/fr\/wp-json\/wp\/v2\/users\/4"}],"replies":[{"embeddable":true,"href":"https:\/\/wncri.org\/fr\/wp-json\/wp\/v2\/comments?post=25311"}],"version-history":[{"count":1,"href":"https:\/\/wncri.org\/fr\/wp-json\/wp\/v2\/posts\/25311\/revisions"}],"predecessor-version":[{"id":25313,"href":"https:\/\/wncri.org\/fr\/wp-json\/wp\/v2\/posts\/25311\/revisions\/25313"}],"wp:featuredmedia":[{"embeddable":true,"href":"https:\/\/wncri.org\/fr\/wp-json\/wp\/v2\/media\/25312"}],"wp:attachment":[{"href":"https:\/\/wncri.org\/fr\/wp-json\/wp\/v2\/media?parent=25311"}],"wp:term":[{"taxonomy":"category","embeddable":true,"href":"https:\/\/wncri.org\/fr\/wp-json\/wp\/v2\/categories?post=25311"},{"taxonomy":"post_tag","embeddable":true,"href":"https:\/\/wncri.org\/fr\/wp-json\/wp\/v2\/tags?post=25311"}],"curies":[{"name":"wp","href":"https:\/\/api.w.org\/{rel}","templated":true}]}}