{"id":2522,"date":"2017-09-02T11:44:59","date_gmt":"2017-09-02T11:44:59","guid":{"rendered":"https:\/\/wncri.org\/frdev\/2017\/09\/02\/fatemeh-kamyab-sharifi\/"},"modified":"2017-09-02T11:44:59","modified_gmt":"2017-09-02T11:44:59","slug":"fatemeh-kamyab-sharifi","status":"publish","type":"post","link":"https:\/\/wncri.org\/fr\/2017\/09\/02\/fatemeh-kamyab-sharifi\/","title":{"rendered":"Fatemeh Kamyab Sharifi"},"content":{"rendered":"<p>D\u00e9vou\u00e9e et courageuse<\/p>\n<p>\u00a0<\/p>\n<p>Date de naissance: 24 f\u00e9vrier 1962<\/p>\n<p>Lieu de naissance: Lacht-e Necha (Racht)<\/p>\n<p>Etudes : Baccalaur\u00e9at<\/p>\n<p>Ann\u00e9es de prison: 4 ans<\/p>\n<p>Activisme politique: 33 ans<\/p>\n<p>Tomb\u00e9e au champ d&#8217;honneur : 1 septembre 2013<\/p>\n<p>  <!--more-->  <\/p>\n<p><strong>\u00a0<\/strong><\/p>\n<p>Fatemeh est n\u00e9e d&#8217;une famille de classe moyenne dans le village de Lacht-e Necha pr\u00e8s de Racht, dans le nord de l&#8217;Iran.<\/p>\n<p>Elle a fait ses \u00e9tudes \u00e0 T\u00e9h\u00e9ran. Au lyc\u00e9e, en qu\u00eate de solution aux probl\u00e8mes sociaux, elle s&#8217;est familiaris\u00e9e avec les Moudjahidine du peuple d\u2019Iran (OMPI), l&#8217;opposition d\u00e9mocratique au chah puis aux mollahs. Les id\u00e9aux et les objectifs de l&#8217;OMPI ont constitu\u00e9 pour elle un nouveau d\u00e9part dans la vie.<\/p>\n<p>Dans les soul\u00e8vements de 1979, elle \u00e9tait toujours en premi\u00e8re ligne des manifestations et des meetings.<\/p>\n<p>Apr\u00e8s la r\u00e9volution contre le chah, Fatemeh a commenc\u00e9 ses activit\u00e9s politiques avec les groupes de soutien de l&#8217;OMPI dans divers secteurs de T\u00e9h\u00e9ran, comme le quartier de Khazaneh dans le sud de la capitale. Les attaques r\u00e9p\u00e9t\u00e9es et les coups des gardiens de la r\u00e9volution et des miliciens du Bassidj ne l&#8217;ont pas d\u00e9courag\u00e9e mais l&#8217;ont d\u00e9termin\u00e9e \u00e0 poursuivre ses activit\u00e9s. Fatemeh avait l&#8217;habitude de dire: \u00abCes passage \u00e0 tabac ne pourront jamais me dissuader parce que nous avons le devoir d&#8217;informer les gens sur l&#8217;id\u00e9ologie extr\u00e9miste et int\u00e9griste des mollahs\u00bb.<\/p>\n<p>Fatemeh a \u00e9t\u00e9 arr\u00eat\u00e9e lors d&#8217;une manifestation de masse le 9 juin 1981 avec 80 autres filles, principalement des lyc\u00e9ennes de moins de 18 ans. Elles ont \u00e9t\u00e9 emmen\u00e9es dans une prison \u00e0 l&#8217;ext\u00e9rieur de la ville de Karadj, en banlieue t\u00e9h\u00e9ranaise.<\/p>\n<p>En prison, elle a refus\u00e9 de divulguer son nom en signe de protestation contre son arrestation ill\u00e9gale et les tortionnaires n&#8217;ont pas r\u00e9ussi \u00e0 la briser malgr\u00e9 de fortes pressions et des tortures.<\/p>\n<p>Sa motivation et sa d\u00e9termination de se sont renforc\u00e9es apr\u00e8s l&#8217;ex\u00e9cution de son fr\u00e8re cadet Bijan, \u00e2g\u00e9e de 17 ans, le 8 f\u00e9vrier 1982.<\/p>\n<p>En juin 1982, Fatemeh a \u00e9t\u00e9 transf\u00e9r\u00e9e \u00e0 la prison de Ghezelhessar o\u00f9 on lui a d&#8217;abord offert de la lib\u00e9rer en \u00e9change de faux aveux \u00e0 la t\u00e9l\u00e9vision contre l&#8217;OMPI. Elle a refus\u00e9 et a \u00e9t\u00e9 transf\u00e9r\u00e9e \u00e0 la section 8 de punitions.<\/p>\n<p>Malgr\u00e9 une pression intense sur les prisonni\u00e8res de cette section, le sourire n&#8217;a jamais quitt\u00e9 ses l\u00e8vres. Ses cod\u00e9tenues ont racont\u00e9 que \u00ab\u00a0chaque fois que nous voyions Fatemeh, nous pensions que son esprit \u00e9tait de l&#8217;autre c\u00f4t\u00e9 des barreaux de la prison dans un monde brillant et plein d&#8217;espoir. On ne voyait jamais de signe de fatigue ou de faiblesse chez elle malgr\u00e9 les tortures. Elle ne parlait pas beaucoup, mais quand elle le faisait, elle disait des choses profondes.\u00a0\u00bb<\/p>\n<p>Elle a donc pass\u00e9 un an et demi dans la section 8. Pour la briser, elle a \u00e9t\u00e9 transf\u00e9r\u00e9e \u00e0 l&#8217;isolement. Bien qu&#8217;elle ait \u00e9t\u00e9 condamn\u00e9e \u00e0 un an de prison, elle en a fait trois suppl\u00e9mentaires avant d\u2019\u00eatre lib\u00e9r\u00e9e.<\/p>\n<p>En rentrant chez elle, Fatemeh a d\u00fb faire un choix capital. Son p\u00e8re, qui l&#8217;aimait et s&#8217;occupait de son bien-\u00eatre, esp\u00e9rait la garder pour toujours \u00e0 ses c\u00f4t\u00e9s, mais Fatemeh qui avait \u00e9t\u00e9 t\u00e9moin des crimes du r\u00e9gime contre les filles et les femmes, qui avait vu les tortures et les ex\u00e9cutions collectives groupes apr\u00e8s groupes de partisans de l&#8217;OMPI durant ses quatre ann\u00e9es de r\u00e9clusion, a choisi de poursuivre sa lutte et la voie sur laquelle tant d\u2019autres avaient donn\u00e9 leur vie.<\/p>\n<p>Elle n&#8217;a cess\u00e9 de chercher un moyen de rejoindre la r\u00e9sistance jusqu&#8217;\u00e0 ce qu&#8217;elle r\u00e9ussisse enfin \u00e0 atteindre la cit\u00e9 d&#8217;Achraf en 1987.<\/p>\n<p>Fatemeh \u00e9tait un mod\u00e8le de patience et de force pour surmonter tous les obstacles et prendre d&#8217;\u00e9normes responsabilit\u00e9s. Son visage calme et confiant avec son beau sourire rassurait ses coll\u00e8gues lorsque le travail semblait difficile et impossible. Elle arrivait \u00e0 r\u00e9soudre tous les probl\u00e8mes \u00e0 force de patience et de travail.<\/p>\n<p>Fatemeh aimait ses camarades. C&#8217;\u00e9tait une femme pleine de dignit\u00e9, d&#8217;autodiscipline, de force et de transparence, pleinement engag\u00e9e dans l&#8217;accomplissement de ses fonctions. Cela a fait d&#8217;elle une personne sur laquelle tout le monde comptait, particuli\u00e8rement pendant les longues ann\u00e9es de pers\u00e9v\u00e9rance au camp d&#8217;Achraf face aux multiples attaques et aux divers blocus.<\/p>\n<p>Fatemeh faisait partie de la centaine d&#8217;habitants rest\u00e9s \u00e0 Achraf apr\u00e8s que tout le monde ait \u00e9t\u00e9 transf\u00e9r\u00e9 au camp Liberty. Son d\u00e9vouement et son courage ont atteint leur sommet lors du massacre de 52 Moudjahidine du peuple d&#8217;Iran le 1er septembre 2013.<\/p>\n<p>Sa r\u00e9sistance \u00e9pique ce jour-l\u00e0 repr\u00e9sente pour toujours le d\u00e9vouement et le courage des femmes iraniennes dans leur qu\u00eate de la libert\u00e9.<\/p>\n","protected":false},"excerpt":{"rendered":"<p>D\u00e9vou\u00e9e et courageuse \u00a0 Date de naissance: 24 f\u00e9vrier 1962 Lieu de naissance: Lacht-e Necha (Racht) Etudes : Baccalaur\u00e9at Ann\u00e9es de prison: 4 ans Activisme politique: 33 ans Tomb\u00e9e au champ d&#8217;honneur : 1 septembre 2013<\/p>\n","protected":false},"author":1,"featured_media":5142,"comment_status":"open","ping_status":"open","sticky":false,"template":"","format":"standard","meta":{"jnews-multi-image_gallery":[],"jnews_single_post":[],"jnews_primary_category":[],"jnews_social_meta":[],"jnews_override_counter":[],"footnotes":""},"categories":[25],"tags":[],"class_list":["post-2522","post","type-post","status-publish","format-standard","has-post-thumbnail","hentry","category-tombees-pour-la-liberte"],"_links":{"self":[{"href":"https:\/\/wncri.org\/fr\/wp-json\/wp\/v2\/posts\/2522","targetHints":{"allow":["GET"]}}],"collection":[{"href":"https:\/\/wncri.org\/fr\/wp-json\/wp\/v2\/posts"}],"about":[{"href":"https:\/\/wncri.org\/fr\/wp-json\/wp\/v2\/types\/post"}],"author":[{"embeddable":true,"href":"https:\/\/wncri.org\/fr\/wp-json\/wp\/v2\/users\/1"}],"replies":[{"embeddable":true,"href":"https:\/\/wncri.org\/fr\/wp-json\/wp\/v2\/comments?post=2522"}],"version-history":[{"count":0,"href":"https:\/\/wncri.org\/fr\/wp-json\/wp\/v2\/posts\/2522\/revisions"}],"wp:featuredmedia":[{"embeddable":true,"href":"https:\/\/wncri.org\/fr\/wp-json\/wp\/v2\/media\/5142"}],"wp:attachment":[{"href":"https:\/\/wncri.org\/fr\/wp-json\/wp\/v2\/media?parent=2522"}],"wp:term":[{"taxonomy":"category","embeddable":true,"href":"https:\/\/wncri.org\/fr\/wp-json\/wp\/v2\/categories?post=2522"},{"taxonomy":"post_tag","embeddable":true,"href":"https:\/\/wncri.org\/fr\/wp-json\/wp\/v2\/tags?post=2522"}],"curies":[{"name":"wp","href":"https:\/\/api.w.org\/{rel}","templated":true}]}}