{"id":2519,"date":"2017-09-01T13:30:31","date_gmt":"2017-09-01T13:30:31","guid":{"rendered":"https:\/\/wncri.org\/frdev\/2017\/09\/01\/jila-tolou\/"},"modified":"2017-09-01T13:30:31","modified_gmt":"2017-09-01T13:30:31","slug":"jila-tolou","status":"publish","type":"post","link":"https:\/\/wncri.org\/fr\/2017\/09\/01\/jila-tolou\/","title":{"rendered":"Jila Tolou"},"content":{"rendered":"<p>Date de naissance: mars 1960<\/p>\n<p>Lieu de naissance: Tabriz<\/p>\n<p>Etudes : g\u00e9nie civil, universit\u00e9 d&#8217;Ispahan<\/p>\n<p>Activisme politique: 35 ans<\/p>\n<p>Tomb\u00e9e au champ d&#8217;honneur: 1er septembre 2013<\/p>\n<p>  <!--more-->  <\/p>\n<p><strong>\u00a0<\/strong><\/p>\n<p>Jila \u00e9tait \u00e9tudiante en g\u00e9nie civil \u00e0 l&#8217;universit\u00e9 d&#8217;Ispahan, en Iran, lorsque les soul\u00e8vements ont commenc\u00e9 en 1978. Elle a fait connaissance avec l&#8217;OMPI et ses aspirations au cours de la m\u00eame ann\u00e9e et s&#8217;est imm\u00e9diatement lanc\u00e9e dans les activit\u00e9s sociales et politiques au sein de l&#8217;association \u00e9tudiante soutenant l&#8217;OMPI dans son universit\u00e9.<\/p>\n<p>Elle a particip\u00e9 \u00e0 toutes les manifestations et rassemblements de la r\u00e9volution pour devenir une d\u00e9fenseure de la libert\u00e9 sociale et politique. Elle s&#8217;est oppos\u00e9e \u00e0 Khomeiny et \u00e0 ses mesures r\u00e9actionnaires, misogynes et dictatoriales.<\/p>\n<p>Jila aurait pu avoir une carri\u00e8re r\u00e9ussie dans un domaine tr\u00e8s exigeant et vivre confortablement. Au lieu de cela, elle a choisi un chemin diff\u00e9rent. Elle a assum\u00e9 la responsabilit\u00e9 d&#8217;une femme leader et progressiste qui a activement d\u00e9nonc\u00e9 et combattu la tyrannie des mollahs.<\/p>\n<p>Jila a du retourner chez elle quand Khomeiny a ferm\u00e9 toutes les universit\u00e9s. Mais elle a poursuivi ses activit\u00e9s \u00e0 Tabriz, dans le nord-ouest de l&#8217;Iran. En juin 1980, elle a \u00e9t\u00e9 arr\u00eat\u00e9e alors qu&#8217;elle collait des affiches dans les rues et a \u00e9t\u00e9 emprisonn\u00e9e pour une courte p\u00e9riode. A sa lib\u00e9ration, elle est devenue encore plus d\u00e9termin\u00e9e dans sa lutte contre le r\u00e9gime religieux misogyne et r\u00e9pressif.<\/p>\n<p>Apr\u00e8s le 20 juin 1981, lorsque la dicttaure religieuse a lanc\u00e9 sa r\u00e9pression massive contre tous les groupes d&#8217;opposition et l&#8217;OMPI, Jila a perdu ses contacts avec l&#8217;OMPI pendant un certain temps. Cependant elle a continu\u00e9 ses activit\u00e9s seule malgr\u00e9 l&#8217;intensification des arrestations et de la r\u00e9pression.<\/p>\n<p>Elle a finalement quitt\u00e9 le pays en 1983 pour rejoindre le mouvement.<\/p>\n<p>Jila a \u00e9t\u00e9 une des premi\u00e8res femmes \u00e0 rejoindre les rangs de l&#8217;Arm\u00e9e de lib\u00e9ration nationale iranienne et s&#8217;est engag\u00e9e dans diverses fonctions au sein de l&#8217;arm\u00e9e. Sa patience, sa gentillesse et son ouverture ont fait d&#8217;elle une des commandantes sup\u00e9rieures du camp d&#8217;Achraf.<\/p>\n<p>Jila \u00e9tait l&#8217;une des 1000 h\u00e9ro\u00efnes qui ont r\u00e9sist\u00e9 avec pers\u00e9v\u00e9rance et patience \u00e0 Achraf de 2003 \u00e0 2013.<\/p>\n<p>Elle est tomb\u00e9e au champ d&#8217;honneur lors du massacre des Achrafiens le 1er septembre 2013. La derni\u00e8re image montre Jila prot\u00e9geant de son corps la commandante Zohreh Ghaemi. Un beau symbole d&#8217;altruisme des femmes de l&#8217;OMPI qui restera une page d&#8217;or dans l&#8217;histoire des femmes iraniennes pour la libert\u00e9.<\/p>\n","protected":false},"excerpt":{"rendered":"<p>Date de naissance: mars 1960 Lieu de naissance: Tabriz Etudes : g\u00e9nie civil, universit\u00e9 d&#8217;Ispahan Activisme politique: 35 ans Tomb\u00e9e au champ d&#8217;honneur: 1er septembre 2013<\/p>\n","protected":false},"author":1,"featured_media":5138,"comment_status":"open","ping_status":"open","sticky":false,"template":"","format":"standard","meta":{"jnews-multi-image_gallery":[],"jnews_single_post":[],"jnews_primary_category":[],"jnews_social_meta":[],"jnews_override_counter":[],"footnotes":""},"categories":[25],"tags":[],"class_list":["post-2519","post","type-post","status-publish","format-standard","has-post-thumbnail","hentry","category-tombees-pour-la-liberte"],"_links":{"self":[{"href":"https:\/\/wncri.org\/fr\/wp-json\/wp\/v2\/posts\/2519","targetHints":{"allow":["GET"]}}],"collection":[{"href":"https:\/\/wncri.org\/fr\/wp-json\/wp\/v2\/posts"}],"about":[{"href":"https:\/\/wncri.org\/fr\/wp-json\/wp\/v2\/types\/post"}],"author":[{"embeddable":true,"href":"https:\/\/wncri.org\/fr\/wp-json\/wp\/v2\/users\/1"}],"replies":[{"embeddable":true,"href":"https:\/\/wncri.org\/fr\/wp-json\/wp\/v2\/comments?post=2519"}],"version-history":[{"count":0,"href":"https:\/\/wncri.org\/fr\/wp-json\/wp\/v2\/posts\/2519\/revisions"}],"wp:featuredmedia":[{"embeddable":true,"href":"https:\/\/wncri.org\/fr\/wp-json\/wp\/v2\/media\/5138"}],"wp:attachment":[{"href":"https:\/\/wncri.org\/fr\/wp-json\/wp\/v2\/media?parent=2519"}],"wp:term":[{"taxonomy":"category","embeddable":true,"href":"https:\/\/wncri.org\/fr\/wp-json\/wp\/v2\/categories?post=2519"},{"taxonomy":"post_tag","embeddable":true,"href":"https:\/\/wncri.org\/fr\/wp-json\/wp\/v2\/tags?post=2519"}],"curies":[{"name":"wp","href":"https:\/\/api.w.org\/{rel}","templated":true}]}}