{"id":2518,"date":"2017-08-31T16:06:05","date_gmt":"2017-08-31T16:06:05","guid":{"rendered":"https:\/\/wncri.org\/frdev\/2017\/08\/31\/mitra-bagherzadeh\/"},"modified":"2017-08-31T16:06:05","modified_gmt":"2017-08-31T16:06:05","slug":"mitra-bagherzadeh","status":"publish","type":"post","link":"https:\/\/wncri.org\/fr\/2017\/08\/31\/mitra-bagherzadeh\/","title":{"rendered":"Mitra Bagherzadeh"},"content":{"rendered":"<p>Curieuse de nature et amoureuse de la vie<\/p>\n<p>\u00a0<\/p>\n<p><strong>Ann\u00e9e de naissance <\/strong>: 1959<\/p>\n<p><strong>Lieu de naissance <\/strong>: Abadan, Iran<\/p>\n<p><strong>Etudes <\/strong>: 3<sup>e<\/sup> ann\u00e9e de management \u00e0 l\u2019universit\u00e9 Melli de T\u00e9h\u00e9ran<\/p>\n<p><strong>Activisme politique <\/strong>: 35 ans<\/p>\n<p>  <!--more-->  <\/p>\n<p>\u00a0<\/p>\n<p>Mitra Bagherzadeh est n\u00e9e \u00e0 Abadan dans le sud de l&#8217;Iran et a suivi ses \u00e9tudes primaires et secondaires sur l&#8217;\u00eele de Kharg, dans le Golfe persique. Elle aimait \u00e9tudier et a obtenu son bac avec la mention tr\u00e8s bien. Mitra est ensuite entr\u00e9e \u00e0 l&#8217;universit\u00e9 Melli de T\u00e9h\u00e9ran, pour y suivre un cursus de management.<\/p>\n<p>Sa deuxi\u00e8me ann\u00e9e \u00e0 l&#8217;universit\u00e9 a co\u00efncid\u00e9 avec la r\u00e9volution de 1979 en Iran lorsque les manifestations populaires et \u00e9tudiantes envahissaient les rues. Mitra participait avec enthousiasme aux manifestations. Elle s\u2019est approch\u00e9e de l&#8217;organisation des Moudjahidine du peuple (OMPI &#8211; l&#8217;opposition d\u00e9mocratique au chah puis aux mollahs) dont elle a lu les ouvrages et s&#8217;est familiaris\u00e9e avec les martyrs embl\u00e9matiques de ce mouvement comme Fatameh Amini ou Mehdi Rezai, la premi\u00e8re morte sous la torture et le second fusill\u00e9 \u00e0 19 ans sous le chah.<\/p>\n<p>Cette d\u00e9couverte a transform\u00e9 sa vie. Malgr\u00e9 sa passion des \u00e9tudes, elle fait le choix de se consacrer \u00e0 une cause plus vaste et une voie plein de d\u00e9fis. Le premier des d\u00e9fis a \u00e9t\u00e9 de convaincre son p\u00e8re, qui l&#8217;adorait et qui ne voulait pas qu&#8217;il lui arrive le moindre mal, de son choix.<\/p>\n<p>Elle a rejoint l&#8217;OMPI \u00e0 T\u00e9h\u00e9ran et commenc\u00e9 \u00e0 coop\u00e9rer avec son association \u00e9tudiante \u00e0 l&#8217;universit\u00e9 Melli. Mitra \u00e9tait humble et courageuse. Elle respectait tout le monde, mais faisait preuve de bravoure face aux voyous de la milice int\u00e9griste qui agressaient les partisans de l&#8217;OMPI dans les rues sous n&#8217;importe quel pr\u00e9texte.<\/p>\n<p>Quand Khomeiny a ordonn\u00e9 la fermeture des universit\u00e9s, Mitra a assum\u00e9 la responsabilit\u00e9 d\u2019une branche de fonctionnaires partisans de l&#8217;OMPI.<\/p>\n<p>Arrive alors la manifestation pacifique d&#8217;un demi-million de personnes \u00e0 T\u00e9h\u00e9ran le 20 juin 1981, contre laquelle Khomeiny donne l&#8217;ordre d&#8217;ouvrir le feu, d\u00e9clenchant une \u00e8re noire de vague d&#8217;arrestations et d&#8217;ex\u00e9cutions sommaires qui marque le d\u00e9but de la dictature religieuse et le d\u00e9clenchement de la r\u00e9sistance. Mitra utilise alors tous ses contacts et ses ressources pour prot\u00e9ger des membres de l&#8217;OMPI entr\u00e9s en clandestinit\u00e9 et r\u00e9pondre \u00e0 leurs besoins.<\/p>\n<p>Durant l&#8217;\u00e9t\u00e9 1982, alors que se poursuivent les vagues d&#8217;arrestation et d&#8217;ex\u00e9cutions de membres et sympathisants de l&#8217;OMPI, Mitra et plusieurs de ses camarades rejoignent la r\u00e9sistance dans le Kurdistan d&#8217;Iran. De l\u00e0, elle part en Occident pour mener ses activit\u00e9s en faveur de la libert\u00e9 en Iran.<\/p>\n<p>Lorsque l&#8217;Arm\u00e9e de lib\u00e9ration nationale iranienne (ALNI) est cr\u00e9\u00e9e en 1987, Mitra fait partie des premi\u00e8res femmes \u00e0 diriger une unit\u00e9 f\u00e9minine. \u00c0 cette \u00e9tape de sa vie, elle m\u00e8ne \u00e0 bien ses responsabilit\u00e9s avec enthousiasme, courage et foi. Elle \u00e9tait dur \u00e0 la t\u00e2che, ferme et d&#8217;une grande gentillesse. Elle a toujours montr\u00e9 son amour et son respect pour ses coll\u00e8gues et toutes les personnes autour d&#8217;elle.<\/p>\n<p>Mitra \u00e9tait un pilier fiable de l&#8217;organisation, son engagement dans toute situation engendrait la confiance et la s\u00e9r\u00e9nit\u00e9.<\/p>\n<p>Pendant le transfert de l&#8217;OMPI du camp d&#8217;Achraf au camp Liberty, Mitra \u00e9tait responsable de l&#8217;\u00e9quipe juridique. Ceux qui ont travaill\u00e9 avec elle se souviennent de sa force de travail avec peu ou pas de repos pendant de nombreuses nuits.<\/p>\n<p>Mitra faisait partie des 100 membres de l&#8217;OMPI rest\u00e9s au camp d&#8217;Achraf pour r\u00e9gler les probl\u00e8mes juridiques du camp.<\/p>\n<p>Le 1er septembre 2013, Mitra et 51 de ses camarades de l&#8217;OMPI ont \u00e9t\u00e9 massacr\u00e9s, ex\u00e9cut\u00e9s d&#8217;une balle \u00e0 bout portant, lors d&#8217;une attaque meurtri\u00e8re des forces sp\u00e9ciales du Premier ministre irakien Nouri Maliki, \u00e0 la demande du r\u00e9gime iranien pour an\u00e9antir son opposition.<\/p>\n<p>N\u00e9anmoins, leur combat courageux a forg\u00e9 un exemple et un mod\u00e8le pour les Iraniennes et les Iraniens afin de poursuivre leur voie.<\/p>\n<p>\u00a0<\/p>\n","protected":false},"excerpt":{"rendered":"<p>Curieuse de nature et amoureuse de la vie \u00a0 Ann\u00e9e de naissance : 1959 Lieu de naissance : Abadan, Iran Etudes : 3e ann\u00e9e de management \u00e0 l\u2019universit\u00e9 Melli de T\u00e9h\u00e9ran Activisme politique : 35 ans<\/p>\n","protected":false},"author":1,"featured_media":5137,"comment_status":"open","ping_status":"open","sticky":false,"template":"","format":"standard","meta":{"jnews-multi-image_gallery":[],"jnews_single_post":[],"jnews_primary_category":[],"jnews_social_meta":[],"jnews_override_counter":[],"footnotes":""},"categories":[25],"tags":[],"class_list":["post-2518","post","type-post","status-publish","format-standard","has-post-thumbnail","hentry","category-tombees-pour-la-liberte"],"_links":{"self":[{"href":"https:\/\/wncri.org\/fr\/wp-json\/wp\/v2\/posts\/2518","targetHints":{"allow":["GET"]}}],"collection":[{"href":"https:\/\/wncri.org\/fr\/wp-json\/wp\/v2\/posts"}],"about":[{"href":"https:\/\/wncri.org\/fr\/wp-json\/wp\/v2\/types\/post"}],"author":[{"embeddable":true,"href":"https:\/\/wncri.org\/fr\/wp-json\/wp\/v2\/users\/1"}],"replies":[{"embeddable":true,"href":"https:\/\/wncri.org\/fr\/wp-json\/wp\/v2\/comments?post=2518"}],"version-history":[{"count":0,"href":"https:\/\/wncri.org\/fr\/wp-json\/wp\/v2\/posts\/2518\/revisions"}],"wp:featuredmedia":[{"embeddable":true,"href":"https:\/\/wncri.org\/fr\/wp-json\/wp\/v2\/media\/5137"}],"wp:attachment":[{"href":"https:\/\/wncri.org\/fr\/wp-json\/wp\/v2\/media?parent=2518"}],"wp:term":[{"taxonomy":"category","embeddable":true,"href":"https:\/\/wncri.org\/fr\/wp-json\/wp\/v2\/categories?post=2518"},{"taxonomy":"post_tag","embeddable":true,"href":"https:\/\/wncri.org\/fr\/wp-json\/wp\/v2\/tags?post=2518"}],"curies":[{"name":"wp","href":"https:\/\/api.w.org\/{rel}","templated":true}]}}