{"id":25120,"date":"2026-01-28T15:06:39","date_gmt":"2026-01-28T14:06:39","guid":{"rendered":"https:\/\/wncri.org\/fr\/?p=25120"},"modified":"2026-02-11T17:19:50","modified_gmt":"2026-02-11T16:19:50","slug":"prison-dadelabad-manifestations","status":"publish","type":"post","link":"https:\/\/wncri.org\/fr\/2026\/01\/28\/prison-dadelabad-manifestations\/","title":{"rendered":"Prison d\u2019Adelabad \u00e0 Chiraz : les prisonni\u00e8res confront\u00e9es \u00e0 des conditions critiques apr\u00e8s les manifestations de 2026 en Iran"},"content":{"rendered":"\n<h4 class=\"wp-block-heading\">\u00c0 la suite de la r\u00e9pression violente des manifestations nationales de 2026 en Iran, des informations alarmantes ont \u00e9merg\u00e9 concernant les conditions de d\u00e9tention dans le quartier des femmes de la <a href=\"https:\/\/wncri.org\/fr\/2025\/10\/02\/prison-dadelabad-a-chiraz\/\" target=\"_blank\" rel=\"noreferrer noopener\">prison d\u2019Adelabad \u00e0 Chiraz<\/a>.<\/h4>\n\n\n\n<p>Selon des t\u00e9moignages directs provenant de l\u2019int\u00e9rieur de la prison, un grand nombre de personnes arr\u00eat\u00e9es lors des manifestations de <a href=\"https:\/\/fr.wikipedia.org\/wiki\/Chiraz\" target=\"_blank\" rel=\"noreferrer noopener\">Chiraz <\/a>ont \u00e9t\u00e9 transf\u00e9r\u00e9es dans ce quartier. Cet afflux s\u2019est accompagn\u00e9 d\u2019une surpopulation sans pr\u00e9c\u00e9dent, de p\u00e9nuries s\u00e9v\u00e8res de biens essentiels, d\u2019une interruption prolong\u00e9e des contacts avec les familles et de violations g\u00e9n\u00e9ralis\u00e9es des droits des prisonni\u00e8res.<\/p>\n\n\n\n<p>Les \u00e9l\u00e9ments disponibles indiquent que ces conditions constituent la prolongation de la m\u00eame <a href=\"https:\/\/wncri.org\/fr\/2026\/01\/22\/massacre-organise-de-manifestants\/\" target=\"_blank\" rel=\"noreferrer noopener\">r\u00e9pression exerc\u00e9e contre les manifestants<\/a> dans les rues, d\u00e9sormais transpos\u00e9e \u00e0 l\u2019int\u00e9rieur des centres de d\u00e9tention, avec pour objectif apparent de briser le moral des d\u00e9tenues.<\/p>\n\n\n\n<h3 class=\"wp-block-heading\"><strong>Surpopulation sans pr\u00e9c\u00e9dent et violation du principe de classification des d\u00e9tenues<\/strong><\/h3>\n\n\n\n<p>Des t\u00e9moins rapportent que plus de 150 personnes sont d\u00e9tenues dans des salles initialement con\u00e7ues pour accueillir environ 30 personnes.<\/p>\n\n\n\n<p>La surpopulation a atteint un niveau tel que respirer est devenu difficile. De nombreuses prisonni\u00e8res sont contraintes de partager les lits, deux personnes dormant sur un m\u00eame lit superpos\u00e9. Certaines d\u00e9tenues arr\u00eat\u00e9es lors des manifestations nationales ont \u00e9galement \u00e9t\u00e9 plac\u00e9es dans des salles h\u00e9bergeant des prisonni\u00e8res condamn\u00e9es pour des crimes violents, notamment des meurtres, des infractions li\u00e9es \u00e0 la drogue et des vols, ce qui constitue une violation manifeste du principe juridique imposant la s\u00e9paration des d\u00e9tenues selon la nature des infractions.<\/p>\n\n\n\n<h3 class=\"wp-block-heading\"><strong>D\u00e9placement de d\u00e9tenues de longue dur\u00e9e et crise sanitaire majeure<\/strong><\/h3>\n\n\n\n<p>\u00c0 la suite de ces transferts, des femmes emprisonn\u00e9es pour des infractions financi\u00e8res, ainsi que deux prisonni\u00e8res politiques pr\u00e9c\u00e9demment d\u00e9tenues dans le <a href=\"http:\/\/Prison%20d\u2019Adelabad%20\u00e0%20Chiraz%20:%20conditions%20critiques%20pour%20les%20prisonni\u00e8res%20apr\u00e8s%20les%20manifestations%20de%202026\" target=\"_blank\" rel=\"noreferrer noopener\">quartier politique<\/a> de la section des femmes de la prison d\u2019Adelabad, ont \u00e9t\u00e9 d\u00e9plac\u00e9es de force vers la salle de pri\u00e8re de la prison. Cet espace est d\u00e9pourvu d\u2019installations de base telles que des toilettes et des douches.<\/p>\n\n\n\n<p>Les prisonni\u00e8res ne seraient autoris\u00e9es \u00e0 acc\u00e9der aux installations sanitaires de la quarantaine qu\u2019apr\u00e8s 11 heures du matin, et uniquement en faisant la queue. Cette organisation a entra\u00een\u00e9 une congestion extr\u00eame, une privation effective de l\u2019hygi\u00e8ne quotidienne et une augmentation significative des risques sanitaires pour les d\u00e9tenues.<\/p>\n\n\n\n<h3 class=\"wp-block-heading\"><strong>P\u00e9nuries alimentaires graves et flamb\u00e9e des prix des produits essentiels<\/strong><\/h3>\n\n\n\n<p>Les p\u00e9nuries alimentaires dans le quartier des femmes ont atteint un niveau critique. Selon les informations, un seul repas est partag\u00e9 entre quatre personnes. La cantine de la prison est \u00e9galement confront\u00e9e \u00e0 de graves p\u00e9nuries, les rares produits disponibles \u00e9tant vendus \u00e0 des prix exorbitants.<\/p>\n\n\n\n<p>D\u2019apr\u00e8s des t\u00e9moignages internes, l\u2019eau potable en bouteille est indisponible dans le quartier des femmes et la distribution de fruits et l\u00e9gumes frais est suspendue depuis environ deux mois. Ces conditions constituent une menace grave pour la sant\u00e9 globale des d\u00e9tenues.<\/p>\n\n\n\n<h3 class=\"wp-block-heading\"><strong>Coupure des communications, visites restreintes et d\u00e9tention de mineures<\/strong><\/h3>\n\n\n\n<p>Au cours des deux derni\u00e8res semaines, les services t\u00e9l\u00e9phoniques du quartier des femmes de la prison d\u2019Adelabad ont \u00e9t\u00e9 totalement coup\u00e9s, emp\u00eachant les prisonni\u00e8res de contacter leurs familles. Les visites n\u2019ont \u00e9t\u00e9 autoris\u00e9es que durant la deuxi\u00e8me semaine, exclusivement sous forme de rencontres limit\u00e9es, en cabine et de mani\u00e8re s\u00e9lective, ce qui a encore accru l\u2019angoisse des familles.<\/p>\n\n\n\n<p>Les informations signalent \u00e9galement la pr\u00e9sence d\u2019\u00e9l\u00e8ves d\u2019\u00e2ge scolaire parmi les d\u00e9tenues. Selon un t\u00e9moignage, le corps d\u2019une \u00e9tudiante d\u00e9tenue \u00e9tait couvert de blessures caus\u00e9es par des plombs, mais elle a \u00e9t\u00e9 transf\u00e9r\u00e9e directement dans un centre de d\u00e9tention puis en prison sans recevoir de soins m\u00e9dicaux ad\u00e9quats. Ces t\u00e9moignages indiquent des arrestations massives de mineures lors des manifestations nationales.<\/p>\n\n\n\n<h3 class=\"wp-block-heading\"><strong>Une r\u00e9pression transf\u00e9r\u00e9e de la rue au syst\u00e8me carc\u00e9ral<\/strong><\/h3>\n\n\n\n<p>Pris dans leur ensemble, ces \u00e9l\u00e9ments d\u00e9montrent que les conditions dans le quartier des femmes de la prison d\u2019Adelabad ne r\u00e9sultent pas uniquement d\u2019une mauvaise gestion administrative, mais repr\u00e9sentent la poursuite de la m\u00eame r\u00e9pression violente pr\u00e9c\u00e9demment exerc\u00e9e contre les manifestants dans l\u2019espace public.<\/p>\n\n\n\n<p>Apr\u00e8s les assassinats de civils, une pression syst\u00e9matique est impos\u00e9e aux d\u00e9tenues par la surpopulation, la privation de nourriture et d\u2019hygi\u00e8ne, les coupures de communication et la d\u00e9tention de personnes bless\u00e9es sans soins m\u00e9dicaux appropri\u00e9s. Cette strat\u00e9gie semble viser \u00e0 \u00e9touffer et \u00e0 faire taire les manifestations nationales en Iran.<\/p>\n\n\n\n<h3 class=\"wp-block-heading\"><strong>Violations manifestes des r\u00e8gles Mandela<\/strong><\/h3>\n\n\n\n<p>Les conditions rapport\u00e9es dans le quartier des femmes de la prison d\u2019Adelabad sont en contradiction directe avec les R\u00e8gles minima des Nations unies pour le traitement des d\u00e9tenus, connues sous le nom <a href=\"https:\/\/wncri.org\/fr\/2021\/12\/10\/les-conditions-des-femmes-prisons\/\" target=\"_blank\" rel=\"noreferrer noopener\">de r\u00e8gles Mandela<\/a>. Ces normes soulignent notamment la s\u00e9paration des d\u00e9tenus, l\u2019acc\u00e8s \u00e0 une hygi\u00e8ne et \u00e0 une alimentation ad\u00e9quates, la communication r\u00e9guli\u00e8re avec les familles et la prise en charge m\u00e9dicale appropri\u00e9e.<\/p>\n\n\n\n<p>La surpopulation extr\u00eame, l\u2019absence d\u2019installations sanitaires, les p\u00e9nuries alimentaires, les coupures t\u00e9l\u00e9phoniques et le transfert de d\u00e9tenues bless\u00e9es sans traitement constituent des exemples clairs de violations syst\u00e9matiques des droits des prisonni\u00e8res et des obligations internationales du r\u00e9gime iranien en mati\u00e8re de droits humains.<\/p>\n","protected":false},"excerpt":{"rendered":"<p>\u00c0 la suite de la r\u00e9pression violente des manifestations nationales de 2026 en Iran, des informations alarmantes ont \u00e9merg\u00e9 concernant les conditions de d\u00e9tention dans le quartier des femmes de la prison d\u2019Adelabad \u00e0 Chiraz. Selon des t\u00e9moignages directs provenant de l\u2019int\u00e9rieur de la prison, un grand nombre de personnes arr\u00eat\u00e9es lors des manifestations de [&hellip;]<\/p>\n","protected":false},"author":4,"featured_media":21685,"comment_status":"closed","ping_status":"closed","sticky":false,"template":"","format":"standard","meta":{"jnews-multi-image_gallery":[],"jnews_single_post":{"format":"standard"},"jnews_primary_category":[],"jnews_social_meta":[],"jnews_override_counter":[],"footnotes":""},"categories":[8],"tags":[370],"class_list":["post-25120","post","type-post","status-publish","format-standard","has-post-thumbnail","hentry","category-articles","tag-prisonnieres"],"_links":{"self":[{"href":"https:\/\/wncri.org\/fr\/wp-json\/wp\/v2\/posts\/25120","targetHints":{"allow":["GET"]}}],"collection":[{"href":"https:\/\/wncri.org\/fr\/wp-json\/wp\/v2\/posts"}],"about":[{"href":"https:\/\/wncri.org\/fr\/wp-json\/wp\/v2\/types\/post"}],"author":[{"embeddable":true,"href":"https:\/\/wncri.org\/fr\/wp-json\/wp\/v2\/users\/4"}],"replies":[{"embeddable":true,"href":"https:\/\/wncri.org\/fr\/wp-json\/wp\/v2\/comments?post=25120"}],"version-history":[{"count":1,"href":"https:\/\/wncri.org\/fr\/wp-json\/wp\/v2\/posts\/25120\/revisions"}],"predecessor-version":[{"id":25121,"href":"https:\/\/wncri.org\/fr\/wp-json\/wp\/v2\/posts\/25120\/revisions\/25121"}],"wp:featuredmedia":[{"embeddable":true,"href":"https:\/\/wncri.org\/fr\/wp-json\/wp\/v2\/media\/21685"}],"wp:attachment":[{"href":"https:\/\/wncri.org\/fr\/wp-json\/wp\/v2\/media?parent=25120"}],"wp:term":[{"taxonomy":"category","embeddable":true,"href":"https:\/\/wncri.org\/fr\/wp-json\/wp\/v2\/categories?post=25120"},{"taxonomy":"post_tag","embeddable":true,"href":"https:\/\/wncri.org\/fr\/wp-json\/wp\/v2\/tags?post=25120"}],"curies":[{"name":"wp","href":"https:\/\/api.w.org\/{rel}","templated":true}]}}