{"id":25113,"date":"2026-01-28T21:11:23","date_gmt":"2026-01-28T20:11:23","guid":{"rendered":"https:\/\/wncri.org\/fr\/?p=25113"},"modified":"2026-01-28T21:11:24","modified_gmt":"2026-01-28T20:11:24","slug":"ayda-aghili-a-ete-touchee-a-la-tete-par","status":"publish","type":"post","link":"https:\/\/wncri.org\/fr\/2026\/01\/28\/ayda-aghili-a-ete-touchee-a-la-tete-par\/","title":{"rendered":"Ayda Aghili"},"content":{"rendered":"\n<h4 class=\"wp-block-heading\">Ayda Aghili a <a href=\"https:\/\/wncri.org\/fr\/2026\/01\/23\/femmes-et-des-filles-crime\/\" target=\"_blank\" rel=\"noreferrer noopener\">\u00e9t\u00e9 touch\u00e9e \u00e0 la t\u00eate<\/a> par les forces r\u00e9pressives du r\u00e9gime \u00e0 T\u00e9h\u00e9ran, le 8 janvier 2026.<\/h4>\n\n\n\n<p>Apr\u00e8s plusieurs jours de recherches et d\u2019efforts, son corps a \u00e9t\u00e9 d\u00e9couvert \u00e0 <a href=\"https:\/\/www.lemonde.fr\/en\/international\/video\/2026\/01\/12\/iran-protests-images-show-bodies-outside-of-morgue_6749334_4.html\" target=\"_blank\" rel=\"noreferrer noopener\">Kahrizak<\/a>, un lieu depuis longtemps associ\u00e9 aux violences et aux abus de l\u2019\u00c9tat.<\/p>\n\n\n\n<p>Dans sa derni\u00e8re story sur les r\u00e9seaux sociaux, Ayda Aghili avait partag\u00e9 une image symbolisant une \u00e9treinte avec l\u2019Iran.<\/p>\n\n\n\n<p>Ayda \u00e9tait \u00e2g\u00e9e de 34 ans et r\u00e9sidait \u00e0 T\u00e9h\u00e9ran.<\/p>\n","protected":false},"excerpt":{"rendered":"<p>Ayda Aghili a \u00e9t\u00e9 touch\u00e9e \u00e0 la t\u00eate par les forces r\u00e9pressives du r\u00e9gime \u00e0 T\u00e9h\u00e9ran, le 8 janvier 2026. Apr\u00e8s plusieurs jours de recherches et d\u2019efforts, son corps a \u00e9t\u00e9 d\u00e9couvert \u00e0 Kahrizak, un lieu depuis longtemps associ\u00e9 aux violences et aux abus de l\u2019\u00c9tat. Dans sa derni\u00e8re story sur les r\u00e9seaux sociaux, Ayda [&hellip;]<\/p>\n","protected":false},"author":4,"featured_media":25114,"comment_status":"closed","ping_status":"closed","sticky":false,"template":"","format":"standard","meta":{"jnews-multi-image_gallery":[],"jnews_single_post":{"format":"standard"},"jnews_primary_category":[],"jnews_social_meta":[],"jnews_override_counter":[],"footnotes":""},"categories":[25],"tags":[],"class_list":["post-25113","post","type-post","status-publish","format-standard","has-post-thumbnail","hentry","category-tombees-pour-la-liberte"],"_links":{"self":[{"href":"https:\/\/wncri.org\/fr\/wp-json\/wp\/v2\/posts\/25113","targetHints":{"allow":["GET"]}}],"collection":[{"href":"https:\/\/wncri.org\/fr\/wp-json\/wp\/v2\/posts"}],"about":[{"href":"https:\/\/wncri.org\/fr\/wp-json\/wp\/v2\/types\/post"}],"author":[{"embeddable":true,"href":"https:\/\/wncri.org\/fr\/wp-json\/wp\/v2\/users\/4"}],"replies":[{"embeddable":true,"href":"https:\/\/wncri.org\/fr\/wp-json\/wp\/v2\/comments?post=25113"}],"version-history":[{"count":1,"href":"https:\/\/wncri.org\/fr\/wp-json\/wp\/v2\/posts\/25113\/revisions"}],"predecessor-version":[{"id":25115,"href":"https:\/\/wncri.org\/fr\/wp-json\/wp\/v2\/posts\/25113\/revisions\/25115"}],"wp:featuredmedia":[{"embeddable":true,"href":"https:\/\/wncri.org\/fr\/wp-json\/wp\/v2\/media\/25114"}],"wp:attachment":[{"href":"https:\/\/wncri.org\/fr\/wp-json\/wp\/v2\/media?parent=25113"}],"wp:term":[{"taxonomy":"category","embeddable":true,"href":"https:\/\/wncri.org\/fr\/wp-json\/wp\/v2\/categories?post=25113"},{"taxonomy":"post_tag","embeddable":true,"href":"https:\/\/wncri.org\/fr\/wp-json\/wp\/v2\/tags?post=25113"}],"curies":[{"name":"wp","href":"https:\/\/api.w.org\/{rel}","templated":true}]}}