{"id":25110,"date":"2026-01-28T21:06:54","date_gmt":"2026-01-28T20:06:54","guid":{"rendered":"https:\/\/wncri.org\/fr\/?p=25110"},"modified":"2026-01-28T21:06:56","modified_gmt":"2026-01-28T20:06:56","slug":"ayda-heydari-a-ete-tuee","status":"publish","type":"post","link":"https:\/\/wncri.org\/fr\/2026\/01\/28\/ayda-heydari-a-ete-tuee\/","title":{"rendered":"Ayda Heydari"},"content":{"rendered":"\n<h4 class=\"wp-block-heading\">Ayda Heydari <a href=\"https:\/\/wncri.org\/fr\/2026\/01\/25\/femmes-soulevement-janvier-2026-iran\/\" target=\"_blank\" rel=\"noreferrer noopener\">a \u00e9t\u00e9 tu\u00e9e<\/a> lors des <a href=\"https:\/\/english.mojahedin.org\/news\/day-26-of-iran-uprising-regime-official-admits-unrest-in-400-cities-european-parliament-votes-to-blacklist-irgc\/\" target=\"_blank\" rel=\"noreferrer noopener\">manifestations nationales<\/a> sur la place Sadeghieh, \u00e0 T\u00e9h\u00e9ran, dans la soir\u00e9e du jeudi 8 janvier 2026, apr\u00e8s avoir \u00e9t\u00e9 abattue directement par les forces r\u00e9pressives du r\u00e9gime.<\/h4>\n\n\n\n<p>Ayda \u00e9tait \u00e2g\u00e9e de 21 ans. Elle avait commenc\u00e9 ses \u00e9tudes \u00e0 l\u2019Universit\u00e9 des sciences m\u00e9dicales de T\u00e9h\u00e9ran en 2022.<\/p>\n","protected":false},"excerpt":{"rendered":"<p>Ayda Heydari a \u00e9t\u00e9 tu\u00e9e lors des manifestations nationales sur la place Sadeghieh, \u00e0 T\u00e9h\u00e9ran, dans la soir\u00e9e du jeudi 8 janvier 2026, apr\u00e8s avoir \u00e9t\u00e9 abattue directement par les forces r\u00e9pressives du r\u00e9gime. Ayda \u00e9tait \u00e2g\u00e9e de 21 ans. Elle avait commenc\u00e9 ses \u00e9tudes \u00e0 l\u2019Universit\u00e9 des sciences m\u00e9dicales de T\u00e9h\u00e9ran en 2022.<\/p>\n","protected":false},"author":4,"featured_media":25111,"comment_status":"closed","ping_status":"closed","sticky":false,"template":"","format":"standard","meta":{"jnews-multi-image_gallery":[],"jnews_single_post":{"format":"standard"},"jnews_primary_category":[],"jnews_social_meta":[],"jnews_override_counter":[],"footnotes":""},"categories":[25],"tags":[],"class_list":["post-25110","post","type-post","status-publish","format-standard","has-post-thumbnail","hentry","category-tombees-pour-la-liberte"],"_links":{"self":[{"href":"https:\/\/wncri.org\/fr\/wp-json\/wp\/v2\/posts\/25110","targetHints":{"allow":["GET"]}}],"collection":[{"href":"https:\/\/wncri.org\/fr\/wp-json\/wp\/v2\/posts"}],"about":[{"href":"https:\/\/wncri.org\/fr\/wp-json\/wp\/v2\/types\/post"}],"author":[{"embeddable":true,"href":"https:\/\/wncri.org\/fr\/wp-json\/wp\/v2\/users\/4"}],"replies":[{"embeddable":true,"href":"https:\/\/wncri.org\/fr\/wp-json\/wp\/v2\/comments?post=25110"}],"version-history":[{"count":1,"href":"https:\/\/wncri.org\/fr\/wp-json\/wp\/v2\/posts\/25110\/revisions"}],"predecessor-version":[{"id":25112,"href":"https:\/\/wncri.org\/fr\/wp-json\/wp\/v2\/posts\/25110\/revisions\/25112"}],"wp:featuredmedia":[{"embeddable":true,"href":"https:\/\/wncri.org\/fr\/wp-json\/wp\/v2\/media\/25111"}],"wp:attachment":[{"href":"https:\/\/wncri.org\/fr\/wp-json\/wp\/v2\/media?parent=25110"}],"wp:term":[{"taxonomy":"category","embeddable":true,"href":"https:\/\/wncri.org\/fr\/wp-json\/wp\/v2\/categories?post=25110"},{"taxonomy":"post_tag","embeddable":true,"href":"https:\/\/wncri.org\/fr\/wp-json\/wp\/v2\/tags?post=25110"}],"curies":[{"name":"wp","href":"https:\/\/api.w.org\/{rel}","templated":true}]}}