{"id":25098,"date":"2026-01-27T20:25:54","date_gmt":"2026-01-27T19:25:54","guid":{"rendered":"https:\/\/wncri.org\/fr\/?p=25098"},"modified":"2026-01-27T20:26:34","modified_gmt":"2026-01-27T19:26:34","slug":"non-aux-mardis-des-executions","status":"publish","type":"post","link":"https:\/\/wncri.org\/fr\/2026\/01\/27\/non-aux-mardis-des-executions\/","title":{"rendered":"\u00ab Non aux mardis des ex\u00e9cutions \u00bb : une gr\u00e8ve de la faim dans 56 prisons en Iran"},"content":{"rendered":"\n<h4 class=\"wp-block-heading\"><a href=\"https:\/\/wncri.org\/fr\/2026\/01\/06\/non-aux-executions-manifestations\/\" target=\"_blank\" rel=\"noreferrer noopener\">La campagne de gr\u00e8ve de la faim \u00ab Non aux mardis des ex\u00e9cutions \u00bb<\/a> a marqu\u00e9 ce mardi sa 105e semaine cons\u00e9cutive, co\u00efncidant avec le troisi\u00e8me anniversaire de la cr\u00e9ation du mouvement, alors qu\u2019elle se poursuit dans 56 prisons \u00e0 travers l\u2019Iran.<\/h4>\n\n\n\n<p>N\u00e9e \u00e0 l\u2019int\u00e9rieur des murs des prisons, dans les conditions les plus dures de r\u00e9pression et de pression s\u00e9curitaire, la campagne est devenue l\u2019une des formes les plus durables de r\u00e9sistance collective contre la machine des ex\u00e9cutions et la violence judiciaire du r\u00e9gime iranien.<\/p>\n\n\n\n<p>La campagne de gr\u00e8ve de la faim a d\u00e9but\u00e9 en f\u00e9vrier 2024 \u00e0 l\u2019initiative de dix prisonniers politiques exil\u00e9s \u00e0 la prison de Qezel Hessar, qui ont lanc\u00e9 des gr\u00e8ves de la faim hebdomadaires chaque mardi. Elle s\u2019est rapidement \u00e9tendue \u00e0 plusieurs quartiers, y compris le quartier des femmes de la prison d\u2019Evin, puis \u00e0 d\u2019autres prisons \u00e0 l\u2019\u00e9chelle nationale.<\/p>\n\n\n\n<p>Apr\u00e8s plus de deux ann\u00e9es d\u2019action ininterrompue, \u00ab Non aux mardis des ex\u00e9cutions \u00bb s\u2019est transform\u00e9e, passant d\u2019une protestation limit\u00e9e de prisonniers politiques \u00e0 un symbole national, et de plus en plus international, de la r\u00e9sistance \u00e0 la peine capitale et \u00e0 la r\u00e9pression syst\u00e9matique en Iran.<\/p>\n\n\n\n<p>Lors de sa 105e semaine, la participation de la prison de <a href=\"https:\/\/fr.wikipedia.org\/wiki\/Gorgan\" target=\"_blank\" rel=\"noreferrer noopener\">Gorgan<\/a> et l\u2019extension de la campagne \u00e0 56 prisons sont largement per\u00e7ues comme une preuve manifeste de l\u2019\u00e9chec des politiques d\u2019intimidation et de r\u00e9pression men\u00e9es par les autorit\u00e9s derri\u00e8re les murs des prisons. Les militants impliqu\u00e9s dans la campagne soulignent que les ex\u00e9cutions sont devenues un instrument central de la survie du r\u00e9gime, faisant de l\u2019opposition \u00e0 la peine de mort un acte intrins\u00e8quement politique.<\/p>\n\n\n<div class=\"wp-block-image\">\n<figure class=\"aligncenter size-full\"><img decoding=\"async\" src=\"data:image\/gif;base64,R0lGODlhAQABAIAAAAAAAP\/\/\/yH5BAEAAAAALAAAAAABAAEAAAIBRAA7\" data-src=\"https:\/\/wncri.org\/fr\/wp-content\/uploads\/2026\/01\/NCRI-Women-Hunger-strike-Campaign-Wk-105_2-1.jpg\" alt=\"\u00ab Non aux mardis des ex\u00e9cutions \u00bb : une gr\u00e8ve de la faim dans 56 prisons en Iran\" class=\"wp-image-25099 lazyload\"\/><noscript><img decoding=\"async\" width=\"750\" height=\"375\" src=\"https:\/\/wncri.org\/fr\/wp-content\/uploads\/2026\/01\/NCRI-Women-Hunger-strike-Campaign-Wk-105_2-1.jpg\" alt=\"\u00ab Non aux mardis des ex\u00e9cutions \u00bb : une gr\u00e8ve de la faim dans 56 prisons en Iran\" class=\"wp-image-25099 lazyload\" srcset=\"https:\/\/wncri.org\/fr\/wp-content\/uploads\/2026\/01\/NCRI-Women-Hunger-strike-Campaign-Wk-105_2-1.jpg 750w, https:\/\/wncri.org\/fr\/wp-content\/uploads\/2026\/01\/NCRI-Women-Hunger-strike-Campaign-Wk-105_2-1-300x150.jpg 300w, https:\/\/wncri.org\/fr\/wp-content\/uploads\/2026\/01\/NCRI-Women-Hunger-strike-Campaign-Wk-105_2-1-360x180.jpg 360w\" sizes=\"(max-width: 750px) 100vw, 750px\" \/><\/noscript><\/figure>\n<\/div>\n\n\n<h3 class=\"wp-block-heading\"><strong>Lien avec le soul\u00e8vement national et la menace d\u2019ex\u00e9cuter les manifestants d\u00e9tenus<\/strong><\/h3>\n\n\n\n<p>Dans la d\u00e9claration de cette semaine, les prisonniers participants ont explicitement li\u00e9 la campagne de gr\u00e8ve de la faim \u00ab Non aux mardis des ex\u00e9cutions \u00bb au soul\u00e8vement national iranien, mettant en lumi\u00e8re le r\u00f4le d\u00e9cisif du mouvement populaire dans la r\u00e9v\u00e9lation de la nature violente et r\u00e9pressive du r\u00e9gime. La d\u00e9claration souligne que la r\u00e9pression sanglante des manifestations a non seulement suscit\u00e9 l\u2019indignation en Iran, mais a \u00e9galement mobilis\u00e9 l\u2019opinion publique mondiale, intensifiant le rejet international des politiques d\u2019ex\u00e9cution et de mise \u00e0 mort de l\u2019\u00c9tat.<\/p>\n\n\n\n<p>Les membres de la campagne ont \u00e9galement mis en garde contre le risque d\u2019un massacre de manifestants bless\u00e9s et d\u00e9tenus, arr\u00eat\u00e9s lors des manifestations nationales de janvier 2026. Selon des informations provenant de l\u2019int\u00e9rieur des prisons, l\u2019absence de donn\u00e9es sur le sort des d\u00e9tenus, <a href=\"https:\/\/wncri.org\/fr\/2026\/01\/23\/femmes-et-des-filles-crime\/\" target=\"_blank\" rel=\"noreferrer noopener\">l\u2019\u00e9tat m\u00e9dical critique<\/a> des prisonniers bless\u00e9s et le transfert clandestin de corps vers des morgues non divulgu\u00e9es ont accru les craintes d\u2019une r\u00e9p\u00e9tition de crimes d\u2019\u00c9tat \u00e0 grande \u00e9chelle.<\/p>\n\n\n<div class=\"wp-block-image\">\n<figure class=\"aligncenter size-full\"><img decoding=\"async\" src=\"data:image\/gif;base64,R0lGODlhAQABAIAAAAAAAP\/\/\/yH5BAEAAAAALAAAAAABAAEAAAIBRAA7\" data-src=\"https:\/\/wncri.org\/fr\/wp-content\/uploads\/2026\/01\/NCRI-Women-Hunger-strike-Campaign-Wk-105_1-1.jpg\" alt=\"\u00ab Non aux mardis des ex\u00e9cutions \u00bb : une gr\u00e8ve de la faim dans 56 prisons en Iran\" class=\"wp-image-25102 lazyload\"\/><noscript><img decoding=\"async\" width=\"750\" height=\"375\" src=\"https:\/\/wncri.org\/fr\/wp-content\/uploads\/2026\/01\/NCRI-Women-Hunger-strike-Campaign-Wk-105_1-1.jpg\" alt=\"\u00ab Non aux mardis des ex\u00e9cutions \u00bb : une gr\u00e8ve de la faim dans 56 prisons en Iran\" class=\"wp-image-25102 lazyload\" srcset=\"https:\/\/wncri.org\/fr\/wp-content\/uploads\/2026\/01\/NCRI-Women-Hunger-strike-Campaign-Wk-105_1-1.jpg 750w, https:\/\/wncri.org\/fr\/wp-content\/uploads\/2026\/01\/NCRI-Women-Hunger-strike-Campaign-Wk-105_1-1-300x150.jpg 300w, https:\/\/wncri.org\/fr\/wp-content\/uploads\/2026\/01\/NCRI-Women-Hunger-strike-Campaign-Wk-105_1-1-360x180.jpg 360w\" sizes=\"(max-width: 750px) 100vw, 750px\" \/><\/noscript><\/figure>\n<\/div>\n\n\n<h3 class=\"wp-block-heading\"><strong>Les familles d\u00e9crivent les manifestants d\u00e9tenus comme la chair et le sang du peuple iranien<\/strong><\/h3>\n\n\n\n<p>Parall\u00e8lement \u00e0 la poursuite de la campagne, les familles et proches de prisonniers politiques condamn\u00e9s \u00e0 mort, notamment Vahid Bani-Amerian, Pouya Ghobadi et Shahrokh Daneshvarkar, ont organis\u00e9 des rassemblements de protestation et brandi des pancartes en soutien \u00e0 \u00ab Non aux mardis des ex\u00e9cutions \u00bb. Des slogans tels que \u00ab Les prisonniers politiques doivent \u00eatre lib\u00e9r\u00e9s \u00bb, \u00ab \u00c0 bas les ex\u00e9cutions \u00bb, \u00ab Les d\u00e9tenus du soul\u00e8vement national doivent \u00eatre lib\u00e9r\u00e9s \u00bb et \u00ab La prison et l\u2019ex\u00e9cution ne sont pas faites pour les enfants et la jeunesse de l\u2019Iran &#8211; janvier 2026 \u00bb ont refl\u00e9t\u00e9 une exigence g\u00e9n\u00e9ralis\u00e9e de mettre fin aux ex\u00e9cutions et de lib\u00e9rer les prisonniers politiques.<\/p>\n\n\n\n<p>Dans leur d\u00e9claration, les familles, \u00e9voquant la situation dramatique du pays, ont soulign\u00e9 :<\/p>\n\n\n\n<p>\u00ab L\u2019Iran aujourd\u2019hui est bless\u00e9 et en deuil. Voir les images d\u00e9chirantes de nos compatriotes cherchant leurs proches dans les salles de lavage de notre patrie opprim\u00e9e, au <a href=\"https:\/\/fr.ncr-iran.org\/actualites\/iran-protestations-2\/le-regime-iranien-admet-des-milliers-de-morts-alors-que-la-resistance-continue\/\" target=\"_blank\" rel=\"noreferrer noopener\">milieu de milliers de corps ensanglant\u00e9s<\/a>, nous a bris\u00e9 le c\u0153ur et nous avons pleur\u00e9 du plus profond de nos \u00e2mes. Car ils font partie de nous tous. Leur seul \u201ccrime\u201d, comme celui de nos propres enfants, a \u00e9t\u00e9 de dire non \u00e0 la dictature. \u00bb<\/p>\n\n\n<div class=\"wp-block-image\">\n<figure class=\"aligncenter size-full\"><img decoding=\"async\" src=\"data:image\/gif;base64,R0lGODlhAQABAIAAAAAAAP\/\/\/yH5BAEAAAAALAAAAAABAAEAAAIBRAA7\" data-src=\"https:\/\/wncri.org\/fr\/wp-content\/uploads\/2026\/01\/NCRI-Women-Hunger-strike-Campaign-Wk-105_3-1.jpg\" alt=\"\u00ab Non aux mardis des ex\u00e9cutions \u00bb : une gr\u00e8ve de la faim dans 56 prisons en Iran\" class=\"wp-image-25101 lazyload\"\/><noscript><img decoding=\"async\" width=\"750\" height=\"375\" src=\"https:\/\/wncri.org\/fr\/wp-content\/uploads\/2026\/01\/NCRI-Women-Hunger-strike-Campaign-Wk-105_3-1.jpg\" alt=\"\u00ab Non aux mardis des ex\u00e9cutions \u00bb : une gr\u00e8ve de la faim dans 56 prisons en Iran\" class=\"wp-image-25101 lazyload\" srcset=\"https:\/\/wncri.org\/fr\/wp-content\/uploads\/2026\/01\/NCRI-Women-Hunger-strike-Campaign-Wk-105_3-1.jpg 750w, https:\/\/wncri.org\/fr\/wp-content\/uploads\/2026\/01\/NCRI-Women-Hunger-strike-Campaign-Wk-105_3-1-300x150.jpg 300w, https:\/\/wncri.org\/fr\/wp-content\/uploads\/2026\/01\/NCRI-Women-Hunger-strike-Campaign-Wk-105_3-1-360x180.jpg 360w\" sizes=\"(max-width: 750px) 100vw, 750px\" \/><\/noscript><\/figure>\n<\/div>","protected":false},"excerpt":{"rendered":"<p>La campagne de gr\u00e8ve de la faim \u00ab Non aux mardis des ex\u00e9cutions \u00bb a marqu\u00e9 ce mardi sa 105e semaine cons\u00e9cutive, co\u00efncidant avec le troisi\u00e8me anniversaire de la cr\u00e9ation du mouvement, alors qu\u2019elle se poursuit dans 56 prisons \u00e0 travers l\u2019Iran. N\u00e9e \u00e0 l\u2019int\u00e9rieur des murs des prisons, dans les conditions les plus dures [&hellip;]<\/p>\n","protected":false},"author":4,"featured_media":25100,"comment_status":"closed","ping_status":"closed","sticky":false,"template":"","format":"standard","meta":{"jnews-multi-image_gallery":[],"jnews_single_post":{"format":"standard"},"jnews_primary_category":[],"jnews_social_meta":[],"jnews_override_counter":[],"footnotes":""},"categories":[3],"tags":[369],"class_list":["post-25098","post","type-post","status-publish","format-standard","has-post-thumbnail","hentry","category-infos-des-femmes","tag-manifestations"],"_links":{"self":[{"href":"https:\/\/wncri.org\/fr\/wp-json\/wp\/v2\/posts\/25098","targetHints":{"allow":["GET"]}}],"collection":[{"href":"https:\/\/wncri.org\/fr\/wp-json\/wp\/v2\/posts"}],"about":[{"href":"https:\/\/wncri.org\/fr\/wp-json\/wp\/v2\/types\/post"}],"author":[{"embeddable":true,"href":"https:\/\/wncri.org\/fr\/wp-json\/wp\/v2\/users\/4"}],"replies":[{"embeddable":true,"href":"https:\/\/wncri.org\/fr\/wp-json\/wp\/v2\/comments?post=25098"}],"version-history":[{"count":1,"href":"https:\/\/wncri.org\/fr\/wp-json\/wp\/v2\/posts\/25098\/revisions"}],"predecessor-version":[{"id":25103,"href":"https:\/\/wncri.org\/fr\/wp-json\/wp\/v2\/posts\/25098\/revisions\/25103"}],"wp:featuredmedia":[{"embeddable":true,"href":"https:\/\/wncri.org\/fr\/wp-json\/wp\/v2\/media\/25100"}],"wp:attachment":[{"href":"https:\/\/wncri.org\/fr\/wp-json\/wp\/v2\/media?parent=25098"}],"wp:term":[{"taxonomy":"category","embeddable":true,"href":"https:\/\/wncri.org\/fr\/wp-json\/wp\/v2\/categories?post=25098"},{"taxonomy":"post_tag","embeddable":true,"href":"https:\/\/wncri.org\/fr\/wp-json\/wp\/v2\/tags?post=25098"}],"curies":[{"name":"wp","href":"https:\/\/api.w.org\/{rel}","templated":true}]}}