{"id":25094,"date":"2026-01-27T20:12:00","date_gmt":"2026-01-27T19:12:00","guid":{"rendered":"https:\/\/wncri.org\/fr\/?p=25094"},"modified":"2026-01-27T20:12:01","modified_gmt":"2026-01-27T19:12:01","slug":"une-medecin-iranienne-arretee-pour-avoir","status":"publish","type":"post","link":"https:\/\/wncri.org\/fr\/2026\/01\/27\/une-medecin-iranienne-arretee-pour-avoir\/","title":{"rendered":"Une m\u00e9decin iranienne arr\u00eat\u00e9e pour avoir soign\u00e9 des manifestants"},"content":{"rendered":"\n<h4 class=\"wp-block-heading\">La Dre Ameneh Soleimani, m\u00e9decin iranienne et directrice d\u2019une clinique de dermatologie et de soins esth\u00e9tiques \u00e0 <a href=\"https:\/\/fr.wikipedia.org\/wiki\/Ardabil\" target=\"_blank\" rel=\"noreferrer noopener\">Ardabil<\/a>, a \u00e9t\u00e9 arr\u00eat\u00e9e ces derniers jours par les forces de s\u00e9curit\u00e9 pour avoir admis et soign\u00e9 des manifestants bless\u00e9s lors des protestations dans la ville.<\/h4>\n\n\n\n<p>L\u2019arrestation de la Dre Ameneh Soleimani est largement per\u00e7ue comme faisant partie d\u2019une campagne d\u00e9lib\u00e9r\u00e9e visant \u00e0 faire pression sur la communaut\u00e9 m\u00e9dicale afin qu\u2019elle refuse de soigner les manifestants.<\/p>\n\n\n\n<p>Selon des informations en provenance d\u2019Iran, au moins quatre m\u00e9decins iraniens ont jusqu\u2019\u00e0 pr\u00e9sent \u00e9t\u00e9 arr\u00eat\u00e9s pour avoir port\u00e9 assistance aux bless\u00e9s, et aucune information n\u2019est disponible concernant leur lieu de d\u00e9tention ou leurs conditions de d\u00e9tention.<\/p>\n\n\n\n<p>Par ailleurs, Khosrow Minaei, un secouriste volontaire de 45 ans qui avait transform\u00e9 sa r\u00e9sidence priv\u00e9e en refuge pour soigner les bless\u00e9s, a \u00e9t\u00e9 arr\u00eat\u00e9 le 14 janvier \u00e0 la suite d\u2019une descente des forces de s\u00e9curit\u00e9.<\/p>\n\n\n\n<p>M. Minaei avait offert un abri et une assistance m\u00e9dicale \u00e0 plus de 20 manifestants bless\u00e9s \u00e0 son domicile ; deux d\u2019entre eux sont d\u00e9c\u00e9d\u00e9s par la suite en raison de la gravit\u00e9 de leurs blessures. Il aurait \u00e9t\u00e9 violemment battu au moment de son arrestation. Les agents de s\u00e9curit\u00e9 ont enti\u00e8rement saccag\u00e9 son domicile, bris\u00e9 les fen\u00eatres et d\u00e9truit son v\u00e9hicule personnel, une Peugeot Pars.<\/p>\n\n\n\n<p>Lors des <a href=\"https:\/\/wncri.org\/fr\/2026\/01\/25\/soulevement-national-en-iran-droits-des\/\" target=\"_blank\" rel=\"noreferrer noopener\">r\u00e9centes manifestations<\/a>, de nombreux cas de ciblage de m\u00e9decins et de personnels de sant\u00e9 par les forces de s\u00e9curit\u00e9 ont \u00e9t\u00e9 signal\u00e9s. Des sources locales font \u00e9tat de raids contre des abris m\u00e9dicaux improvis\u00e9s et de l\u2019arrestation de m\u00e9decins qui, sans aucune implication politique, se contentaient uniquement de fournir des soins m\u00e9dicaux aux bless\u00e9s.<\/p>\n\n\n\n<p>Selon les informations re\u00e7ues, les forces de s\u00e9curit\u00e9 ont pris d\u2019assaut des domiciles priv\u00e9s, des cliniques et des structures m\u00e9dicales informelles, arr\u00eatant violemment des m\u00e9decins et des citoyens b\u00e9n\u00e9voles tout en vandalisant et d\u00e9truisant leurs biens. Ces actions semblent viser \u00e0 instaurer la peur, \u00e0 emp\u00eacher le traitement des manifestants bless\u00e9s et \u00e0 d\u00e9manteler les r\u00e9seaux m\u00e9dicaux et humanitaires venant en aide aux protestataires.<\/p>\n","protected":false},"excerpt":{"rendered":"<p>La Dre Ameneh Soleimani, m\u00e9decin iranienne et directrice d\u2019une clinique de dermatologie et de soins esth\u00e9tiques \u00e0 Ardabil, a \u00e9t\u00e9 arr\u00eat\u00e9e ces derniers jours par les forces de s\u00e9curit\u00e9 pour avoir admis et soign\u00e9 des manifestants bless\u00e9s lors des protestations dans la ville. L\u2019arrestation de la Dre Ameneh Soleimani est largement per\u00e7ue comme faisant partie [&hellip;]<\/p>\n","protected":false},"author":4,"featured_media":25095,"comment_status":"closed","ping_status":"closed","sticky":false,"template":"","format":"standard","meta":{"jnews-multi-image_gallery":[],"jnews_single_post":{"format":"standard"},"jnews_primary_category":[],"jnews_social_meta":[],"jnews_override_counter":[],"footnotes":""},"categories":[3],"tags":[369,370],"class_list":["post-25094","post","type-post","status-publish","format-standard","has-post-thumbnail","hentry","category-infos-des-femmes","tag-manifestations","tag-prisonnieres"],"_links":{"self":[{"href":"https:\/\/wncri.org\/fr\/wp-json\/wp\/v2\/posts\/25094","targetHints":{"allow":["GET"]}}],"collection":[{"href":"https:\/\/wncri.org\/fr\/wp-json\/wp\/v2\/posts"}],"about":[{"href":"https:\/\/wncri.org\/fr\/wp-json\/wp\/v2\/types\/post"}],"author":[{"embeddable":true,"href":"https:\/\/wncri.org\/fr\/wp-json\/wp\/v2\/users\/4"}],"replies":[{"embeddable":true,"href":"https:\/\/wncri.org\/fr\/wp-json\/wp\/v2\/comments?post=25094"}],"version-history":[{"count":1,"href":"https:\/\/wncri.org\/fr\/wp-json\/wp\/v2\/posts\/25094\/revisions"}],"predecessor-version":[{"id":25096,"href":"https:\/\/wncri.org\/fr\/wp-json\/wp\/v2\/posts\/25094\/revisions\/25096"}],"wp:featuredmedia":[{"embeddable":true,"href":"https:\/\/wncri.org\/fr\/wp-json\/wp\/v2\/media\/25095"}],"wp:attachment":[{"href":"https:\/\/wncri.org\/fr\/wp-json\/wp\/v2\/media?parent=25094"}],"wp:term":[{"taxonomy":"category","embeddable":true,"href":"https:\/\/wncri.org\/fr\/wp-json\/wp\/v2\/categories?post=25094"},{"taxonomy":"post_tag","embeddable":true,"href":"https:\/\/wncri.org\/fr\/wp-json\/wp\/v2\/tags?post=25094"}],"curies":[{"name":"wp","href":"https:\/\/api.w.org\/{rel}","templated":true}]}}