{"id":25072,"date":"2026-01-25T21:32:06","date_gmt":"2026-01-25T20:32:06","guid":{"rendered":"https:\/\/wncri.org\/fr\/?p=25072"},"modified":"2026-02-11T17:20:12","modified_gmt":"2026-02-11T16:20:12","slug":"soulevement-national-en-iran-droits-des","status":"publish","type":"post","link":"https:\/\/wncri.org\/fr\/2026\/01\/25\/soulevement-national-en-iran-droits-des\/","title":{"rendered":"Soul\u00e8vement national en Iran : les droits des d\u00e9tenus syst\u00e9matiquement viol\u00e9s"},"content":{"rendered":"\n<h4 class=\"wp-block-heading\">Alors que la <a href=\"https:\/\/wncri.org\/fr\/2026\/01\/23\/femmes-et-des-filles-crime\/\" target=\"_blank\" rel=\"noreferrer noopener\">r\u00e9pression des manifestations populaires<\/a> s\u2019intensifie, les informations re\u00e7ues concernant les personnes arr\u00eat\u00e9es lors du soul\u00e8vement national en Iran font \u00e9tat de pressions syst\u00e9matiques et de violations g\u00e9n\u00e9ralis\u00e9es et organis\u00e9es des droits fondamentaux des d\u00e9tenus.<\/h4>\n\n\n\n<p>Ces violations incluent la d\u00e9tention massive de manifestants sans respect des normes humaines minimales, l\u2019enfermement dans des quartiers isol\u00e9s sans acc\u00e8s \u00e0 la famille ni \u00e0 un avocat, l\u2019absence d\u2019enregistrement des noms des d\u00e9tenus dans les syst\u00e8mes officiels, ainsi que le refus de soins m\u00e9dicaux aux bless\u00e9s.<\/p>\n\n\n\n<p>Dans de nombreux cas, le nombre de d\u00e9tenus d\u00e9passe largement la capacit\u00e9 des centres de d\u00e9tention. La surpopulation extr\u00eame a contraint de nombreux prisonniers \u00e0 dormir \u00e0 m\u00eame le sol, sans couvertures ni \u00e9quipements de chauffage. La capacit\u00e9 carc\u00e9rale est totalement satur\u00e9e, et les autorit\u00e9s p\u00e9nitentiaires ont eu recours \u00e0 des transferts massifs, pr\u00e9cipit\u00e9s et ill\u00e9gaux afin de faire de la place pour les nouvelles arrestations.<\/p>\n\n\n\n<h3 class=\"wp-block-heading\"><strong>Non-enregistrement des noms des d\u00e9tenus : faciliter les abus extrajudiciaires<\/strong><\/h3>\n\n\n\n<p>L\u2019un des aspects les plus alarmants de ces informations est le non-enregistrement des noms d\u2019un <a href=\"https:\/\/wncri.org\/fr\/2026\/01\/02\/six-femmes-prison-devin\/\" target=\"_blank\" rel=\"noreferrer noopener\">grand nombre de manifestants arr\u00eat\u00e9s<\/a> dans les bases de donn\u00e9es officielles des prisons.<\/p>\n\n\n\n<p>Selon des sources bien inform\u00e9es, les informations personnelles de ces d\u00e9tenus sont d\u00e9lib\u00e9r\u00e9ment dissimul\u00e9es au syst\u00e8me judiciaire afin d\u2019emp\u00eacher tout suivi l\u00e9gal, de bloquer les contacts avec les familles et m\u00eame de masquer leur lieu de d\u00e9tention. En cons\u00e9quence, aucune autorit\u00e9 officielle n\u2019assume formellement la responsabilit\u00e9 juridique de leur d\u00e9tention.<\/p>\n\n\n\n<p>Cette pratique offre aux forces de s\u00e9curit\u00e9 une large marge de man\u0153uvre pour mener des actions extrajudiciaires, imposer des aveux forc\u00e9s et soumettre les d\u00e9tenus \u00e0 des disparitions forc\u00e9es.<\/p>\n\n\n\n<h3 class=\"wp-block-heading\"><strong>Quartier des femmes de la prison d\u2019Evin : surpopulation, incertitude et pression constante<\/strong><\/h3>\n\n\n\n<p>Les premi\u00e8res informations au d\u00e9but du soul\u00e8vement indiquaient que les femmes arr\u00eat\u00e9es avaient \u00e9t\u00e9 transf\u00e9r\u00e9es dans le quartier des femmes de la prison d\u2019Evin, un quartier d\u00e9j\u00e0 largement d\u00e9nonc\u00e9 pour ses conditions extr\u00eamement inhumaines inflig\u00e9es aux prisonniers politiques.<\/p>\n\n\n\n<p>Selon des sources internes \u00e0 la prison, plus de 80 femmes manifestantes ont d\u00e9sormais \u00e9t\u00e9 transf\u00e9r\u00e9es dans ce quartier. Les d\u00e9tenues sont convoqu\u00e9es presque quotidiennement pour des interrogatoires, mais certaines ne reviennent pas, et aucune information n\u2019est disponible sur leur lieu de d\u00e9tention ni sur leur \u00e9tat physique et psychologique. Leurs familles demeurent dans une incertitude totale et ne re\u00e7oivent aucune r\u00e9ponse claire de la part des autorit\u00e9s p\u00e9nitentiaires.<\/p>\n\n\n\n<p>La surpopulation s\u00e9v\u00e8re a contraint les prisonni\u00e8res \u00e0 dormir \u00e0 tour de r\u00f4le sur le sol et les a priv\u00e9es des installations les plus \u00e9l\u00e9mentaires. Certaines d\u00e9tenues sont rest\u00e9es plusieurs jours sans acc\u00e8s \u00e0 des v\u00eatements propres ou \u00e0 des effets personnels essentiels, et les demandes r\u00e9p\u00e9t\u00e9es pour des fournitures de base sont rest\u00e9es sans r\u00e9ponse.<\/p>\n\n\n\n<h3 class=\"wp-block-heading\"><strong>Surpopulation du quartier des femmes de la prison d\u2019Adelabad \u00e0 Chiraz<\/strong><\/h3>\n\n\n\n<p>Environ 150 femmes et jeunes filles arr\u00eat\u00e9es lors des manifestations ont \u00e9t\u00e9 transf\u00e9r\u00e9es dans le quartier politique des femmes de la prison d\u2019Adelabad \u00e0 Chiraz. Les informations indiquent que la majorit\u00e9 de ces d\u00e9tenues sont des lyc\u00e9ennes.<\/p>\n\n\n\n<p>Ce quartier ne dispose d\u2019espace et d\u2019\u00e9quipements que pour environ 30 personnes. En raison de cette surpopulation extr\u00eame, certaines prisonni\u00e8res politiques ont \u00e9t\u00e9 transf\u00e9r\u00e9es vers d\u2019autres quartiers h\u00e9bergeant des d\u00e9tenus accus\u00e9s de meurtre, de vol et d\u2019infractions li\u00e9es \u00e0 la drogue.<\/p>\n\n\n\n<h3 class=\"wp-block-heading\"><strong>Unit\u00e9 de quarantaine n\u00b02 de la prison de Qezel Hessar : dormir \u00e0 m\u00eame le sol dans le froid hivernal<\/strong><\/h3>\n\n\n\n<p>De nombreuses informations indiquent que des centaines de manifestants arr\u00eat\u00e9s ont \u00e9t\u00e9 <a href=\"https:\/\/iranhrs.org\/%d8%b3%d8%b1%d8%a8%d9%87%d9%86%db%8c%d8%b3%d8%aa%da%a9%d8%b1%d8%af%d9%86-%d8%b2%d9%86%d8%af%d8%a7%d9%86%db%8c%d8%a7%d9%86-%d8%a7%d8%b9%d8%aa%d8%b1%d8%a7%d8%b6%d8%a7%d8%aa\/\" target=\"_blank\" rel=\"noreferrer noopener\">transf\u00e9r\u00e9s \u00e0 la prison de Qezel Hessar<\/a>. Ils sont d\u00e9tenus dans l\u2019\u00ab Unit\u00e9 de quarantaine n\u00b02 \u00bb, une section isol\u00e9e, totalement s\u00e9par\u00e9e des autres quartiers et d\u00e9lib\u00e9r\u00e9ment con\u00e7ue pour emp\u00eacher tout contact, toute observation ou tout rapport ind\u00e9pendant sur les conditions de d\u00e9tention.<\/p>\n\n\n\n<p>Les d\u00e9tenus y sont maintenus sans enregistrement officiel de leurs noms et sans acc\u00e8s aux droits juridiques les plus \u00e9l\u00e9mentaires. Selon les rapports, environ 500 manifestants ont \u00e9t\u00e9 transf\u00e9r\u00e9s dans cette unit\u00e9, alors que sa capacit\u00e9 n\u2019est que de 180 lits. En cons\u00e9quence, de nombreux prisonniers sont contraints de dormir \u00e0 m\u00eame le sol, dans le froid de l\u2019hiver, sans couvertures, sans matelas et sans n\u00e9cessit\u00e9s de base.<\/p>\n\n\n\n<p>Le manque d\u2019espace ad\u00e9quat, l\u2019absence d\u2019eau chaude, la p\u00e9nurie d\u2019\u00e9quipements de chauffage et l\u2019absence de services de sant\u00e9 et d\u2019hygi\u00e8ne constituent une menace grave pour la sant\u00e9 et la vie des d\u00e9tenus. Certaines personnes ont subi de graves blessures lors de leur arrestation ou de leur transfert en prison, mais aucun traitement m\u00e9dical efficace ne leur a \u00e9t\u00e9 fourni.<\/p>\n\n\n\n<p>Depuis le d\u00e9but de la semaine derni\u00e8re, des forces anti-\u00e9meutes sp\u00e9ciales sont stationn\u00e9es \u00e0 l\u2019int\u00e9rieur de cette zone de quarantaine et restent en alerte permanente, cr\u00e9ant un climat de peur intense et d\u2019intimidation parmi les d\u00e9tenus.<\/p>\n\n\n\n<h3 class=\"wp-block-heading\"><strong>Prison centrale de Karaj : d\u00e9tention compress\u00e9e et privation des droits fondamentaux<\/strong><\/h3>\n\n\n\n<p>Selon les rapports, entre 800 et 1 200 d\u00e9tenus issus du soul\u00e8vement national ont \u00e9t\u00e9 entass\u00e9s dans le <a href=\"https:\/\/iranhrs.org\/%d8%a7%d8%b9%d8%aa%d8%b1%d8%a7%d8%b6%d8%a7%d8%aa-%d8%b3%d8%b1%d8%a7%d8%b3%d8%b1%db%8c-%db%b1%db%b4%db%b0%db%b4%d8%9b-%d8%a7%d8%b3%da%a9%d8%a7%d9%86-%d8%a7%d9%86%d8%a8%d9%88%d9%87-%d8%a8%d8%a7%d8%b2\/\" target=\"_blank\" rel=\"noreferrer noopener\">Hall 2 de la prison centrale de Karaj<\/a>, ainsi que dans un entrep\u00f4t sportif. M\u00eame la cour de promenade ext\u00e9rieure de la prison a \u00e9t\u00e9 transform\u00e9e en espace de d\u00e9tention, privant ainsi les d\u00e9tenus d\u2019air frais, d\u2019acc\u00e8s \u00e0 l\u2019ext\u00e9rieur et de tout mouvement physique minimal.<\/p>\n\n\n\n<h3 class=\"wp-block-heading\"><strong>Refus de soins m\u00e9dicaux : une menace directe pour la vie des prisonniers<\/strong><\/h3>\n\n\n\n<p>Un nombre important de d\u00e9tenus ont \u00e9t\u00e9 transf\u00e9r\u00e9s en prison avec des blessures caus\u00e9es par des coups, des tirs de plombs et des matraques. Toutefois, leur transfert vers des centres m\u00e9dicaux sp\u00e9cialis\u00e9s a \u00e9t\u00e9 emp\u00each\u00e9. Dans certains cas, seuls des soins de premiers secours rudimentaires et insuffisants ont \u00e9t\u00e9 prodigu\u00e9s, laissant les prisonniers bless\u00e9s livr\u00e9s \u00e0 eux-m\u00eames, une situation pouvant entra\u00eener des infections, des handicaps permanents, voire la mort.<\/p>\n\n\n\n<p>Les informations font \u00e9galement \u00e9tat du d\u00e9c\u00e8s de deux adolescents bless\u00e9s \u00e0 l\u2019infirmerie de la prison de Chiraz, en raison de saignements s\u00e9v\u00e8res et du manque d\u2019\u00e9quipements m\u00e9dicaux. Selon ces t\u00e9moignages, le personnel m\u00e9dical avait re\u00e7u l\u2019ordre de s\u2019abstenir de fournir des soins efficaces aux bless\u00e9s.<\/p>\n\n\n\n<h3 class=\"wp-block-heading\"><strong>La triade de la r\u00e9pression : arrestations massives, torture et coupures d\u2019Internet<\/strong><\/h3>\n\n\n\n<p>L\u2019Organisation des Moudjahidine du peuple d\u2019Iran (OMPI\/MEK) a annonc\u00e9 le 15 janvier 2026 que <a href=\"https:\/\/wncri.org\/fr\/2026\/01\/16\/soulevement-en-iran-soulevement-2\/\" target=\"_blank\" rel=\"noreferrer noopener\">plus de 50 000 personnes avaient \u00e9t\u00e9 arr\u00eat\u00e9es<\/a> lors du soul\u00e8vement national en Iran entre le 28 d\u00e9cembre et le 14 janvier. Parmi les d\u00e9tenus figurent des personnes \u00e2g\u00e9es de moins de 18 ans, consid\u00e9r\u00e9es comme des enfants au regard du droit international.<\/p>\n\n\n\n<p>Parall\u00e8lement \u00e0 ces arrestations massives, l\u2019intensification de la torture, les pressions visant \u00e0 extorquer des aveux forc\u00e9s et la privation des droits fondamentaux ont accru les inqui\u00e9tudes concernant l\u2019\u00e9mission de lourdes condamnations, y compris la peine de mort.<\/p>\n\n\n\n<p>Dans un contexte de <a href=\"https:\/\/iran-hrm.com\/2026\/01\/10\/order-to-kill-in-iran-khamenei-january-9-speech\/\" target=\"_blank\" rel=\"noreferrer noopener\">coupures g\u00e9n\u00e9ralis\u00e9es d\u2019Internet<\/a> et de black-out des communications, les t\u00e9moignages limit\u00e9s de familles et de t\u00e9moins indiquent que des sch\u00e9mas similaires se reproduisent dans les prisons \u00e0 travers tout le pays : refus de contact et de visites, absence de soins m\u00e9dicaux, surpopulation extr\u00eame et entraves \u00e0 l\u2019acc\u00e8s \u00e0 des avocats ind\u00e9pendants. Les familles ont \u00e9t\u00e9 inform\u00e9es qu\u2019elles ne pouvaient recourir qu\u2019\u00e0 des avocats approuv\u00e9s par le pouvoir judiciaire.<\/p>\n\n\n\n<p>Pris dans leur ensemble, ces \u00e9l\u00e9ments dressent un tableau profond\u00e9ment alarmant de violations syst\u00e9matiques et organis\u00e9es des droits humains dans les prisons iraniennes lors de la r\u00e9pression des manifestations nationales, une situation qui exige une r\u00e9ponse urgente de la part des instances internationales et des organisations de d\u00e9fense des droits humains.<\/p>\n","protected":false},"excerpt":{"rendered":"<p>Alors que la r\u00e9pression des manifestations populaires s\u2019intensifie, les informations re\u00e7ues concernant les personnes arr\u00eat\u00e9es lors du soul\u00e8vement national en Iran font \u00e9tat de pressions syst\u00e9matiques et de violations g\u00e9n\u00e9ralis\u00e9es et organis\u00e9es des droits fondamentaux des d\u00e9tenus. Ces violations incluent la d\u00e9tention massive de manifestants sans respect des normes humaines minimales, l\u2019enfermement dans des quartiers [&hellip;]<\/p>\n","protected":false},"author":4,"featured_media":25074,"comment_status":"closed","ping_status":"closed","sticky":false,"template":"","format":"standard","meta":{"jnews-multi-image_gallery":[],"jnews_single_post":{"format":"standard"},"jnews_primary_category":[],"jnews_social_meta":[],"jnews_override_counter":[],"footnotes":""},"categories":[8],"tags":[369,370],"class_list":["post-25072","post","type-post","status-publish","format-standard","has-post-thumbnail","hentry","category-articles","tag-manifestations","tag-prisonnieres"],"_links":{"self":[{"href":"https:\/\/wncri.org\/fr\/wp-json\/wp\/v2\/posts\/25072","targetHints":{"allow":["GET"]}}],"collection":[{"href":"https:\/\/wncri.org\/fr\/wp-json\/wp\/v2\/posts"}],"about":[{"href":"https:\/\/wncri.org\/fr\/wp-json\/wp\/v2\/types\/post"}],"author":[{"embeddable":true,"href":"https:\/\/wncri.org\/fr\/wp-json\/wp\/v2\/users\/4"}],"replies":[{"embeddable":true,"href":"https:\/\/wncri.org\/fr\/wp-json\/wp\/v2\/comments?post=25072"}],"version-history":[{"count":1,"href":"https:\/\/wncri.org\/fr\/wp-json\/wp\/v2\/posts\/25072\/revisions"}],"predecessor-version":[{"id":25075,"href":"https:\/\/wncri.org\/fr\/wp-json\/wp\/v2\/posts\/25072\/revisions\/25075"}],"wp:featuredmedia":[{"embeddable":true,"href":"https:\/\/wncri.org\/fr\/wp-json\/wp\/v2\/media\/25074"}],"wp:attachment":[{"href":"https:\/\/wncri.org\/fr\/wp-json\/wp\/v2\/media?parent=25072"}],"wp:term":[{"taxonomy":"category","embeddable":true,"href":"https:\/\/wncri.org\/fr\/wp-json\/wp\/v2\/categories?post=25072"},{"taxonomy":"post_tag","embeddable":true,"href":"https:\/\/wncri.org\/fr\/wp-json\/wp\/v2\/tags?post=25072"}],"curies":[{"name":"wp","href":"https:\/\/api.w.org\/{rel}","templated":true}]}}