{"id":25053,"date":"2026-01-23T16:09:39","date_gmt":"2026-01-23T15:09:39","guid":{"rendered":"https:\/\/wncri.org\/fr\/?p=25053"},"modified":"2026-01-23T16:09:40","modified_gmt":"2026-01-23T15:09:40","slug":"parlement-europeen-peuple-iranien","status":"publish","type":"post","link":"https:\/\/wncri.org\/fr\/2026\/01\/23\/parlement-europeen-peuple-iranien\/","title":{"rendered":"Le Parlement europ\u00e9en se tient aux c\u00f4t\u00e9s du soul\u00e8vement du peuple iranien et condamne la r\u00e9pression et les ex\u00e9cutions"},"content":{"rendered":"\n<h4 class=\"wp-block-heading\">Au plus fort du soul\u00e8vement national qui se poursuit en Iran, co\u00efncidant avec une <a href=\"https:\/\/wncri.org\/fr\/2026\/01\/20\/massacre-khamenei-manifestants-en-iran\/\" target=\"_blank\" rel=\"noreferrer noopener\">intensification de la r\u00e9pression sanglante<\/a>, des ex\u00e9cutions et de la fermeture syst\u00e9matique d\u2019Internet, le Parlement europ\u00e9en a <a href=\"https:\/\/www.europarl.europa.eu\/news\/fr\/press-room\/20260116IPR32443\/le-parlement-condamne-la-repression-brutale-des-manifestants-en-iran\" target=\"_blank\" rel=\"noreferrer noopener\">adopt\u00e9 une r\u00e9solution<\/a> ferme, prenant une position sans pr\u00e9c\u00e9dent en soutien aux manifestants iraniens.<\/h4>\n\n\n\n<p>Adopt\u00e9e \u00e0 une \u00e9crasante majorit\u00e9, cette r\u00e9solution refl\u00e8te non seulement la solidarit\u00e9 totale des repr\u00e9sentants \u00e9lus de l\u2019Europe avec les manifestations l\u00e9gitimes et courageuses du peuple iranien, mais condamne \u00e9galement explicitement le r\u00e9gime au pouvoir pour avoir transform\u00e9 ses m\u00e9thodes de r\u00e9pression, passant de la \u00ab dissuasion \u00bb \u00e0 <a href=\"https:\/\/wncri.org\/fr\/2026\/01\/22\/massacre-organise-de-manifestants\/\" target=\"_blank\" rel=\"noreferrer noopener\">l\u2019\u00e9limination strat\u00e9gique de toute dissidence<\/a>.<\/p>\n\n\n\n<p>Elle accuse les autorit\u00e9s de violations graves et syst\u00e9matiques des droits humains et de la commission de crimes s\u00e9rieux, et appelle \u00e0 l\u2019inscription du Corps des gardiens de la r\u00e9volution islamique (CGRI) sur la liste des organisations terroristes.<\/p>\n\n\n\n<p>Dans ce document, le Parlement europ\u00e9en exige l\u2019arr\u00eat imm\u00e9diat des ex\u00e9cutions, la lib\u00e9ration inconditionnelle de tous les d\u00e9tenus, la mise en cause de la responsabilit\u00e9 des auteurs de la r\u00e9pression, et conditionne toute relation future avec l\u2019Iran \u00e0 des progr\u00e8s tangibles en mati\u00e8re de d\u00e9mocratie, de droits humains et d\u2019\u00c9tat de droit. Cette position envoie un message clair et sans \u00e9quivoque \u00e0 T\u00e9h\u00e9ran et \u00e0 la communaut\u00e9 internationale : l\u2019\u00e8re de l\u2019apaisement est r\u00e9volue.<\/p>\n\n\n\n<p>La r\u00e9solution souligne \u00e9galement des d\u00e9cennies de r\u00e9pression syst\u00e9matique du r\u00e9gime iranien, ciblant en particulier les femmes, les d\u00e9fenseurs des droits humains et les dissidents politiques.<\/p>\n\n\n\n<p>Ce qui suit est <a href=\"https:\/\/www.europarl.europa.eu\/news\/fr\/press-room\/20260116IPR32443\/le-parlement-condamne-la-repression-brutale-des-manifestants-en-iran\" target=\"_blank\" rel=\"noreferrer noopener\">le communiqu\u00e9 d<\/a><a href=\"https:\/\/www.europarl.europa.eu\/news\/fr\/press-room\/20260116IPR32443\/le-parlement-condamne-la-repression-brutale-des-manifestants-en-iran\" target=\"_blank\" rel=\"noopener\">e presse<\/a> publi\u00e9 par le Parlement europ\u00e9en.<\/p>\n\n\n\n<p><strong>Le Parlement europ\u00e9en condamne la r\u00e9pression brutale des manifestants en Iran<\/strong><\/p>\n\n\n\n<ul class=\"wp-block-list\">\n<li>Le Parlement exprime sa pleine solidarit\u00e9 avec les manifestants iraniens<\/li>\n\n\n\n<li>Les d\u00e9put\u00e9s europ\u00e9ens exigent la fin des ex\u00e9cutions, la lib\u00e9ration des d\u00e9tenus et la responsabilit\u00e9 du r\u00e9gime pour ses crimes<\/li>\n\n\n\n<li>\u00c9volution gla\u00e7ante de la r\u00e9pression du r\u00e9gime iranien : de la dissuasion \u00e0 l\u2019\u00e9limination strat\u00e9gique<\/li>\n\n\n\n<li>La r\u00e9solution appelle \u00e0 l\u2019\u00e9largissement des mesures restrictives de l\u2019UE et conditionne les relations avec l\u2019UE au respect de la d\u00e9mocratie et des droits fondamentaux<\/li>\n<\/ul>\n\n\n\n<p>Dans une r\u00e9solution adopt\u00e9e jeudi, les d\u00e9put\u00e9s europ\u00e9ens expriment leur indignation face \u00e0 la r\u00e9pression et aux massacres perp\u00e9tr\u00e9s par le r\u00e9gime iranien contre les manifestants en Iran.<\/p>\n\n\n\n<p>Le Parlement exige sans condition que les autorit\u00e9s iraniennes, sous le r\u00e8gne d\u2019Ali Khamenei, mettent imm\u00e9diatement fin aux violences contre les manifestants pacifiques, arr\u00eatent toutes les ex\u00e9cutions et cessent les meurtres et la r\u00e9pression visant les civils. Se tenant pleinement aux c\u00f4t\u00e9s du peuple iranien et de son mouvement de protestation courageux et l\u00e9gitime, il condamne fermement l\u2019usage g\u00e9n\u00e9ralis\u00e9, intentionnel et disproportionn\u00e9 de la force par les forces de s\u00e9curit\u00e9.<\/p>\n\n\n\n<h3 class=\"wp-block-heading\"><strong>\u00c9volution gla\u00e7ante de la r\u00e9pression du r\u00e9gime : de la dissuasion \u00e0 l\u2019\u00e9limination strat\u00e9gique<\/strong><\/h3>\n\n\n\n<p>Dans la r\u00e9solution adopt\u00e9e par 562 voix pour, 9 contre et 57 abstentions, les d\u00e9put\u00e9s europ\u00e9ens expriment leur inqui\u00e9tude face au meurtre de milliers de manifestants, qui marque un tournant gla\u00e7ant dans la r\u00e9pression de la dissidence par le r\u00e9gime iranien, pass\u00e9e de la dissuasion \u00e0 l\u2019\u00e9limination strat\u00e9gique. Ils exigent la lib\u00e9ration imm\u00e9diate et inconditionnelle de tous les manifestants, d\u00e9fenseurs des droits humains et journalistes actuellement d\u00e9tenus.<\/p>\n\n\n\n<p>Le Parlement appelle le Conseil \u00e0 proc\u00e9der sans d\u00e9lai \u00e0 l\u2019inscription compl\u00e8te du Corps des gardiens de la r\u00e9volution islamique, y compris la milice Bassidj et la force Qods, sur la liste des organisations terroristes. Il exige l\u2019\u00e9largissement et l\u2019application stricte des mesures restrictives de l\u2019Union europ\u00e9enne, notamment le gel des avoirs et les interdictions de visa, salue les r\u00e9centes sanctions am\u00e9ricaines et appelle \u00e0 une action rapide de l\u2019UE contre tous les responsables et entit\u00e9s impliqu\u00e9s dans la r\u00e9pression.<\/p>\n\n\n\n<p>La r\u00e9solution condamne les efforts du r\u00e9gime visant \u00e0 censurer les manifestations par des coupures d\u2019Internet et appelle l\u2019Union europ\u00e9enne et ses \u00c9tats membres \u00e0 renforcer le soutien technique et financier aux outils de contournement de la censure ainsi qu\u2019aux m\u00e9canismes de protection contre la manipulation cybern\u00e9tique et informationnelle.<\/p>\n\n\n\n<h3 class=\"wp-block-heading\"><strong>La mission d\u2019\u00e9tablissement des faits mandat\u00e9e par l\u2019ONU doit b\u00e9n\u00e9ficier d\u2019un acc\u00e8s sans entrave<\/strong><\/h3>\n\n\n\n<p>Le Parlement souligne les d\u00e9cennies de r\u00e9pression syst\u00e9matique du r\u00e9gime iranien, visant en particulier les femmes, les d\u00e9fenseurs des droits humains et les dissidents politiques, et r\u00e9it\u00e8re son appel \u00e0 l\u2019Iran afin qu\u2019il accorde un acc\u00e8s imm\u00e9diat et sans entrave \u00e0 la mission d\u2019\u00e9tablissement des faits mandat\u00e9e par l\u2019ONU. Cette mission doit enqu\u00eater sur les crimes graves relevant du droit international, notamment les meurtres, la torture, les viols et les disparitions forc\u00e9es, utilis\u00e9s pour r\u00e9duire toute contestation au silence.<\/p>\n\n\n\n<p>Les d\u00e9put\u00e9s europ\u00e9ens appellent \u00e0 une intensification de l\u2019engagement diplomatique, y compris \u00e0 un renforcement de la pr\u00e9sence de l\u2019UE, afin d\u2019offrir protection, assistance humanitaire et soutien aux personnes expos\u00e9es \u00e0 des risques. Ils condamnent fermement les activit\u00e9s malveillantes de l\u2019Iran et son ing\u00e9rence dans la r\u00e9gion, soulignant que l\u2019Iran continue de repr\u00e9senter la menace la plus grave et la plus substantielle pour la s\u00e9curit\u00e9 et la stabilit\u00e9 r\u00e9gionales, ainsi que le principal obstacle \u00e0 la paix.<\/p>\n\n\n\n<p>Enfin, le Parlement souligne que toute normalisation des relations avec l\u2019Iran ne peut intervenir qu\u2019apr\u00e8s la lib\u00e9ration inconditionnelle des prisonniers politiques et des avanc\u00e9es r\u00e9elles vers la d\u00e9mocratie et l\u2019\u00c9tat de droit. Il salue la d\u00e9cision de sa pr\u00e9sidente, Roberta Metsola, d\u2019interdire l\u2019acc\u00e8s du Parlement europ\u00e9en aux repr\u00e9sentants du r\u00e9gime iranien et exhorte les \u00c9tats membres \u00e0 adopter la m\u00eame mesure.<\/p>\n","protected":false},"excerpt":{"rendered":"<p>Au plus fort du soul\u00e8vement national qui se poursuit en Iran, co\u00efncidant avec une intensification de la r\u00e9pression sanglante, des ex\u00e9cutions et de la fermeture syst\u00e9matique d\u2019Internet, le Parlement europ\u00e9en a adopt\u00e9 une r\u00e9solution ferme, prenant une position sans pr\u00e9c\u00e9dent en soutien aux manifestants iraniens. Adopt\u00e9e \u00e0 une \u00e9crasante majorit\u00e9, cette r\u00e9solution refl\u00e8te non seulement [&hellip;]<\/p>\n","protected":false},"author":4,"featured_media":25054,"comment_status":"closed","ping_status":"closed","sticky":false,"template":"","format":"standard","meta":{"jnews-multi-image_gallery":[],"jnews_single_post":{"format":"standard"},"jnews_primary_category":[],"jnews_social_meta":[],"jnews_override_counter":[],"footnotes":""},"categories":[3],"tags":[369],"class_list":["post-25053","post","type-post","status-publish","format-standard","has-post-thumbnail","hentry","category-infos-des-femmes","tag-manifestations"],"_links":{"self":[{"href":"https:\/\/wncri.org\/fr\/wp-json\/wp\/v2\/posts\/25053","targetHints":{"allow":["GET"]}}],"collection":[{"href":"https:\/\/wncri.org\/fr\/wp-json\/wp\/v2\/posts"}],"about":[{"href":"https:\/\/wncri.org\/fr\/wp-json\/wp\/v2\/types\/post"}],"author":[{"embeddable":true,"href":"https:\/\/wncri.org\/fr\/wp-json\/wp\/v2\/users\/4"}],"replies":[{"embeddable":true,"href":"https:\/\/wncri.org\/fr\/wp-json\/wp\/v2\/comments?post=25053"}],"version-history":[{"count":1,"href":"https:\/\/wncri.org\/fr\/wp-json\/wp\/v2\/posts\/25053\/revisions"}],"predecessor-version":[{"id":25055,"href":"https:\/\/wncri.org\/fr\/wp-json\/wp\/v2\/posts\/25053\/revisions\/25055"}],"wp:featuredmedia":[{"embeddable":true,"href":"https:\/\/wncri.org\/fr\/wp-json\/wp\/v2\/media\/25054"}],"wp:attachment":[{"href":"https:\/\/wncri.org\/fr\/wp-json\/wp\/v2\/media?parent=25053"}],"wp:term":[{"taxonomy":"category","embeddable":true,"href":"https:\/\/wncri.org\/fr\/wp-json\/wp\/v2\/categories?post=25053"},{"taxonomy":"post_tag","embeddable":true,"href":"https:\/\/wncri.org\/fr\/wp-json\/wp\/v2\/tags?post=25053"}],"curies":[{"name":"wp","href":"https:\/\/api.w.org\/{rel}","templated":true}]}}