{"id":25032,"date":"2026-01-20T16:56:40","date_gmt":"2026-01-20T15:56:40","guid":{"rendered":"https:\/\/wncri.org\/fr\/?p=25032"},"modified":"2026-02-11T17:20:41","modified_gmt":"2026-02-11T16:20:41","slug":"massacre-khamenei-manifestants-en-iran","status":"publish","type":"post","link":"https:\/\/wncri.org\/fr\/2026\/01\/20\/massacre-khamenei-manifestants-en-iran\/","title":{"rendered":"Massacre des manifestants en Iran : un crime contre l\u2019humanit\u00e9 sous une impunit\u00e9 organis\u00e9e"},"content":{"rendered":"\n<h4 class=\"wp-block-heading\">Lorsque le Guide supr\u00eame du r\u00e9gime est contraint de reconna\u00eetre les faits, cela signifie que l\u2019ampleur du crime a d\u00e9pass\u00e9 toutes les tentatives de dissimulation. Dans un discours prononc\u00e9 le 17 janvier 2026, Ali Khamenei a admis le massacre de \u00ab plusieurs milliers de personnes \u00bb.<\/h4>\n\n\n\n<p>Bien qu\u2019il ait imm\u00e9diatement tent\u00e9 de d\u00e9former la r\u00e9alit\u00e9 en imputant ce \u00ab massacre \u00bb aux \u00c9tats-Unis, cet aveu constitue en lui-m\u00eame un sceau involontaire de confirmation de ce que le peuple iranien a \u00e9crit avec son sang dans les rues : la commission d\u2019un crime contre l\u2019humanit\u00e9 \u00e0 une \u00e9chelle massive.<\/p>\n\n\n\n<p>Deux jours plus tard, le 19 janvier 2026, Gholamhossein Mohseni-Ejei, chef du pouvoir judiciaire du r\u00e9gime, a ajout\u00e9 un nouveau maillon \u00e0 la cha\u00eene de ce crime. Il a ordonn\u00e9 aux juges d\u2019acc\u00e9l\u00e9rer les verdicts contre les manifestants en Iran, une instruction qui \u00e9quivaut ni plus ni moins \u00e0 la suppression de toute proc\u00e9dure r\u00e9guli\u00e8re et \u00e0 l\u2019ouverture de la voie aux ex\u00e9cutions et aux lourdes condamnations. Ainsi, le massacre de rue s\u2019est trouv\u00e9 indissociablement li\u00e9 \u00e0 un massacre judiciaire.<\/p>\n\n\n\n<p>Parall\u00e8lement, le r\u00e9gime cl\u00e9rical a cherch\u00e9 \u00e0 emp\u00eacher la r\u00e9v\u00e9lation de l\u2019ampleur de cette atrocit\u00e9 en imposant une coupure g\u00e9n\u00e9ralis\u00e9e de l\u2019acc\u00e8s \u00e0 Internet international. Avec une arrogance manifeste, le porte-parole du gouvernement du pr\u00e9sident Pezeshkian a d\u00e9clar\u00e9 aux journalistes :<\/p>\n\n\n\n<p>\u00ab N\u2019attendez pas d\u2019acc\u00e8s \u00e0 Internet international avant Norouz 1405. Vous devez vous habituer \u00e0 la situation actuelle \u00bb<\/p>\n\n\n\n<p>(Agence de presse Mizan \u2013 15 janvier 2026).<\/p>\n\n\n<div class=\"wp-block-image\">\n<figure class=\"aligncenter size-full\"><img decoding=\"async\" src=\"data:image\/gif;base64,R0lGODlhAQABAIAAAAAAAP\/\/\/yH5BAEAAAAALAAAAAABAAEAAAIBRAA7\" data-src=\"https:\/\/wncri.org\/fr\/wp-content\/uploads\/2026\/01\/NCRI-Women-Massacre-of-Protesters-3-1.jpg\" alt=\"Massacre des manifestants en Iran : un crime contre l\u2019humanit\u00e9 sous une impunit\u00e9 organis\u00e9e\" class=\"wp-image-25035 lazyload\"\/><noscript><img decoding=\"async\" width=\"750\" height=\"375\" src=\"https:\/\/wncri.org\/fr\/wp-content\/uploads\/2026\/01\/NCRI-Women-Massacre-of-Protesters-3-1.jpg\" alt=\"Massacre des manifestants en Iran : un crime contre l\u2019humanit\u00e9 sous une impunit\u00e9 organis\u00e9e\" class=\"wp-image-25035 lazyload\" srcset=\"https:\/\/wncri.org\/fr\/wp-content\/uploads\/2026\/01\/NCRI-Women-Massacre-of-Protesters-3-1.jpg 750w, https:\/\/wncri.org\/fr\/wp-content\/uploads\/2026\/01\/NCRI-Women-Massacre-of-Protesters-3-1-300x150.jpg 300w, https:\/\/wncri.org\/fr\/wp-content\/uploads\/2026\/01\/NCRI-Women-Massacre-of-Protesters-3-1-360x180.jpg 360w\" sizes=\"(max-width: 750px) 100vw, 750px\" \/><\/noscript><\/figure>\n<\/div>\n\n\n<h3 class=\"wp-block-heading\"><strong>Aveux au sein des m\u00e9dias d\u2019\u00c9tat<\/strong><\/h3>\n\n\n\n<p>Malgr\u00e9 une censure s\u00e9v\u00e8re, l\u2019ampleur des tueries \u00e9tait telle que m\u00eame les m\u00e9dias contr\u00f4l\u00e9s par l\u2019\u00c9tat n\u2019ont pu garder un silence total. Dans une interview rare, la radio-t\u00e9l\u00e9vision d\u2019\u00c9tat iranienne a reconnu l\u2019abandon d\u2019un grand nombre de corps de victimes au centre m\u00e9dico-l\u00e9gal de Kahrizak :<\/p>\n\n\n\n<p><strong>Pr\u00e9sentateur :<\/strong><\/p>\n\n\n\n<p>\u00ab Pourquoi la situation est-elle ainsi l\u00e0-bas ? Pourquoi les sacs mortuaires et les corps sont-ils laiss\u00e9s \u00e0 m\u00eame le sol ? \u00bb<\/p>\n\n\n<div class=\"wp-block-image\">\n<figure class=\"aligncenter size-full\"><img decoding=\"async\" src=\"data:image\/gif;base64,R0lGODlhAQABAIAAAAAAAP\/\/\/yH5BAEAAAAALAAAAAABAAEAAAIBRAA7\" data-src=\"https:\/\/wncri.org\/fr\/wp-content\/uploads\/2026\/01\/NCRI-Women-Massacre-of-Protesters-2-1.jpg\" alt=\"Massacre des manifestants en Iran : un crime contre l\u2019humanit\u00e9 sous une impunit\u00e9 organis\u00e9e\" class=\"wp-image-25033 lazyload\"\/><noscript><img decoding=\"async\" width=\"750\" height=\"375\" src=\"https:\/\/wncri.org\/fr\/wp-content\/uploads\/2026\/01\/NCRI-Women-Massacre-of-Protesters-2-1.jpg\" alt=\"Massacre des manifestants en Iran : un crime contre l\u2019humanit\u00e9 sous une impunit\u00e9 organis\u00e9e\" class=\"wp-image-25033 lazyload\" srcset=\"https:\/\/wncri.org\/fr\/wp-content\/uploads\/2026\/01\/NCRI-Women-Massacre-of-Protesters-2-1.jpg 750w, https:\/\/wncri.org\/fr\/wp-content\/uploads\/2026\/01\/NCRI-Women-Massacre-of-Protesters-2-1-300x150.jpg 300w, https:\/\/wncri.org\/fr\/wp-content\/uploads\/2026\/01\/NCRI-Women-Massacre-of-Protesters-2-1-360x180.jpg 360w\" sizes=\"(max-width: 750px) 100vw, 750px\" \/><\/noscript><\/figure>\n<\/div>\n\n\n<h3 class=\"wp-block-heading\"><strong>Un responsable de la morgue de Kahrizak :<\/strong><\/h3>\n\n\n\n<p>\u00ab Eh bien, l\u2019incident qui s\u2019est produit jeudi, la plupart de ces personnes viennent de <a href=\"https:\/\/wncri.org\/fr\/2026\/01\/16\/soulevement-en-iran-soulevement-2\/\" target=\"_blank\" rel=\"noreferrer noopener\">jeudi (8 janvier)<\/a>, ce qui signifie qu\u2019elles sont li\u00e9es aux d\u00e9c\u00e8s de ce jour-l\u00e0\u2026 Quiconque voulait retrouver le corps de son proche devait venir regarder les housses ; s\u2019il ne le trouvait pas, il devait continuer \u00e0 chercher pour voir s\u2019il pouvait le retrouver. Certains ne les ont pas trouv\u00e9s. Puis ils sont revenus\u2026 Car certains restaient non identifi\u00e9s jusqu\u2019au mardi, lorsque nous \u00e9tions l\u00e0. J\u2019ai le sentiment que l\u2019organisation de m\u00e9decine l\u00e9gale n\u2019\u00e9tait tout simplement pas pr\u00e9par\u00e9e \u00e0 quelque chose d\u2019une telle ampleur\u2026 Tout le monde \u00e9tait sous le choc ; tout le monde \u00e9tait abasourdi. C\u2019\u00e9tait une surprise extraordinaire. \u00bb<\/p>\n\n\n\n<p>(T\u00e9l\u00e9vision d\u2019\u00c9tat \u2013 16 janvier 2026)<\/p>\n\n\n\n<h3 class=\"wp-block-heading\"><strong>Tirs \u00e0 la t\u00eate, au c\u0153ur et aux yeux<\/strong><\/h3>\n\n\n\n<p>Des informations de terrain indiquent que le Corps des gardiens de la r\u00e9volution islamique (CGRI) et les forces suppl\u00e9tives de Khamenei ont transform\u00e9 les rues des villes en v\u00e9ritables champs de mort. Des hommes, des femmes, des adolescents et m\u00eame des enfants sans d\u00e9fense ont \u00e9t\u00e9 abattus \u00e0 bout portant. Des munitions r\u00e9elles ont vis\u00e9 la t\u00eate, le cou, le c\u0153ur et les yeux. Un enfant de cinq ans a \u00e9t\u00e9 tu\u00e9 dans les bras de sa m\u00e8re. Des manifestants ont \u00e9t\u00e9 pris pour cible depuis les toits et les passerelles pi\u00e9tonnes. Des h\u00f4pitaux ont \u00e9t\u00e9 pris d\u2019assaut, des m\u00e9decins et du personnel m\u00e9dical arr\u00eat\u00e9s, et des manifestants bless\u00e9s ont \u00e9t\u00e9 ex\u00e9cut\u00e9s par des tirs de finition.<\/p>\n\n\n\n<p>Un m\u00e9decin \u00e0 T\u00e9h\u00e9ran, t\u00e9moin direct des \u00e9v\u00e9nements, a rapport\u00e9 que les forces de s\u00e9curit\u00e9 ont m\u00eame attaqu\u00e9 des ambulances transportant des manifestants bless\u00e9s et ont tu\u00e9 les victimes en tirant directement sur elles. Selon lui, les forces de r\u00e9pression ont eu recours \u00e0 \u00ab tous les moyens possibles \u00bb pour tuer des personnes durant ces deux journ\u00e9es.<\/p>\n\n\n\n<p>Certaines familles, craignant que les forces de s\u00e9curit\u00e9 ne s\u2019emparent des corps de leurs proches, ont \u00e9t\u00e9 contraintes de les enterrer secr\u00e8tement dans leurs propres cours. Les images divulgu\u00e9es depuis le centre m\u00e9dico-l\u00e9gal de Kahrizak et le cimeti\u00e8re de Behesht-e Zahra ne r\u00e9v\u00e8lent qu\u2019une infime partie de la r\u00e9alit\u00e9 dissimul\u00e9e par le blackout d\u2019Internet.<\/p>\n\n\n\n<p>Dans une \u00e9volution extr\u00eamement alarmante, des \u00e9l\u00e9ments indiquent que le r\u00e9gime pourrait avoir recours \u00e0 des agents chimiques contre sa propre population. <a href=\"https:\/\/www.newsweek.com\/iran-may-have-used-toxic-chemical-substance-on-protesters-ex-official-11375983\" target=\"_blank\" rel=\"noreferrer noopener\">Newsweek a rapport\u00e9<\/a> que l\u2019ancien parlementaire britannique Bill Rammell a cit\u00e9 un \u00ab rapport cr\u00e9dible \u00bb provenant de sources irano-kurdes, selon lequel des \u00ab substances chimiques toxiques \u00bb auraient \u00e9t\u00e9 utilis\u00e9es pour r\u00e9primer les manifestations. D\u2019apr\u00e8s ces t\u00e9moignages, l\u2019exposition \u00e0 ces substances a provoqu\u00e9 de graves blessures, certaines victimes \u00e9tant d\u00e9c\u00e9d\u00e9es plusieurs jours plus tard.<\/p>\n\n\n\n<h3 class=\"wp-block-heading\"><strong>La justice comme machine de r\u00e9pression<\/strong><\/h3>\n\n\n\n<p>Dans le m\u00eame temps, le pouvoir judiciaire a refus\u00e9 aux d\u00e9tenus l\u2019acc\u00e8s \u00e0 des avocats de leur choix. Mohseni-Ejei a ordonn\u00e9 aux juges d\u2019acc\u00e9l\u00e9rer les d\u00e9cisions contre les manifestants, une mesure que les observateurs consid\u00e8rent comme la suppression totale des garanties d\u2019un proc\u00e8s \u00e9quitable et le pr\u00e9lude \u00e0 de lourdes condamnations, y compris des ex\u00e9cutions.<\/p>\n\n\n\n<p>Sur le plan international, Volker T\u00fcrk, Haut-Commissaire des Nations unies aux droits de l\u2019homme, a appel\u00e9, le 2 janvier 2026, \u00e0 des \u00ab enqu\u00eates rapides, ind\u00e9pendantes et transparentes \u00bb sur toutes les morts li\u00e9es aux manifestations, avertissant :<\/p>\n\n\n\n<p>\u00ab L\u2019impunit\u00e9 perp\u00e9tue le cycle de la violence. \u00bb<\/p>\n\n\n\n<h3 class=\"wp-block-heading\"><strong>Avertissements des experts de l\u2019ONU et d\u2019Amnesty International<\/strong><\/h3>\n\n\n\n<p>Des experts des droits humains des Nations unies ont condamn\u00e9, dans une d\u00e9claration publi\u00e9e \u00e0 Gen\u00e8ve le 13 janvier, l\u2019usage d\u2019une \u00ab force l\u00e9tale et excessive \u00bb contre des manifestants en grande majorit\u00e9 pacifiques, y compris le recours \u00e0 des munitions r\u00e9elles, \u00e0 des projectiles m\u00e9talliques, les raids contre les h\u00f4pitaux et l\u2019arrestation d\u2019\u00e9coliers.<\/p>\n\n\n\n<p>La Dre Mai Sato, rapporteuse sp\u00e9ciale de l\u2019ONU, a \u00e9crit :<\/p>\n\n\n\n<p>\u00ab La <a href=\"https:\/\/x.com\/drmaisato\/status\/2011085753162645633\" target=\"_blank\" rel=\"noreferrer noopener\">rh\u00e9torique dangereuse<\/a> consistant \u00e0 qualifier les manifestants pacifiques de \u201cterroristes\u201d, de \u201c\u00e9meutiers\u201d ou de \u201cmercenaires\u201d vise \u00e0 justifier une r\u00e9pression brutale. Le nombre exact de morts demeure incertain en raison du blackout, mais il est probablement de plusieurs milliers, voire davantage. Ind\u00e9pendamment du chiffre exact des d\u00e9c\u00e8s, m\u00eame une seule victime est extr\u00eamement grave.<\/p>\n\n\n\n<p>Malgr\u00e9 un espace civique s\u00e9v\u00e8rement restreint et des risques personnels immenses, le peuple iranien continue de faire preuve d\u2019un courage extraordinaire dans sa qu\u00eate de droits fondamentaux. \u00bb<\/p>\n\n\n\n<p>Amnesty International a annonc\u00e9, le 14 janvier 2026, que les autorit\u00e9s iraniennes avaient commis des \u00ab massacres de masse ill\u00e9gaux \u00e0 une \u00e9chelle sans pr\u00e9c\u00e9dent \u00bb.<\/p>\n\n\n\n<p>Sa secr\u00e9taire g\u00e9n\u00e9rale<a href=\"https:\/\/www.amnesty.org\/fr\/latest\/news\/2026\/01\/iran-massacre-of-protesters-demands-global-diplomatic-action-to-signal-an-end-to-impunity\/\" target=\"_blank\" rel=\"noreferrer noopener\">, Agn\u00e8s Callamard<\/a>, a d\u00e9clar\u00e9 :<\/p>\n\n\n\n<p>\u00ab Cette spirale de bain de sang et d\u2019impunit\u00e9 doit cesser. M\u00eame au regard du sombre bilan des autorit\u00e9s iraniennes en mati\u00e8re de violations flagrantes des droits humains et de crimes au regard du droit international lors de vagues successives de manifestations, la gravit\u00e9 et l\u2019ampleur des tueries et de la r\u00e9pression depuis le 8 janvier sont sans pr\u00e9c\u00e9dent. \u00bb<\/p>\n\n\n\n<h3 class=\"wp-block-heading\"><strong>R\u00e9actions en Europe<\/strong><\/h3>\n\n\n\n<p>En Europe, le <a href=\"https:\/\/audiovisual.ec.europa.eu\/fr\/media\/video\/I-283199\" target=\"_blank\" rel=\"noreferrer noopener\">chancelier autrichien<\/a> Karl Nehammer a condamn\u00e9 la r\u00e9pression sanglante et d\u00e9clar\u00e9 :<\/p>\n\n\n\n<p>\u00ab Le r\u00e9gime en Iran est cruel, violent et brutal, et n\u2019h\u00e9site pas \u00e0 recourir \u00e0 la brutalit\u00e9, \u00e0 la cruaut\u00e9 et \u00e0 la force contre son propre peuple. Je condamne cela avec la plus grande fermet\u00e9, et celles et ceux qui \u0153uvrent pour la libert\u00e9 en Iran b\u00e9n\u00e9ficient de mon plein soutien. \u00bb<\/p>\n\n\n\n<p><a href=\"https:\/\/audiovisual.ec.europa.eu\/fr\/media\/video\/I-283199\" target=\"_blank\" rel=\"noreferrer noopener\">Roberta Metsola<\/a>, pr\u00e9sidente du Parlement europ\u00e9en, a averti :<\/p>\n\n\n\n<p>\u00ab Nous sommes horrifi\u00e9s par la force meurtri\u00e8re utilis\u00e9e par le r\u00e9gime iranien contre les courageux Iraniens qui marchent dans les rues pour leurs libert\u00e9s et pour leurs droits. Cela doit cesser, et au niveau de l\u2019Union europ\u00e9enne, nous devons renforcer notre action. \u00bb<\/p>\n\n\n\n<p>Au Bundestag allemand, Johannes Vogel a d\u00e9clar\u00e9 :<\/p>\n\n\n\n<p>\u00ab Un r\u00e9gime qui ne maintient son pouvoir qu\u2019en tirant sur son propre peuple a perdu toute l\u00e9gitimit\u00e9 internationale. \u00bb<\/p>\n\n\n\n<h3 class=\"wp-block-heading\"><strong>Le monde ne doit pas rester indiff\u00e9rent<\/strong><\/h3>\n\n\n\n<p>Dans une <a href=\"https:\/\/news.mojahedin.org\/i\/%D9%86%D8%A7%D9%85%D9%87-%DB%B1%DB%B4%D8%AA%D9%86-%D8%A7%D8%B2-%D8%B1%D9%87%D8%A8%D8%B1%D8%A7%D9%86-%D9%BE%DB%8C%D8%B4%DB%8C%D9%86-%DA%A9%D8%B4%D9%88%D8%B1%D9%87%D8%A7%DB%8C-%D8%A7%D8%B1%D9%88%D9%BE%D8%A7%DB%8C%DB%8C-%D8%AF%D8%B1-%D8%AD%D9%85%D8%A7%DB%8C%D8%AA-%D8%A7%D8%B2-%D9%82%DB%8C%D8%A7%D9%85-%D9%85%D8%B1%D8%AF%D9%85-%D8%A7%DB%8C%D8%B1%D8%A7%D9%86\" target=\"_blank\" rel=\"noreferrer noopener\">lettre sign\u00e9e par 14 anciens dirigeants europ\u00e9ens<\/a> adress\u00e9e aux responsables de l\u2019Union europ\u00e9enne, ceux-ci ont \u00e9crit :<\/p>\n\n\n\n<p>\u00ab Nous appelons l\u2019Union europ\u00e9enne \u00e0 reconna\u00eetre le droit du peuple iranien \u00e0 r\u00e9sister \u00e0 la tyrannie et \u00e0 \u00e9tablir une r\u00e9publique d\u00e9mocratique. \u00bb<\/p>\n\n\n\n<p>Ce massacre, aussi horrifiant soit-il, n\u2019est pas la fin. Ces taches de sang se transformeront en voix.<\/p>\n\n\n\n<p>\u00ab Nous n\u2019avons pas le droit de rester indiff\u00e9rents. Ce n\u2019est pas seulement le combat de l\u2019Iran, c\u2019est un combat mondial : un combat pour la dignit\u00e9 humaine, pour la libert\u00e9 et pour la justice. \u00bb<\/p>\n","protected":false},"excerpt":{"rendered":"<p>Lorsque le Guide supr\u00eame du r\u00e9gime est contraint de reconna\u00eetre les faits, cela signifie que l\u2019ampleur du crime a d\u00e9pass\u00e9 toutes les tentatives de dissimulation. Dans un discours prononc\u00e9 le 17 janvier 2026, Ali Khamenei a admis le massacre de \u00ab plusieurs milliers de personnes \u00bb. Bien qu\u2019il ait imm\u00e9diatement tent\u00e9 de d\u00e9former la r\u00e9alit\u00e9 [&hellip;]<\/p>\n","protected":false},"author":4,"featured_media":25034,"comment_status":"closed","ping_status":"closed","sticky":false,"template":"","format":"standard","meta":{"jnews-multi-image_gallery":[],"jnews_single_post":{"format":"standard"},"jnews_primary_category":[],"jnews_social_meta":[],"jnews_override_counter":[],"footnotes":""},"categories":[8],"tags":[369],"class_list":["post-25032","post","type-post","status-publish","format-standard","has-post-thumbnail","hentry","category-articles","tag-manifestations"],"_links":{"self":[{"href":"https:\/\/wncri.org\/fr\/wp-json\/wp\/v2\/posts\/25032","targetHints":{"allow":["GET"]}}],"collection":[{"href":"https:\/\/wncri.org\/fr\/wp-json\/wp\/v2\/posts"}],"about":[{"href":"https:\/\/wncri.org\/fr\/wp-json\/wp\/v2\/types\/post"}],"author":[{"embeddable":true,"href":"https:\/\/wncri.org\/fr\/wp-json\/wp\/v2\/users\/4"}],"replies":[{"embeddable":true,"href":"https:\/\/wncri.org\/fr\/wp-json\/wp\/v2\/comments?post=25032"}],"version-history":[{"count":1,"href":"https:\/\/wncri.org\/fr\/wp-json\/wp\/v2\/posts\/25032\/revisions"}],"predecessor-version":[{"id":25036,"href":"https:\/\/wncri.org\/fr\/wp-json\/wp\/v2\/posts\/25032\/revisions\/25036"}],"wp:featuredmedia":[{"embeddable":true,"href":"https:\/\/wncri.org\/fr\/wp-json\/wp\/v2\/media\/25034"}],"wp:attachment":[{"href":"https:\/\/wncri.org\/fr\/wp-json\/wp\/v2\/media?parent=25032"}],"wp:term":[{"taxonomy":"category","embeddable":true,"href":"https:\/\/wncri.org\/fr\/wp-json\/wp\/v2\/categories?post=25032"},{"taxonomy":"post_tag","embeddable":true,"href":"https:\/\/wncri.org\/fr\/wp-json\/wp\/v2\/tags?post=25032"}],"curies":[{"name":"wp","href":"https:\/\/api.w.org\/{rel}","templated":true}]}}