{"id":25023,"date":"2026-01-17T21:15:10","date_gmt":"2026-01-17T20:15:10","guid":{"rendered":"https:\/\/wncri.org\/fr\/?p=25023"},"modified":"2026-01-21T16:56:52","modified_gmt":"2026-01-21T15:56:52","slug":"akram-rezaei-executee-en-iran-en-2026","status":"publish","type":"post","link":"https:\/\/wncri.org\/fr\/2026\/01\/17\/akram-rezaei-executee-en-iran-en-2026\/","title":{"rendered":"Akram Rezaei, troisi\u00e8me femme ex\u00e9cut\u00e9e en Iran en 2026"},"content":{"rendered":"\n<h4 class=\"wp-block-heading\">Akram Rezaei, une prisonni\u00e8re, a \u00e9t\u00e9 pendue le mardi 13 janvier 2026 \u00e0 la prison de <a href=\"https:\/\/fr.wikipedia.org\/wiki\/Racht\" target=\"_blank\" rel=\"noreferrer noopener\">Rasht<\/a>. Elle est la troisi\u00e8me femme ex\u00e9cut\u00e9e au cours des deux premi\u00e8res semaines de l\u2019ann\u00e9e 2026.<\/h4>\n\n\n\n<p>La sentence de mort a \u00e9t\u00e9 appliqu\u00e9e dans un contexte de vague continue d\u2019ex\u00e9cutions, en parall\u00e8le des manifestations \u00e0 l\u2019\u00e9chelle nationale et du blackout prolong\u00e9 et g\u00e9n\u00e9ralis\u00e9 d\u2019Internet en Iran.<\/p>\n\n\n\n<p>Akram Rezaei aurait \u00e9t\u00e9 condamn\u00e9e \u00e0 mort pour des accusations de meurtre.<\/p>\n\n\n\n<p>\u00c0 la date de cet article, les autorit\u00e9s p\u00e9nitentiaires et les instances judiciaires concern\u00e9es n\u2019ont pas confirm\u00e9 ni annonc\u00e9 officiellement cette ex\u00e9cution.<\/p>\n\n\n\n<p>De nombreuses femmes ex\u00e9cut\u00e9es par le r\u00e9gime iranien sont elles-m\u00eames victimes de violences domestiques et de lois familiales discriminatoires. Un nombre significatif d\u2019entre elles ont agi en \u00e9tat de l\u00e9gitime d\u00e9fense.<\/p>\n\n\n\n<h3 class=\"wp-block-heading\"><strong>L\u2019Iran, d\u00e9tenteur du record mondial d\u2019ex\u00e9cutions de femmes<\/strong><\/h3>\n\n\n\n<p>Selon les&nbsp;<a href=\"https:\/\/wncri.org\/fr\/2023\/09\/07\/executions-de-femmes\/\" target=\"_blank\" rel=\"noreferrer noopener\">donn\u00e9es enregistr\u00e9es<\/a>&nbsp;par la Commission des Femmes du CNRI, au moins 330 femmes ont \u00e9t\u00e9 ex\u00e9cut\u00e9es en Iran depuis 2007.<\/p>\n\n\n\n<p>Depuis l\u2019entr\u00e9e en fonction de Massoud Pezeshkian, le r\u00e9gime cl\u00e9rical a ex\u00e9cut\u00e9 plus de 3 100 prisonniers, dont 90 femmes. Pour la seule ann\u00e9e 2025, 2 201 ex\u00e9cutions ont \u00e9t\u00e9 recens\u00e9es en Iran, soit plus du double de celles de 2024, qui s\u2019\u00e9levaient \u00e0 1 006.<\/p>\n\n\n\n<p>La Commission des Femmes du CNRI appelle une nouvelle fois les Nations unies et les agences comp\u00e9tentes, l\u2019Union europ\u00e9enne et ses \u00c9tats membres, ainsi que tous les d\u00e9fenseurs des droits humains, \u00e0 prendre des mesures imm\u00e9diates pour sauver la vie des prisonniers condamn\u00e9s \u00e0 mort et mettre fin \u00e0 la vague d\u2019ex\u00e9cutions en Iran.<\/p>\n","protected":false},"excerpt":{"rendered":"<p>Akram Rezaei, une prisonni\u00e8re, a \u00e9t\u00e9 pendue le mardi 13 janvier 2026 \u00e0 la prison de Rasht. Elle est la troisi\u00e8me femme ex\u00e9cut\u00e9e au cours des deux premi\u00e8res semaines de l\u2019ann\u00e9e 2026. La sentence de mort a \u00e9t\u00e9 appliqu\u00e9e dans un contexte de vague continue d\u2019ex\u00e9cutions, en parall\u00e8le des manifestations \u00e0 l\u2019\u00e9chelle nationale et du [&hellip;]<\/p>\n","protected":false},"author":4,"featured_media":25022,"comment_status":"closed","ping_status":"closed","sticky":false,"template":"","format":"standard","meta":{"jnews-multi-image_gallery":[],"jnews_single_post":{"format":"standard"},"jnews_primary_category":[],"jnews_social_meta":[],"jnews_override_counter":[],"footnotes":""},"categories":[3],"tags":[367],"class_list":["post-25023","post","type-post","status-publish","format-standard","has-post-thumbnail","hentry","category-infos-des-femmes","tag-execution"],"_links":{"self":[{"href":"https:\/\/wncri.org\/fr\/wp-json\/wp\/v2\/posts\/25023","targetHints":{"allow":["GET"]}}],"collection":[{"href":"https:\/\/wncri.org\/fr\/wp-json\/wp\/v2\/posts"}],"about":[{"href":"https:\/\/wncri.org\/fr\/wp-json\/wp\/v2\/types\/post"}],"author":[{"embeddable":true,"href":"https:\/\/wncri.org\/fr\/wp-json\/wp\/v2\/users\/4"}],"replies":[{"embeddable":true,"href":"https:\/\/wncri.org\/fr\/wp-json\/wp\/v2\/comments?post=25023"}],"version-history":[{"count":2,"href":"https:\/\/wncri.org\/fr\/wp-json\/wp\/v2\/posts\/25023\/revisions"}],"predecessor-version":[{"id":25041,"href":"https:\/\/wncri.org\/fr\/wp-json\/wp\/v2\/posts\/25023\/revisions\/25041"}],"wp:featuredmedia":[{"embeddable":true,"href":"https:\/\/wncri.org\/fr\/wp-json\/wp\/v2\/media\/25022"}],"wp:attachment":[{"href":"https:\/\/wncri.org\/fr\/wp-json\/wp\/v2\/media?parent=25023"}],"wp:term":[{"taxonomy":"category","embeddable":true,"href":"https:\/\/wncri.org\/fr\/wp-json\/wp\/v2\/categories?post=25023"},{"taxonomy":"post_tag","embeddable":true,"href":"https:\/\/wncri.org\/fr\/wp-json\/wp\/v2\/tags?post=25023"}],"curies":[{"name":"wp","href":"https:\/\/api.w.org\/{rel}","templated":true}]}}