{"id":25008,"date":"2026-01-16T22:05:53","date_gmt":"2026-01-16T21:05:53","guid":{"rendered":"https:\/\/wncri.org\/fr\/?p=25008"},"modified":"2026-02-11T17:20:49","modified_gmt":"2026-02-11T16:20:49","slug":"soulevement-en-iran-soulevement-2","status":"publish","type":"post","link":"https:\/\/wncri.org\/fr\/2026\/01\/16\/soulevement-en-iran-soulevement-2\/","title":{"rendered":"Le soul\u00e8vement en Iran entre dans son 20e jour malgr\u00e9 une r\u00e9pression brutale"},"content":{"rendered":"\n<h4 class=\"wp-block-heading\">Le soul\u00e8vement en Iran entre dans son 20e jour ce vendredi 16 janvier 2026. Les manifestations, les affrontements nocturnes de type gu\u00e9rilla urbaine et les actes de r\u00e9sistance se poursuivent \u00e0 travers le pays, malgr\u00e9 un \u00e9tat de loi martiale non d\u00e9clar\u00e9, des arrestations massives et un <a href=\"https:\/\/www.ncr-iran.org\/en\/ncri-statements\/statement-iran-protest\/iran-hit-and-run-clashes-continue-in-tehran-and-many-other-cities\/\" target=\"_blank\" rel=\"noreferrer noopener\">blackout num\u00e9rique<\/a> toujours en cours.<\/h4>\n\n\n\n<p>Des informations en provenance de l\u2019int\u00e9rieur de l\u2019Iran indiquent que les confrontations de rue se sont poursuivies du lundi au jeudi soir (13\u201315 janvier). En raison des restrictions s\u00e9v\u00e8res impos\u00e9es par le r\u00e9gime sur Internet, une grande partie de ces informations est parvenue avec retard, r\u00e9v\u00e9lant les efforts des autorit\u00e9s pour dissimuler l\u2019ampleur r\u00e9elle du soul\u00e8vement.<\/p>\n\n\n\n<h3 class=\"wp-block-heading\"><strong>Les unit\u00e9s de r\u00e9sistance et la jeunesse affrontent les forces r\u00e9pressives dans tout le pays<\/strong><\/h3>\n\n\n\n<p>Mercredi et jeudi soir, des <a href=\"https:\/\/www.youtube.com\/watch?v=IZGvEhLwCUQ\" target=\"_blank\" rel=\"noreferrer noopener\">jeunes insurg\u00e9s \u00e0 T\u00e9h\u00e9ran<\/a> se sont mobilis\u00e9s dans les quartiers de Pirouzi et de T\u00e9h\u00e9ranpars, scandant des slogans hostiles au r\u00e9gime et affrontant les forces de r\u00e9pression. Dans le quartier de Qolhak, un d\u00e9p\u00f4t de munitions appartenant aux Gardiens de la r\u00e9volution islamique et au Bassidj a \u00e9t\u00e9 incendi\u00e9 mardi soir lors d\u2019une action cibl\u00e9e de r\u00e9sistance.<\/p>\n\n\n\n<p>\u00c0 Abdanan, dans la province d\u2019Ilam, des milliers de personnes ont transform\u00e9 <a href=\"https:\/\/fr.ncr-iran.org\/communiques-cnri\/iran-protestations\/manifestations-et-affrontements-dans-divers-quartiers-de-teheran-et-dautres-villes\/\" target=\"_blank\" rel=\"noreferrer noopener\">les fun\u00e9railles d\u2019Alireza Seidi<\/a>, un adolescent tu\u00e9 par les forces du r\u00e9gime, en une manifestation massive. Les participants ont scand\u00e9 des slogans tels que \u00ab \u00c0 bas Khamenei \u00bb, \u00ab Je tuerai celui qui a tu\u00e9 mon fr\u00e8re \u00bb, \u00ab Ce pays ne sera pas libre tant que les mollahs ne seront pas ensevelis \u00bb et \u00ab Cette ann\u00e9e est celle du sacrifice ; Seyed Ali sera renvers\u00e9 \u00bb.<\/p>\n\n\n\n<p>Des affrontements entre manifestants et forces arm\u00e9es du r\u00e9gime ont \u00e9t\u00e9 <a href=\"https:\/\/fr.ncr-iran.org\/communiques-cnri\/iran-protestations\/seizieme-jour-du-soulevement-affrontements-avec-les-forces-du-regime-a-teheran-et-a-kermanchah\/\" target=\"_blank\" rel=\"noreferrer noopener\">signal\u00e9s dans des dizaines de villes<\/a>, notamment \u00e0 T\u00e9h\u00e9ran, Machhad, Chiraz, Ispahan, Tabriz, Karaj, Kermanchah, Ahvaz, Arak, Izeh, Qom, Sanandadj, Ilam, Yazdanchahr (Ispahan), Islamabad-e Gharb (Kermanchah), Khoy, Rafsandjan, Chahr-e Babak (Kerman), Marvdacht (Fars), Gonbad-e Kavous, Langroud, <a href=\"https:\/\/www.ncr-iran.org\/en\/ncri-statements\/statement-iran-protest\/iran-pmoi-announces-over-50000-arrests-during-uprising\/\" target=\"_blank\" rel=\"noreferrer noopener\">Bandar Abbas<\/a> et Dezfoul.<\/p>\n\n\n\n<figure class=\"wp-block-embed is-type-video is-provider-youtube wp-block-embed-youtube wp-embed-aspect-16-9 wp-has-aspect-ratio\"><div class=\"wp-block-embed__wrapper\">\n<div class=\"jeg_video_container jeg_video_content\"><iframe class=\"lazyload\" title=\"\u0648\u06cc\u062f\u06cc\u0648\u06cc \u0627\u0632 \u0645\u0631\u0627\u0633\u0645 \u062a\u0634\u06cc\u06cc\u0639 \u0639\u0644\u06cc\u0631\u0636\u0627 \u0635\u06cc\u062f\u06cc\u060c \u0646\u0648\u062c\u0648\u0627\u0646 \u0627\u0647\u0644 \u0622\u0628\u062f\u0627\u0646\u0627\u0646 \u0628\u0627 \u0634\u0639\u0627\u0631\u0647\u0627\u06cc \u0645\u0631\u06af \u0628\u0631 \u062e\u0627\u0645\u0646\u0647\u200c\u0627\u06cc\" width=\"500\" height=\"281\" data-src=\"https:\/\/www.youtube.com\/embed\/IZGvEhLwCUQ?feature=oembed\" frameborder=\"0\" allow=\"accelerometer; autoplay; clipboard-write; encrypted-media; gyroscope; picture-in-picture; web-share\" referrerpolicy=\"strict-origin-when-cross-origin\" allowfullscreen><\/iframe><\/div>\n<\/div><\/figure>\n\n\n\n<h3 class=\"wp-block-heading\"><strong>OMPI\/MEK : au moins 50 000 arrestations depuis le d\u00e9but du soul\u00e8vement en Iran<\/strong><\/h3>\n\n\n\n<p>L\u2019Organisation des Moudjahidine du peuple d\u2019Iran (OMPI\/MEK) a <a href=\"https:\/\/wncri.org\/fr\/2026\/01\/14\/le-soulevement-national-iran-se-poursuit\/\" target=\"_blank\" rel=\"noreferrer noopener\">annonc\u00e9<\/a> le jeudi 15 janvier 2026 qu\u2019au moins 50 000 personnes ont \u00e9t\u00e9 arr\u00eat\u00e9es depuis le d\u00e9but du soul\u00e8vement, le 28 d\u00e9cembre 2025.<\/p>\n\n\n\n<p>Selon l\u2019OMPI\/MEK, ces chiffres reposent sur des donn\u00e9es recueillies dans 220 villes, \u00e0 partir de t\u00e9moignages de t\u00e9moins oculaires, de familles de d\u00e9tenus, de sources locales et de prisonniers. L\u2019organisation souligne que des statistiques pr\u00e9cises et exhaustives ne pourront \u00eatre obtenues que par une mission internationale ind\u00e9pendante disposant d\u2019un acc\u00e8s sans restriction \u00e0 toutes les prisons et centres de d\u00e9tention du r\u00e9gime cl\u00e9rical au pouvoir.<\/p>\n\n\n\n<p>Des informations confirment que le r\u00e9gime utilise des drones de surveillance militaire avanc\u00e9e pour identifier, traquer et arr\u00eater les manifestants, traitant des civils non arm\u00e9s comme des \u00ab combattants ennemis \u00bb. Les forces de s\u00e9curit\u00e9 ont \u00e9galement intensifi\u00e9 les descentes dans les domiciles et les lieux de travail.<\/p>\n\n\n\n<p>L\u2019OMPI\/MEK rappelle que trois ans apr\u00e8s le soul\u00e8vement de 2022, le chef du pouvoir judiciaire, Gholam-Hossein Mohseni Ejei, avait admis en mai 2025 que 90 000 citoyens avaient fait l\u2019objet de poursuites, r\u00e9v\u00e9lant l\u2019ampleur syst\u00e9matique de la r\u00e9pression, aujourd\u2019hui reproduite \u00e0 une \u00e9chelle encore plus large.<\/p>\n\n\n\n<h3 class=\"wp-block-heading\"><strong>Messages de l\u2019int\u00e9rieur de l\u2019Iran : \u00ab Ce soul\u00e8vement ne s\u2019\u00e9teindra pas \u00bb<\/strong><\/h3>\n\n\n\n<p>Malgr\u00e9 les assassinats, les arrestations massives et la censure, des messages en provenance de l\u2019int\u00e9rieur de l\u2019Iran confirment que <a href=\"https:\/\/wncri.org\/fr\/2026\/01\/13\/le-bilan-des-morts-depasse-3-000\/\" target=\"_blank\" rel=\"noreferrer noopener\">le moral de la population<\/a> reste \u00e9lev\u00e9 et que la r\u00e9sistance se poursuit.<\/p>\n\n\n\n<p>Un manifestant bless\u00e9 par des tirs de plombs, avec six projectiles log\u00e9s dans le corps, a d\u00e9clar\u00e9 :<\/p>\n\n\n\n<p>\u00ab Nous encaisserons cent plombs s\u2019il le faut, mais nous chasserons les mollahs. Le r\u00e9gime pense que couper Internet et transformer la t\u00e9l\u00e9vision d\u2019\u00c9tat en haut-parleur de la peur nous arr\u00eatera, cela n\u2019a aucun effet. Le moral ici est totalement r\u00e9volutionnaire. Tout le monde est pr\u00eat pour le coup final. Ne croyez aucun message disant le contraire. \u00bb<\/p>\n\n\n\n<p>Un autre manifestant a affirm\u00e9 :<\/p>\n\n\n\n<p>\u00ab Par le sang des martyrs, le peuple est pr\u00eat. Oui, beaucoup ont \u00e9t\u00e9 tu\u00e9s et arr\u00eat\u00e9s, mais des millions sont encore libres. Dans les prochains jours, vous verrez ce que nous ferons. Soyez notre voix. Soyez la voix du grand moral de notre peuple. Malgr\u00e9 les massacres, les gens continuent de descendre dans la rue. Ce soul\u00e8vement conna\u00eet des hauts et des bas, mais il ne s\u2019\u00e9teindra pas. \u00bb<\/p>\n\n\n\n<p>Un message de Chiraz fait \u00e9cho \u00e0 cette d\u00e9termination :<\/p>\n\n\n\n<p>\u00ab Malgr\u00e9 les tueries, les gens n\u2019ont pas perdu espoir. Ils ont d\u00e9cid\u00e9 de rester dans la rue jusqu\u2019\u00e0 ce que l\u2019issue soit tranch\u00e9e. Dites au monde : le peuple iranien est dans la rue et tiendra jusqu\u2019au bout. Les jeunes femmes m\u00e8nent les manifestations en scandant \u201c\u00c0 bas le dictateur\u201d. Les gens ne quittent plus la rue. M\u00eame maintenant, ils sont pr\u00e9sents. \u00bb<\/p>\n\n\n\n<h3 class=\"wp-block-heading\"><strong>Les dirigeants du r\u00e9gime fuient avec des millions alors que la crise s\u2019aggrave<\/strong><\/h3>\n\n\n\n<p>Alors que la r\u00e9sistance s\u2019\u00e9tend, des signes \u00e9vidents de panique apparaissent parmi les dirigeants du r\u00e9gime.<\/p>\n\n\n\n<p>Le secr\u00e9taire am\u00e9ricain au Tr\u00e9sor, Scott Bessent, a d\u00e9clar\u00e9 mercredi 14 janvier 2026 dans une <a href=\"https:\/\/www.youtube.com\/watch?v=HDB2SDdzoX8\" target=\"_blank\" rel=\"noreferrer noopener\">interview accord\u00e9e \u00e0 Newsmax<\/a> que de hauts responsables du r\u00e9gime iranien transf\u00e8rent \u00ab des millions et des dizaines de millions de dollars \u00bb hors du pays.<\/p>\n\n\n\n<p>Il a pr\u00e9cis\u00e9 que le d\u00e9partement du Tr\u00e9sor am\u00e9ricain suit ces flux financiers, qu\u2019ils transitent par des banques ou par des actifs num\u00e9riques, ajoutant :<\/p>\n\n\n\n<p>\u00ab Les rats fuient d\u00e9sormais le navire, car nous observons le transfert de millions et de dizaines de millions de dollars envoy\u00e9s \u00e0 l\u2019\u00e9tranger ou sortis clandestinement par les dirigeants iraniens. \u00bb<\/p>\n","protected":false},"excerpt":{"rendered":"<p>Le soul\u00e8vement en Iran entre dans son 20e jour ce vendredi 16 janvier 2026. Les manifestations, les affrontements nocturnes de type gu\u00e9rilla urbaine et les actes de r\u00e9sistance se poursuivent \u00e0 travers le pays, malgr\u00e9 un \u00e9tat de loi martiale non d\u00e9clar\u00e9, des arrestations massives et un blackout num\u00e9rique toujours en cours. Des informations en [&hellip;]<\/p>\n","protected":false},"author":4,"featured_media":25009,"comment_status":"closed","ping_status":"closed","sticky":false,"template":"","format":"standard","meta":{"jnews-multi-image_gallery":[],"jnews_single_post":{"format":"standard"},"jnews_primary_category":[],"jnews_social_meta":[],"jnews_override_counter":[],"footnotes":""},"categories":[8],"tags":[369],"class_list":["post-25008","post","type-post","status-publish","format-standard","has-post-thumbnail","hentry","category-articles","tag-manifestations"],"_links":{"self":[{"href":"https:\/\/wncri.org\/fr\/wp-json\/wp\/v2\/posts\/25008","targetHints":{"allow":["GET"]}}],"collection":[{"href":"https:\/\/wncri.org\/fr\/wp-json\/wp\/v2\/posts"}],"about":[{"href":"https:\/\/wncri.org\/fr\/wp-json\/wp\/v2\/types\/post"}],"author":[{"embeddable":true,"href":"https:\/\/wncri.org\/fr\/wp-json\/wp\/v2\/users\/4"}],"replies":[{"embeddable":true,"href":"https:\/\/wncri.org\/fr\/wp-json\/wp\/v2\/comments?post=25008"}],"version-history":[{"count":1,"href":"https:\/\/wncri.org\/fr\/wp-json\/wp\/v2\/posts\/25008\/revisions"}],"predecessor-version":[{"id":25011,"href":"https:\/\/wncri.org\/fr\/wp-json\/wp\/v2\/posts\/25008\/revisions\/25011"}],"wp:featuredmedia":[{"embeddable":true,"href":"https:\/\/wncri.org\/fr\/wp-json\/wp\/v2\/media\/25009"}],"wp:attachment":[{"href":"https:\/\/wncri.org\/fr\/wp-json\/wp\/v2\/media?parent=25008"}],"wp:term":[{"taxonomy":"category","embeddable":true,"href":"https:\/\/wncri.org\/fr\/wp-json\/wp\/v2\/categories?post=25008"},{"taxonomy":"post_tag","embeddable":true,"href":"https:\/\/wncri.org\/fr\/wp-json\/wp\/v2\/tags?post=25008"}],"curies":[{"name":"wp","href":"https:\/\/api.w.org\/{rel}","templated":true}]}}