{"id":24858,"date":"2026-01-04T20:06:26","date_gmt":"2026-01-04T19:06:26","guid":{"rendered":"https:\/\/wncri.org\/fr\/?p=24858"},"modified":"2026-01-04T20:06:28","modified_gmt":"2026-01-04T19:06:28","slug":"mahshad-kashani-isfahans-chaharbagh","status":"publish","type":"post","link":"https:\/\/wncri.org\/fr\/2026\/01\/04\/mahshad-kashani-isfahans-chaharbagh\/","title":{"rendered":"Manifestations nationales : Mahshad Kashani de nouveau arr\u00eat\u00e9e \u00e0 Chaharbagh d\u2019Ispahan"},"content":{"rendered":"\n<h4 class=\"wp-block-heading\">Mahshad Kashani, \u00e9tudiante universitaire et ancienne prisonni\u00e8re politique, <a href=\"https:\/\/wncri.org\/fr\/2026\/01\/02\/etudiantes-beheshti\/\" target=\"_blank\" rel=\"noreferrer noopener\">a \u00e9t\u00e9 arr\u00eat\u00e9e<\/a> le mercredi 31 d\u00e9cembre 2025 dans le quartier de Chaharbagh \u00e0 <a href=\"https:\/\/fr.wikipedia.org\/wiki\/Ispahan\" target=\"_blank\" rel=\"noreferrer noopener\">Ispahan<\/a>, selon des informations diffus\u00e9es sur les r\u00e9seaux sociaux.<\/h4>\n\n\n\n<p>Elle avait d\u00e9j\u00e0 \u00e9t\u00e9 d\u00e9tenue dans une autre affaire et condamn\u00e9e \u00e0 une peine de prison, mais la date d\u2019ex\u00e9cution de son verdict d\u00e9finitif n\u2019\u00e9tait pas encore arriv\u00e9e.<\/p>\n\n\n\n<p>Au moment de la publication, aucune information officielle n\u2019a \u00e9t\u00e9 communiqu\u00e9e concernant l\u2019autorit\u00e9 ayant proc\u00e9d\u00e9 \u00e0 son arrestation ni sur son lieu de d\u00e9tention, laissant son statut juridique incertain. Sa nouvelle arrestation co\u00efncide avec une nouvelle vague de <a href=\"https:\/\/english.mojahedin.org\/news\/live-report-irans-nationwide-uprising-enters-day-6-funeral-of-martyrs-turns-into-anti-regime-protest-in-kuhdasht\/\" target=\"_blank\" rel=\"noreferrer noopener\">manifestations nationales<\/a> qui a d\u00e9but\u00e9 fin d\u00e9cembre 2025.<\/p>\n\n\n\n<p>Mahshad Kashani avait \u00e9t\u00e9 arr\u00eat\u00e9e une premi\u00e8re fois en juillet 2023 avec 22 autres \u00e9tudiants. Elle avait finalement \u00e9t\u00e9 condamn\u00e9e \u00e0 cinq ans de prison, dont quatre ans et demi avec sursis et six mois \u00e0 ex\u00e9cuter imm\u00e9diatement. La date de d\u00e9but de l\u2019ex\u00e9cution de cette peine avait \u00e9t\u00e9 fix\u00e9e au 7 janvier 2026. Sa r\u00e9-arrestation avant l\u2019ex\u00e9cution de la peine soul\u00e8ve de s\u00e9rieuses questions quant aux motivations et \u00e0 la base juridique de cette mesure.<\/p>\n\n\n\n<p>La famille de Mahshad Kashani a d\u00e9clar\u00e9 \u00eatre sans information sur son lieu de d\u00e9tention ou son \u00e9tat actuel et a exprim\u00e9 une vive inqui\u00e9tude quant au risque de pressions accrues ou de traitements plus s\u00e9v\u00e8res que lors de sa pr\u00e9c\u00e9dente d\u00e9tention.<\/p>\n","protected":false},"excerpt":{"rendered":"<p>Mahshad Kashani, \u00e9tudiante universitaire et ancienne prisonni\u00e8re politique, a \u00e9t\u00e9 arr\u00eat\u00e9e le mercredi 31 d\u00e9cembre 2025 dans le quartier de Chaharbagh \u00e0 Ispahan, selon des informations diffus\u00e9es sur les r\u00e9seaux sociaux. Elle avait d\u00e9j\u00e0 \u00e9t\u00e9 d\u00e9tenue dans une autre affaire et condamn\u00e9e \u00e0 une peine de prison, mais la date d\u2019ex\u00e9cution de son verdict d\u00e9finitif [&hellip;]<\/p>\n","protected":false},"author":4,"featured_media":24859,"comment_status":"closed","ping_status":"closed","sticky":false,"template":"","format":"standard","meta":{"jnews-multi-image_gallery":[],"jnews_single_post":{"format":"standard"},"jnews_primary_category":[],"jnews_social_meta":[],"jnews_override_counter":[],"footnotes":""},"categories":[3],"tags":[369,370],"class_list":["post-24858","post","type-post","status-publish","format-standard","has-post-thumbnail","hentry","category-infos-des-femmes","tag-manifestations","tag-prisonnieres"],"_links":{"self":[{"href":"https:\/\/wncri.org\/fr\/wp-json\/wp\/v2\/posts\/24858","targetHints":{"allow":["GET"]}}],"collection":[{"href":"https:\/\/wncri.org\/fr\/wp-json\/wp\/v2\/posts"}],"about":[{"href":"https:\/\/wncri.org\/fr\/wp-json\/wp\/v2\/types\/post"}],"author":[{"embeddable":true,"href":"https:\/\/wncri.org\/fr\/wp-json\/wp\/v2\/users\/4"}],"replies":[{"embeddable":true,"href":"https:\/\/wncri.org\/fr\/wp-json\/wp\/v2\/comments?post=24858"}],"version-history":[{"count":1,"href":"https:\/\/wncri.org\/fr\/wp-json\/wp\/v2\/posts\/24858\/revisions"}],"predecessor-version":[{"id":24860,"href":"https:\/\/wncri.org\/fr\/wp-json\/wp\/v2\/posts\/24858\/revisions\/24860"}],"wp:featuredmedia":[{"embeddable":true,"href":"https:\/\/wncri.org\/fr\/wp-json\/wp\/v2\/media\/24859"}],"wp:attachment":[{"href":"https:\/\/wncri.org\/fr\/wp-json\/wp\/v2\/media?parent=24858"}],"wp:term":[{"taxonomy":"category","embeddable":true,"href":"https:\/\/wncri.org\/fr\/wp-json\/wp\/v2\/categories?post=24858"},{"taxonomy":"post_tag","embeddable":true,"href":"https:\/\/wncri.org\/fr\/wp-json\/wp\/v2\/tags?post=24858"}],"curies":[{"name":"wp","href":"https:\/\/api.w.org\/{rel}","templated":true}]}}