{"id":24841,"date":"2026-01-02T17:36:39","date_gmt":"2026-01-02T16:36:39","guid":{"rendered":"https:\/\/wncri.org\/fr\/?p=24841"},"modified":"2026-01-02T20:21:44","modified_gmt":"2026-01-02T19:21:44","slug":"etudiantes-beheshti","status":"publish","type":"post","link":"https:\/\/wncri.org\/fr\/2026\/01\/02\/etudiantes-beheshti\/","title":{"rendered":"Arrestation d\u2019\u00e9tudiantes \u00e0 l\u2019universit\u00e9 Melli et \u00e0 l\u2019universit\u00e9 de T\u00e9h\u00e9ran"},"content":{"rendered":"\n<h3 class=\"wp-block-heading\">Au quatri\u00e8me jour des <a href=\"https:\/\/english.mojahedin.org\/news\/live-report-irans-nationwide-uprising-enters-day-5-strikes-at-tehrans-major-markets-regime-raids-universities\/\" target=\"_blank\" rel=\"noreferrer noopener\">manifestations nationales<\/a> en Iran, le mercredi 31 d\u00e9cembre 2025, le soul\u00e8vement est entr\u00e9 dans une nouvelle phase, marqu\u00e9e de mani\u00e8re significative par la convergence croissante entre les <a href=\"https:\/\/wncri.org\/fr\/2025\/12\/30\/greve-du-bazar-de-teheran-etudiants\/\" target=\"_blank\" rel=\"noreferrer noopener\">manifestations populaires et le mouvement \u00e9tudiant<\/a>. Cette convergence a conduit les forces de s\u00e9curit\u00e9 \u00e0 prendre d\u2019assaut le dortoir des \u00e9tudiantes de l\u2019universit\u00e9 Melli de T\u00e9h\u00e9ran (Beheshti) et \u00e0 arr\u00eater un grand nombre d\u2019\u00e9tudiantes militantes.<\/h3>\n\n\n\n<p>Selon des rapports, \u00e0 23 h 15 le mercredi soir 31 d\u00e9cembre, des agents en civil et des forces de s\u00e9curit\u00e9 ont fait irruption dans le dortoir des \u00e9tudiantes de l\u2019universit\u00e9 Melli de T\u00e9h\u00e9ran (Beheshti) et ont arr\u00eat\u00e9 au moins trois \u00e9tudiantes.<\/p>\n\n\n\n<p>\u00c0 la suite de cette descente, un grand nombre d\u2019\u00e9tudiants et d\u2019\u00e9tudiantes se sont rassembl\u00e9s devant le dortoir, scandant des slogans tels que \u00ab \u00c0 bas le dictateur \u00bb et \u00ab Honte \u00e0 vous, honte \u00e0 vous \u00bb pour protester contre les arrestations. La descente a eu lieu apr\u00e8s que les \u00e9tudiantes avaient entam\u00e9 un rassemblement et une manifestation nocturnes \u00e0 l\u2019int\u00e9rieur de l\u2019enceinte du dortoir.<\/p>\n\n\n<div class=\"wp-block-image\">\n<figure class=\"aligncenter size-full\"><img decoding=\"async\" src=\"data:image\/gif;base64,R0lGODlhAQABAIAAAAAAAP\/\/\/yH5BAEAAAAALAAAAAABAAEAAAIBRAA7\" data-src=\"https:\/\/wncri.org\/fr\/wp-content\/uploads\/2026\/01\/NCRI-Women-Arrest-of-Students-in-Female-Dormitory-12.31.25-min.jpg\" alt=\"Arrestation d\u2019\u00e9tudiantes \u00e0 l\u2019universit\u00e9 Melli Beheshti et \u00e0 l\u2019universit\u00e9 de T\u00e9h\u00e9ran\" class=\"wp-image-24851 lazyload\"\/><noscript><img decoding=\"async\" width=\"750\" height=\"375\" src=\"https:\/\/wncri.org\/fr\/wp-content\/uploads\/2026\/01\/NCRI-Women-Arrest-of-Students-in-Female-Dormitory-12.31.25-min.jpg\" alt=\"Arrestation d\u2019\u00e9tudiantes \u00e0 l\u2019universit\u00e9 Melli Beheshti et \u00e0 l\u2019universit\u00e9 de T\u00e9h\u00e9ran\" class=\"wp-image-24851 lazyload\" srcset=\"https:\/\/wncri.org\/fr\/wp-content\/uploads\/2026\/01\/NCRI-Women-Arrest-of-Students-in-Female-Dormitory-12.31.25-min.jpg 750w, https:\/\/wncri.org\/fr\/wp-content\/uploads\/2026\/01\/NCRI-Women-Arrest-of-Students-in-Female-Dormitory-12.31.25-min-300x150.jpg 300w, https:\/\/wncri.org\/fr\/wp-content\/uploads\/2026\/01\/NCRI-Women-Arrest-of-Students-in-Female-Dormitory-12.31.25-min-360x180.jpg 360w\" sizes=\"(max-width: 750px) 100vw, 750px\" \/><\/noscript><\/figure>\n<\/div>\n\n\n<p>Dans le m\u00eame temps, dans le cadre de la vague continue d\u2019arrestations dans les universit\u00e9s, Sarira Karimi, secr\u00e9taire du conseil de l\u2019association \u00e9tudiante de la facult\u00e9 de droit et de sciences politiques et membre du conseil central de l\u2019association \u00e9tudiante de l\u2019universit\u00e9 de T\u00e9h\u00e9ran, a \u00e9galement \u00e9t\u00e9 arr\u00eat\u00e9e le mercredi.<\/p>\n\n\n\n<p>\u00c0 Ispahan, le mercredi 31 d\u00e9cembre, les forces de s\u00e9curit\u00e9 ont attaqu\u00e9 des femmes manifestantes qui \u00e9taient assises au sol sur la place Naqsh e Jahan et les ont asperg\u00e9es de gaz au poivre.<\/p>\n\n\n<div class=\"wp-block-image\">\n<figure class=\"aligncenter size-full\"><img decoding=\"async\" src=\"data:image\/gif;base64,R0lGODlhAQABAIAAAAAAAP\/\/\/yH5BAEAAAAALAAAAAABAAEAAAIBRAA7\" data-src=\"https:\/\/wncri.org\/fr\/wp-content\/uploads\/2026\/01\/NCRI-Women-Pepper-Spraying-of-women-in-Isfahan-12.31.25-min.jpg\" alt=\"Arrestation d\u2019\u00e9tudiantes \u00e0 l\u2019universit\u00e9 Melli Beheshti et \u00e0 l\u2019universit\u00e9 de T\u00e9h\u00e9ran\" class=\"wp-image-24852 lazyload\"\/><noscript><img decoding=\"async\" width=\"750\" height=\"375\" src=\"https:\/\/wncri.org\/fr\/wp-content\/uploads\/2026\/01\/NCRI-Women-Pepper-Spraying-of-women-in-Isfahan-12.31.25-min.jpg\" alt=\"Arrestation d\u2019\u00e9tudiantes \u00e0 l\u2019universit\u00e9 Melli Beheshti et \u00e0 l\u2019universit\u00e9 de T\u00e9h\u00e9ran\" class=\"wp-image-24852 lazyload\" srcset=\"https:\/\/wncri.org\/fr\/wp-content\/uploads\/2026\/01\/NCRI-Women-Pepper-Spraying-of-women-in-Isfahan-12.31.25-min.jpg 750w, https:\/\/wncri.org\/fr\/wp-content\/uploads\/2026\/01\/NCRI-Women-Pepper-Spraying-of-women-in-Isfahan-12.31.25-min-300x150.jpg 300w, https:\/\/wncri.org\/fr\/wp-content\/uploads\/2026\/01\/NCRI-Women-Pepper-Spraying-of-women-in-Isfahan-12.31.25-min-360x180.jpg 360w\" sizes=\"(max-width: 750px) 100vw, 750px\" \/><\/noscript><figcaption class=\"wp-element-caption\">femmes manifestantes \u00e0 Ispahan<\/figcaption><\/figure>\n<\/div>\n\n\n<p>La r\u00e9pression violente des femmes manifestantes \u00e0 Ispahan, conjugu\u00e9e \u00e0 l\u2019arrestation d\u2019\u00e9tudiantes \u00e0 l\u2019universit\u00e9 Melli de T\u00e9h\u00e9ran (Beheshti) et \u00e0 l\u2019universit\u00e9 de T\u00e9h\u00e9ran dans un contexte d\u2019intensification des manifestations nationales, a une nouvelle fois mis en \u00e9vidence le r\u00f4le central des femmes et des \u00e9tudiantes dans ce soul\u00e8vement et a soulign\u00e9 la peur profonde des autorit\u00e9s face au lien croissant entre ces forces sociales et le mouvement de protestation nationale plus large.<\/p>\n\n\n\n<p>Le quatri\u00e8me jour des manifestations nationales en Iran a \u00e9t\u00e9 marqu\u00e9 par une fermeture compl\u00e8te des march\u00e9s, des rassemblements de rue, des slogans ouvertement anti dictatoriaux, des affrontements directs avec les forces de s\u00e9curit\u00e9 et des attaques contre des centres gouvernementaux, de T\u00e9h\u00e9ran et Ispahan \u00e0 <a href=\"https:\/\/fr.wikipedia.org\/wiki\/Kermanchah\" target=\"_blank\" rel=\"noreferrer noopener\">Kermanchah<\/a>, au Khouzestan, au Lorestan et \u00e0 Hamedan.<\/p>\n","protected":false},"excerpt":{"rendered":"<p>Au quatri\u00e8me jour des manifestations nationales en Iran, le mercredi 31 d\u00e9cembre 2025, le soul\u00e8vement est entr\u00e9 dans une nouvelle phase, marqu\u00e9e de mani\u00e8re significative par la convergence croissante entre les manifestations populaires et le mouvement \u00e9tudiant. Cette convergence a conduit les forces de s\u00e9curit\u00e9 \u00e0 prendre d\u2019assaut le dortoir des \u00e9tudiantes de l\u2019universit\u00e9 Melli [&hellip;]<\/p>\n","protected":false},"author":4,"featured_media":24849,"comment_status":"closed","ping_status":"closed","sticky":false,"template":"","format":"standard","meta":{"jnews-multi-image_gallery":[],"jnews_single_post":{"format":"standard"},"jnews_primary_category":[],"jnews_social_meta":[],"jnews_override_counter":[],"footnotes":""},"categories":[3],"tags":[369],"class_list":["post-24841","post","type-post","status-publish","format-standard","has-post-thumbnail","hentry","category-infos-des-femmes","tag-manifestations"],"_links":{"self":[{"href":"https:\/\/wncri.org\/fr\/wp-json\/wp\/v2\/posts\/24841","targetHints":{"allow":["GET"]}}],"collection":[{"href":"https:\/\/wncri.org\/fr\/wp-json\/wp\/v2\/posts"}],"about":[{"href":"https:\/\/wncri.org\/fr\/wp-json\/wp\/v2\/types\/post"}],"author":[{"embeddable":true,"href":"https:\/\/wncri.org\/fr\/wp-json\/wp\/v2\/users\/4"}],"replies":[{"embeddable":true,"href":"https:\/\/wncri.org\/fr\/wp-json\/wp\/v2\/comments?post=24841"}],"version-history":[{"count":3,"href":"https:\/\/wncri.org\/fr\/wp-json\/wp\/v2\/posts\/24841\/revisions"}],"predecessor-version":[{"id":24854,"href":"https:\/\/wncri.org\/fr\/wp-json\/wp\/v2\/posts\/24841\/revisions\/24854"}],"wp:featuredmedia":[{"embeddable":true,"href":"https:\/\/wncri.org\/fr\/wp-json\/wp\/v2\/media\/24849"}],"wp:attachment":[{"href":"https:\/\/wncri.org\/fr\/wp-json\/wp\/v2\/media?parent=24841"}],"wp:term":[{"taxonomy":"category","embeddable":true,"href":"https:\/\/wncri.org\/fr\/wp-json\/wp\/v2\/categories?post=24841"},{"taxonomy":"post_tag","embeddable":true,"href":"https:\/\/wncri.org\/fr\/wp-json\/wp\/v2\/tags?post=24841"}],"curies":[{"name":"wp","href":"https:\/\/api.w.org\/{rel}","templated":true}]}}