{"id":24783,"date":"2025-12-25T21:44:13","date_gmt":"2025-12-25T20:44:13","guid":{"rendered":"https:\/\/wncri.org\/fr\/?p=24783"},"modified":"2026-01-17T21:17:50","modified_gmt":"2026-01-17T20:17:50","slug":"400-femmes-eminentes-zahra-tabari","status":"publish","type":"post","link":"https:\/\/wncri.org\/fr\/2025\/12\/25\/400-femmes-eminentes-zahra-tabari\/","title":{"rendered":"Plus de 400 femmes \u00e9minentes exigent l\u2019arr\u00eat de l\u2019ex\u00e9cution de la prisonni\u00e8re politique Zahra Tabari en Iran"},"content":{"rendered":"\n<h4 class=\"wp-block-heading\">Plus de 400 femmes \u00e9minentes \u00e0 travers le monde, parmi lesquelles des laur\u00e9ates du prix Nobel, d\u2019anciennes cheffes d\u2019\u00c9tat ou de gouvernement, des parlementaires, des rapporteurs sp\u00e9ciaux de l\u2019ONU, des figures majeures des m\u00e9dias, des ic\u00f4nes sportives reconnues et des d\u00e9fenseuses des droits humains \u00e9minentes, ont sign\u00e9 une d\u00e9claration publique urgente exigeant la lib\u00e9ration imm\u00e9diate d\u2019une militante des droits des femmes actuellement menac\u00e9e d\u2019ex\u00e9cution en Iran.<\/h4>\n\n\n\n<p class=\"wp-block-paragraph\"><a href=\"https:\/\/wncri.org\/fr\/2025\/11\/29\/zahra-tabari-menacee-dexecution\/\" target=\"_blank\" rel=\"noreferrer noopener\">Zahra Tabari<\/a>, ing\u00e9nieure iranienne de 67 ans et m\u00e8re de famille, est en danger imm\u00e9diat d\u2019ex\u00e9cution pour le seul fait d\u2019avoir brandi une banderole portant le slogan \u00ab Femme, R\u00e9sistance, Libert\u00e9 \u00bb.<\/p>\n\n\n\n<p class=\"wp-block-paragraph\">Cet appel, organis\u00e9 par <a href=\"https:\/\/iran1988.org\/zahra-tabari-appeal-iran\/\" target=\"_blank\" rel=\"noreferrer noopener\">Justice for the Victims of the 1988 Massacre in Iran<\/a> (JVMI), met en lumi\u00e8re l\u2019apartheid sexiste brutal impos\u00e9 par le r\u00e9gime et son ciblage sp\u00e9cifique des femmes qui d\u00e9fient la tyrannie des mollahs. Les signataires avertissent qu\u2019en Iran aujourd\u2019hui,<\/p>\n\n\n\n<p class=\"wp-block-paragraph\">\u00ab Oser brandir une pancarte proclamant la r\u00e9sistance des femmes \u00e0 l\u2019oppression est d\u00e9sormais passible de la peine de mort \u00bb.<\/p>\n\n\n\n<p class=\"wp-block-paragraph\">Parmi les personnalit\u00e9s <a href=\"https:\/\/iran1988.org\/signatories-statement-zahra-tabari-execution-iran\/\" target=\"_blank\" rel=\"noreferrer noopener\">soutenant cet appel<\/a> figurent huit anciennes cheffes d\u2019\u00c9tat ou de gouvernement, trois anciennes ministres de la Justice, ainsi que des membres de parlements repr\u00e9sentant 14 pays diff\u00e9rents.<\/p>\n\n\n\n<p class=\"wp-block-paragraph\">Le texte de leur appel est le suivant :<\/p>\n\n\n\n<h3 class=\"wp-block-heading\"><strong>\u00ab Femme, R\u00e9sistance, Libert\u00e9 \u00bb \u2013 Sauvez Zahra Tabari de l\u2019ex\u00e9cution en Iran<\/strong><\/h3>\n\n\n\n<p class=\"wp-block-paragraph\">Nous condamnons la <a href=\"https:\/\/x.com\/AmnestyIran\/status\/1983836477995020319\" target=\"_blank\" rel=\"noreferrer noopener\">condamnation \u00e0 mort<\/a> prononc\u00e9e par les autorit\u00e9s iraniennes contre Zahra Tabari, m\u00e8re de famille et ing\u00e9nieure de 67 ans, rendue en octobre 2025 \u00e0 l\u2019issue d\u2019un proc\u00e8s factice de dix minutes, tenu \u00e0 distance par visioconf\u00e9rence, sans l\u2019avocat de son choix.<\/p>\n\n\n\n<p class=\"wp-block-paragraph\">Zahra est accus\u00e9e de collaboration avec l\u2019opposition OMPI (PMOI) et risque l\u2019ex\u00e9cution uniquement pour avoir tenu une banderole portant les mots \u00ab Femme, R\u00e9sistance, Libert\u00e9 \u00bb, un slogan de d\u00e9fi f\u00e9minin devenu particuli\u00e8rement embl\u00e9matique parmi les femmes prisonni\u00e8res politiques.<\/p>\n\n\n\n<p class=\"wp-block-paragraph\">Depuis quatre d\u00e9cennies, les autorit\u00e9s iraniennes imposent un apartheid sexiste brutal et ont institutionnalis\u00e9 la misogynie, notamment par le voile obligatoire. Des milliers de femmes prisonni\u00e8res politiques ont \u00e9t\u00e9 ex\u00e9cut\u00e9es, dont beaucoup lors du massacre de 1988. Aujourd\u2019hui, l\u2019Iran est le premier bourreau mondial de femmes par habitant.<\/p>\n\n\n\n<p class=\"wp-block-paragraph\">Le cas de Zahra met \u00e0 nu cette politique de terreur : en Iran, oser brandir un message affirmant la r\u00e9sistance des femmes \u00e0 l\u2019oppression est d\u00e9sormais puni de mort.<\/p>\n\n\n\n<p class=\"wp-block-paragraph\">Les femmes iraniennes, qui ont d\u00e9clench\u00e9 le soul\u00e8vement de 2022 et continuent de mener un mouvement national de r\u00e9sistance contre la tyrannie, ne seront pas r\u00e9duites au silence.<\/p>\n\n\n\n<p class=\"wp-block-paragraph\">Nous exigeons la lib\u00e9ration imm\u00e9diate de Zahra Tabari et appelons les gouvernements du monde entier \u00e0 se tenir aux c\u00f4t\u00e9s des femmes iraniennes dans leur combat pour la d\u00e9mocratie, l\u2019\u00e9galit\u00e9 et la libert\u00e9.<\/p>\n\n\n<div class=\"wp-block-image\">\n<figure class=\"aligncenter size-full\"><img decoding=\"async\" width=\"750\" height=\"375\" data-src=\"https:\/\/wncri.org\/fr\/wp-content\/uploads\/2025\/12\/NCRI-Women-400-Personalities-Zahra-Tabari-1-min.jpg\" src=\"data:image\/gif;base64,R0lGODlhAQABAIAAAAAAAP\/\/\/yH5BAEAAAAALAAAAAABAAEAAAIBRAA7\" alt=\"Plus de 400 femmes \u00e9minentes exigent l\u2019arr\u00eat de l\u2019ex\u00e9cution de la prisonni\u00e8re politique Zahra Tabari en Iran\" class=\"wp-image-24785 lazyload\"\/><noscript><img decoding=\"async\" width=\"750\" height=\"375\" src=\"https:\/\/wncri.org\/fr\/wp-content\/uploads\/2025\/12\/NCRI-Women-400-Personalities-Zahra-Tabari-1-min.jpg\" alt=\"Plus de 400 femmes \u00e9minentes exigent l\u2019arr\u00eat de l\u2019ex\u00e9cution de la prisonni\u00e8re politique Zahra Tabari en Iran\" class=\"wp-image-24785\" srcset=\"https:\/\/wncri.org\/fr\/wp-content\/uploads\/2025\/12\/NCRI-Women-400-Personalities-Zahra-Tabari-1-min.jpg 750w, https:\/\/wncri.org\/fr\/wp-content\/uploads\/2025\/12\/NCRI-Women-400-Personalities-Zahra-Tabari-1-min-300x150.jpg 300w, https:\/\/wncri.org\/fr\/wp-content\/uploads\/2025\/12\/NCRI-Women-400-Personalities-Zahra-Tabari-1-min-360x180.jpg 360w\" sizes=\"(max-width: 750px) 100vw, 750px\" \/><\/noscript><\/figure>\n<\/div>\n\n<div class=\"wp-block-image\">\n<figure class=\"aligncenter size-full\"><img decoding=\"async\" width=\"750\" height=\"375\" data-src=\"https:\/\/wncri.org\/fr\/wp-content\/uploads\/2025\/12\/NCRI-Women-400-Personalities-Zahra-Tabari-2-min.jpg\" src=\"data:image\/gif;base64,R0lGODlhAQABAIAAAAAAAP\/\/\/yH5BAEAAAAALAAAAAABAAEAAAIBRAA7\" alt=\"Plus de 400 femmes \u00e9minentes exigent l\u2019arr\u00eat de l\u2019ex\u00e9cution de la prisonni\u00e8re politique Zahra Tabari en Iran\" class=\"wp-image-24786 lazyload\"\/><noscript><img decoding=\"async\" width=\"750\" height=\"375\" src=\"https:\/\/wncri.org\/fr\/wp-content\/uploads\/2025\/12\/NCRI-Women-400-Personalities-Zahra-Tabari-2-min.jpg\" alt=\"Plus de 400 femmes \u00e9minentes exigent l\u2019arr\u00eat de l\u2019ex\u00e9cution de la prisonni\u00e8re politique Zahra Tabari en Iran\" class=\"wp-image-24786\" srcset=\"https:\/\/wncri.org\/fr\/wp-content\/uploads\/2025\/12\/NCRI-Women-400-Personalities-Zahra-Tabari-2-min.jpg 750w, https:\/\/wncri.org\/fr\/wp-content\/uploads\/2025\/12\/NCRI-Women-400-Personalities-Zahra-Tabari-2-min-300x150.jpg 300w, https:\/\/wncri.org\/fr\/wp-content\/uploads\/2025\/12\/NCRI-Women-400-Personalities-Zahra-Tabari-2-min-360x180.jpg 360w\" sizes=\"(max-width: 750px) 100vw, 750px\" \/><\/noscript><\/figure>\n<\/div>\n\n<div class=\"wp-block-image\">\n<figure class=\"aligncenter size-full\"><img decoding=\"async\" width=\"750\" height=\"375\" data-src=\"https:\/\/wncri.org\/fr\/wp-content\/uploads\/2025\/12\/NCRI-Women-400-Personalities-Zahra-Tabari-4-min.jpg\" src=\"data:image\/gif;base64,R0lGODlhAQABAIAAAAAAAP\/\/\/yH5BAEAAAAALAAAAAABAAEAAAIBRAA7\" alt=\"Plus de 400 femmes \u00e9minentes exigent l\u2019arr\u00eat de l\u2019ex\u00e9cution de la prisonni\u00e8re politique Zahra Tabari en Iran\" class=\"wp-image-24788 lazyload\"\/><noscript><img decoding=\"async\" width=\"750\" height=\"375\" src=\"https:\/\/wncri.org\/fr\/wp-content\/uploads\/2025\/12\/NCRI-Women-400-Personalities-Zahra-Tabari-4-min.jpg\" alt=\"Plus de 400 femmes \u00e9minentes exigent l\u2019arr\u00eat de l\u2019ex\u00e9cution de la prisonni\u00e8re politique Zahra Tabari en Iran\" class=\"wp-image-24788\" srcset=\"https:\/\/wncri.org\/fr\/wp-content\/uploads\/2025\/12\/NCRI-Women-400-Personalities-Zahra-Tabari-4-min.jpg 750w, https:\/\/wncri.org\/fr\/wp-content\/uploads\/2025\/12\/NCRI-Women-400-Personalities-Zahra-Tabari-4-min-300x150.jpg 300w, https:\/\/wncri.org\/fr\/wp-content\/uploads\/2025\/12\/NCRI-Women-400-Personalities-Zahra-Tabari-4-min-360x180.jpg 360w\" sizes=\"(max-width: 750px) 100vw, 750px\" \/><\/noscript><\/figure>\n<\/div>\n\n<div class=\"wp-block-image\">\n<figure class=\"aligncenter size-full\"><img decoding=\"async\" width=\"750\" height=\"375\" data-src=\"https:\/\/wncri.org\/fr\/wp-content\/uploads\/2025\/12\/NCRI-Women-400-Personalities-Zahra-Tabari-5-min.jpg\" src=\"data:image\/gif;base64,R0lGODlhAQABAIAAAAAAAP\/\/\/yH5BAEAAAAALAAAAAABAAEAAAIBRAA7\" alt=\"Plus de 400 femmes \u00e9minentes exigent l\u2019arr\u00eat de l\u2019ex\u00e9cution de la prisonni\u00e8re politique Zahra Tabari en Iran\" class=\"wp-image-24789 lazyload\"\/><noscript><img decoding=\"async\" width=\"750\" height=\"375\" src=\"https:\/\/wncri.org\/fr\/wp-content\/uploads\/2025\/12\/NCRI-Women-400-Personalities-Zahra-Tabari-5-min.jpg\" alt=\"Plus de 400 femmes \u00e9minentes exigent l\u2019arr\u00eat de l\u2019ex\u00e9cution de la prisonni\u00e8re politique Zahra Tabari en Iran\" class=\"wp-image-24789\" srcset=\"https:\/\/wncri.org\/fr\/wp-content\/uploads\/2025\/12\/NCRI-Women-400-Personalities-Zahra-Tabari-5-min.jpg 750w, https:\/\/wncri.org\/fr\/wp-content\/uploads\/2025\/12\/NCRI-Women-400-Personalities-Zahra-Tabari-5-min-300x150.jpg 300w, https:\/\/wncri.org\/fr\/wp-content\/uploads\/2025\/12\/NCRI-Women-400-Personalities-Zahra-Tabari-5-min-360x180.jpg 360w\" sizes=\"(max-width: 750px) 100vw, 750px\" \/><\/noscript><\/figure>\n<\/div>\n\n\n<blockquote class=\"wp-block-quote is-layout-flow wp-block-quote-is-layout-flow\"><\/blockquote>\n\n\n\n<ol class=\"wp-block-list\">\n<li>Yulia Tymoshenko \u2013 (Ukraine) : ancienne Premi\u00e8re ministre de l\u2019Ukraine<\/li>\n\n\n\n<li>Micheline Calmy-Rey \u2013 (Suisse) : ancienne Pr\u00e9sidente de la Conf\u00e9d\u00e9ration suisse<\/li>\n\n\n\n<li>Anneli J\u00e4\u00e4tteenm\u00e4ki \u2013 (Finlande) : ancienne Premi\u00e8re ministre de la Finlande<\/li>\n\n\n\n<li>Amb. Samantha Power \u2013 (\u00c9tats-Unis) : ancienne ambassadrice des \u00c9tats-Unis aupr\u00e8s des Nations unies<\/li>\n\n\n\n<li>Martina Navratilova \u2013 (R\u00e9publique tch\u00e8que \/ \u00c9tats-Unis) : ancienne num\u00e9ro un mondiale du tennis f\u00e9minin<\/li>\n\n\n\n<li>Sharron Davies MBE \u2013 (Royaume-Uni) : nageuse, m\u00e9daill\u00e9e olympique<\/li>\n\n\n\n<li>Tracy Edwards MBE \u2013 (Royaume-Uni) : fondatrice de The Maiden Factor<\/li>\n\n\n\n<li>Oleksandra Matviichuk \u2013 (Ukraine) : laur\u00e9ate du prix Nobel de la paix 2022<\/li>\n\n\n\n<li>Jody Williams \u2013 (\u00c9tats-Unis) : laur\u00e9ate du prix Nobel de la paix 1997<\/li>\n\n\n\n<li>Yakin Ert\u00fcrk \u2013 (Turquie) : ancienne Rapporteuse sp\u00e9ciale de l\u2019ONU sur la violence contre les femmes ; ancienne directrice de la Division des Nations unies pour la promotion de la femme<\/li>\n\n\n\n<li>Cherie Blair CBE KC \u2013 (Royaume-Uni) : fondatrice de la Cherie Blair Foundation for Women<\/li>\n\n\n\n<li>Hanna Suchocka \u2013 (Pologne) : ancienne Premi\u00e8re ministre de la Pologne<\/li>\n\n\n\n<li>Rosal\u00eda Arteaga Serrano \u2013 (\u00c9quateur) : ancienne Pr\u00e9sidente de l\u2019\u00c9quateur<\/li>\n\n\n\n<li>Mercedes Ar\u00e1oz \u2013 (P\u00e9rou) : ancienne Premi\u00e8re ministre du P\u00e9rou<\/li>\n\n\n\n<li>Amb. Amanda Ellis \u2013 (Nouvelle-Z\u00e9lande) : envoy\u00e9e sp\u00e9ciale du Premier ministre et premi\u00e8re ambassadrice pour les femmes et les filles<\/li>\n\n\n\n<li>Kateryna Yushchenko \u2013 (Ukraine) : ancienne Premi\u00e8re dame de l\u2019Ukraine<\/li>\n\n\n\n<li>Melissa Upreti \u2013 (N\u00e9pal) : ancienne pr\u00e9sidente-rapporteuse du Groupe de travail de l\u2019ONU sur la discrimination \u00e0 l\u2019\u00e9gard des femmes et des filles<\/li>\n\n\n\n<li>Yoko Hayashi \u2013 (Japon) : ancienne pr\u00e9sidente du Comit\u00e9 de l\u2019ONU pour l\u2019\u00e9limination de la discrimination \u00e0 l\u2019\u00e9gard des femmes (CEDAW)<\/li>\n\n\n\n<li>Alda M. Facio \u2013 (Costa Rica) : ancienne pr\u00e9sidente-rapporteuse du Groupe de travail de l\u2019ONU sur la discrimination \u00e0 l\u2019\u00e9gard des femmes et des filles<\/li>\n\n\n\n<li>Barbara Lochbihler \u2013 (Allemagne) : ancienne d\u00e9put\u00e9e au Parlement europ\u00e9en<\/li>\n\n\n\n<li>Ana Brian Nougr\u00e8res \u2013 (Uruguay) : Rapporteuse sp\u00e9ciale de l\u2019ONU sur le droit \u00e0 la vie priv\u00e9e<\/li>\n\n\n\n<li>Anna Adamska-Gallant \u2013 (Pologne) : juge \u00e0 la Cour europ\u00e9enne des droits de l\u2019homme<\/li>\n\n\n\n<li>Annie Ernaux \u2013 (France) : laur\u00e9ate du prix Nobel de litt\u00e9rature 2022<\/li>\n\n\n\n<li>Rosa Zafferani \u2013 (Saint-Marin) : ancienne capitaine-r\u00e9gente de Saint-Marin<\/li>\n\n\n\n<li>Cristina Narbona \u2013 (Espagne) : pr\u00e9sidente du Parti socialiste ouvrier espagnol, d\u00e9put\u00e9e<\/li>\n\n\n\n<li>\u00c9lisabeth Badinter \u2013 (France) : philosophe<\/li>\n\n\n\n<li>Brigitte Zypries \u2013 (Allemagne) : ancienne ministre de la Justice<\/li>\n\n\n\n<li>Frances Fitzgerald \u2013 (Irlande) : ancienne ministre de la Justice<\/li>\n\n\n\n<li>Maria Celeste Cardona \u2013 (Portugal) : ancienne ministre de la Justice<\/li>\n\n\n\n<li>Judy Sgro \u2013 (Canada) : ancienne ministre de la Citoyennet\u00e9 et de l\u2019Immigration<\/li>\n\n\n\n<li>Yanghee Lee \u2013 (Cor\u00e9e du Sud) : ancienne pr\u00e9sidente du Comit\u00e9 de l\u2019ONU des droits de l\u2019enfant<\/li>\n\n\n\n<li>Karen Smith \u2013 (Afrique du Sud) : secr\u00e9taire g\u00e9n\u00e9rale adjointe de l\u2019ONU et conseill\u00e8re sp\u00e9ciale du Secr\u00e9taire g\u00e9n\u00e9ral des Nations unies sur la responsabilit\u00e9 de prot\u00e9ger (2019\u20132021)<\/li>\n\n\n\n<li>Catherine McKenna \u2013 (Canada) : ancienne ministre de l\u2019Environnement et du Changement climatique<\/li>\n\n\n\n<li>Licypriya Kangujam \u2013 (Inde) : envoy\u00e9e sp\u00e9ciale du Pr\u00e9sident de la R\u00e9publique d\u00e9mocratique du Timor-Leste ; militante indienne pour le climat et l\u2019environnement<\/li>\n\n\n\n<li>Maud De Boer-Buquicchio \u2013 (Pays-Bas) : ancienne secr\u00e9taire g\u00e9n\u00e9rale adjointe du Conseil de l\u2019Europe<\/li>\n\n\n\n<li>Elisabeth Rasmusson \u2013 (Norv\u00e8ge) : ancienne secr\u00e9taire g\u00e9n\u00e9rale adjointe de l\u2019ONU<\/li>\n\n\n\n<li>Irmgard Griss \u2013 (Autriche) : ancienne pr\u00e9sidente de la Cour supr\u00eame d\u2019Autriche<\/li>\n\n\n\n<li>Catherine Van de Heyning \u2013 (Belgique) : membre du Comit\u00e9 consultatif du Conseil des droits de l\u2019homme de l\u2019ONU<\/li>\n\n\n\n<li>Hedy Fry \u2013 (Canada) : d\u00e9put\u00e9e ; ancienne ministre d\u2019\u00c9tat charg\u00e9e du Multiculturalisme et de la Condition f\u00e9minine<\/li>\n\n\n\n<li>Nancy Mace \u2013 (\u00c9tats-Unis) : membre de la Chambre des repr\u00e9sentants des \u00c9tats-Unis<\/li>\n\n\n\n<li>Leah Gazan \u2013 (Canada) : d\u00e9put\u00e9e<\/li>\n\n\n\n<li>Elena Nevado del Campo \u2013 (Espagne) : d\u00e9put\u00e9e au Parlement europ\u00e9en<\/li>\n\n\n\n<li>La tr\u00e8s honorable baronne Hughes de Stretford \u2013 (Royaume-Uni) : membre de la Chambre des lords<\/li>\n\n\n\n<li>Dominique Voynet \u2013 (France) : d\u00e9put\u00e9e<\/li>\n\n\n\n<li>Naike Gruppioni \u2013 (Italie) : d\u00e9put\u00e9e<\/li>\n\n\n\n<li>Cayetana \u00c1lvarez de Toledo \u2013 (Espagne) : d\u00e9put\u00e9e<\/li>\n\n\n\n<li>Karin Liltorp \u2013 (Danemark) : d\u00e9put\u00e9e<\/li>\n\n\n\n<li>Laurence Fehlmann Rielle \u2013 (Suisse) : d\u00e9put\u00e9e<\/li>\n\n\n\n<li>Kathleen Depoorter \u2013 (Belgique) : d\u00e9put\u00e9e<\/li>\n\n\n\n<li>Sara Conti \u2013 (Saint-Marin) : d\u00e9put\u00e9e<\/li>\n\n\n\n<li>Janja Sluga \u2013 (Slov\u00e9nie) : d\u00e9put\u00e9e<\/li>\n\n\n\n<li>Ersilia Qatrawi \u2013 (Moldavie) : d\u00e9put\u00e9e<\/li>\n\n\n\n<li>Erin McGreehan TD \u2013 (Irlande) : d\u00e9put\u00e9e<\/li>\n\n\n\n<li>Janny Bakker-Klein \u2013 (Pays-Bas) : s\u00e9natrice<\/li>\n\n\n\n<li>Christine Bonfanti \u2013 (France) : s\u00e9natrice<\/li>\n\n\n\n<li>Elisa Pirro \u2013 (Italie) : s\u00e9natrice<\/li>\n\n\n\n<li>Jo\u00eblle Garriaud-Maylam \u2013 (France) : ancienne pr\u00e9sidente de l\u2019Assembl\u00e9e parlementaire de l\u2019OTAN<\/li>\n\n\n\n<li>Eleonora Zieli\u0144ska \u2013 (Pologne) : ancienne pr\u00e9sidente-rapporteuse du Groupe de travail de l\u2019ONU sur la discrimination \u00e0 l\u2019\u00e9gard des femmes en droit et en pratique<\/li>\n\n\n\n<li>Helen Keller \u2013 (Suisse) : juge \u00e0 la Cour europ\u00e9enne des droits de l\u2019homme (CEDH) (2011\u20132020)<\/li>\n\n\n\n<li>Gabriela Knaul \u2013 (Br\u00e9sil) : ancienne Rapporteuse sp\u00e9ciale de l\u2019ONU sur l\u2019ind\u00e9pendance des juges et des avocats (2009\u20132015)<\/li>\n\n\n\n<li>La tr\u00e8s honorable dame Theresa Villiers DBE \u2013 (Royaume-Uni) : ancienne secr\u00e9taire d\u2019\u00c9tat pour l\u2019Irlande du Nord et ancienne secr\u00e9taire d\u2019\u00c9tat \u00e0 l\u2019Environnement, \u00e0 l\u2019Alimentation et aux Affaires rurales<\/li>\n\n\n\n<li>Linda Blade \u2013 (Canada) : entra\u00eeneuse ; ancienne athl\u00e8te universitaire NCAA All-American et championne nationale du Canada en athl\u00e9tisme<\/li>\n\n\n\n<li>Kim McGinnis Russell \u2013 (\u00c9tats-Unis) : membre de la Commission \u00ab Women in Sport \u00bb de World Lacrosse (2024), militante pour les femmes et les filles, Athletes for Action<\/li>\n\n\n\n<li>Rebecka Andersson \u2013 (Su\u00e8de) : secr\u00e9taire g\u00e9n\u00e9rale d\u2019Unizon<\/li>\n\n\n\n<li>Alison Brown \u2013 (\u00c9tats-Unis) : pr\u00e9sidente de l\u2019Alliance internationale des femmes (IAW)<\/li>\n\n\n\n<li>Gerlinde Freia Niehus \u2013 (Allemagne) : ancienne directrice adjointe de l\u2019OTAN<\/li>\n\n\n\n<li>Fionnuala N\u00ed Aol\u00e1in KC (Hons) \u2013 (Irlande) : ancienne Rapporteuse sp\u00e9ciale de l\u2019ONU sur la promotion et la protection des droits humains dans la lutte contre le terrorisme<\/li>\n\n\n\n<li>Inga Thompson \u2013 (\u00c9tats-Unis) : cycliste, triple olympienne, dix fois championne nationale des \u00c9tats-Unis et triple m\u00e9daill\u00e9e mondiale<\/li>\n\n\n\n<li>Waad Al-Kateab \u2013 (Royaume-Uni) : r\u00e9alisatrice de films nomm\u00e9e aux Oscars<\/li>\n\n\n\n<li>Antonella Mularoni \u2013 (Saint-Marin) : ancienne ministre des Affaires \u00e9trang\u00e8res<\/li>\n\n\n\n<li>Leila Nadya Sadat \u2013 (\u00c9tats-Unis) : conseill\u00e8re sp\u00e9ciale du Procureur de la CPI pour les crimes contre l\u2019humanit\u00e9 (2012\u20132023)<\/li>\n\n\n\n<li>Trina Budge \u2013 (Royaume-Uni) : directrice de For Women Scotland<\/li>\n\n\n\n<li>Susan Smith \u2013 (Royaume-Uni) : directrice de For Women Scotland<\/li>\n\n\n\n<li>Marion Calder \u2013 (Royaume-Uni) : directrice de For Women Scotland<\/li>\n\n\n\n<li>Sandy Pappas \u2013 (\u00c9tats-Unis) : ancienne pr\u00e9sidente du S\u00e9nat du Minnesota (2013\u20132017) ; s\u00e9natrice du Minnesota<\/li>\n\n\n\n<li>Shaista Shameem \u2013 (Fidji) : ancienne Rapporteuse sp\u00e9ciale de l\u2019ONU sur l\u2019utilisation des mercenaires<\/li>\n\n\n\n<li>Anne Ramberg \u2013 (Su\u00e8de) : juge ad hoc \u00e0 la Cour europ\u00e9enne des droits de l\u2019homme (CEDH)<\/li>\n\n\n\n<li>Ana Helena Chac\u00f3n Echeverr\u00eda \u2013 (Costa Rica) : ancienne vice-pr\u00e9sidente du Costa Rica<\/li>\n\n\n\n<li>Elfriede Jelinek \u2013 (Autriche) : laur\u00e9ate du prix Nobel de litt\u00e9rature 2004<\/li>\n\n\n\n<li>Yasmin Sooka \u2013 (Afrique du Sud) : pr\u00e9sidente de la Commission des droits humains de l\u2019ONU pour le Soudan du Sud<\/li>\n\n\n\n<li>Elizabeth Odio Benito \u2013 (Costa Rica) : ancienne pr\u00e9sidente de la Cour interam\u00e9ricaine des droits de l\u2019homme<\/li>\n\n\n\n<li>La juge Florence N. M. Mumba \u2013 (Zambie) : ancienne vice-pr\u00e9sidente du Tribunal p\u00e9nal international pour l\u2019ex-Yougoslavie (TPIY)<\/li>\n\n\n\n<li>Cecilia Medina Quiroga \u2013 (Chili) : ancienne pr\u00e9sidente de la Cour interam\u00e9ricaine des droits de l\u2019homme<\/li>\n\n\n\n<li>Candice Bergen \u2013 (Canada) : ancienne cheffe de l\u2019opposition officielle<\/li>\n\n\n\n<li>Amb. Beth Van Schaack \u2013 (\u00c9tats-Unis) : ambassadrice itin\u00e9rante des \u00c9tats-Unis pour la justice p\u00e9nale internationale (2022\u20132025)<\/li>\n\n\n\n<li>Dominique Attias \u2013 (France) : ancienne pr\u00e9sidente de la F\u00e9d\u00e9ration des barreaux europ\u00e9ens (FBE)<\/li>\n\n\n\n<li>Diane Orentlicher \u2013 (\u00c9tats-Unis) : ancienne experte ind\u00e9pendante de l\u2019ONU sur la lutte contre l\u2019impunit\u00e9<\/li>\n\n\n\n<li>Amy Kremer \u2013 (\u00c9tats-Unis) : pr\u00e9sidente de Women for America First<\/li>\n\n\n\n<li>Julia Goodman \u2013 (Royaume-Uni) : actrice<\/li>\n\n\n\n<li>Gwendoline Hamon \u2013 (France) : actrice<\/li>\n\n\n\n<li>Urmila Bhoola \u2013 (Afrique du Sud) : ancienne Rapporteuse sp\u00e9ciale de l\u2019ONU sur les formes contemporaines d\u2019esclavage<\/li>\n\n\n\n<li>Ingrid Betancourt \u2013 (Colombie) : ancienne s\u00e9natrice et candidate \u00e0 l\u2019\u00e9lection pr\u00e9sidentielle<\/li>\n\n\n\n<li>Kate Mackintosh \u2013 (Royaume-Uni) : directrice ex\u00e9cutive du Promise Institute Europe, facult\u00e9 de droit de l\u2019UCLA<\/li>\n\n\n\n<li>Joanna Cherry KC \u2013 (Royaume-Uni) : ancienne pr\u00e9sidente de la Commission parlementaire mixte du Royaume-Uni sur les droits humains<\/li>\n\n\n\n<li>Lobna Jeribi \u2013 (Tunisie) : ancienne ministre de l\u2019Enseignement sup\u00e9rieur et de la Recherche scientifique<\/li>\n\n\n\n<li>Lady Valerie Corbett \u2013 (Royaume-Uni) : fondatrice du Lady Val\u2019s Professional Women\u2019s Network<\/li>\n\n\n\n<li>Hiljmnijeta Apuk \u2013 (Kosovo) : laur\u00e9ate du Prix des Nations unies dans le domaine des droits humains 2013<\/li>\n\n\n\n<li>Gulnara Shahinian \u2013 (Arm\u00e9nie) : ancienne Rapporteuse sp\u00e9ciale de l\u2019ONU sur les formes contemporaines d\u2019esclavage, y compris leurs causes et cons\u00e9quences<\/li>\n\n\n\n<li>Amb. Filloreta Kodra \u2013 (Albanie) : ancienne ambassadrice et repr\u00e9sentante permanente de l\u2019Albanie aupr\u00e8s des Nations unies \u00e0 Gen\u00e8ve<\/li>\n\n\n\n<li>Amb. Zorica Mari\u0107-Djordjevi\u0107 \u2013 (Mont\u00e9n\u00e9gro) : ancienne ambassadrice du Mont\u00e9n\u00e9gro aupr\u00e8s du Conseil des droits de l\u2019homme de l\u2019ONU<\/li>\n\n\n\n<li>Amb. Alma Lama \u2013 (Kosovo) : ancienne ambassadrice du Kosovo aupr\u00e8s de l\u2019Italie, Malte et Saint-Marin<\/li>\n\n\n\n<li>Maude Barlow \u2013 (Canada) : ancienne pr\u00e9sidente du Council of Canadians<\/li>\n\n\n\n<li>Raymonde Poncet Monge \u2013 (France) : s\u00e9natrice<\/li>\n\n\n\n<li>Gisella Naturale \u2013 (Italie) : s\u00e9natrice<\/li>\n\n\n\n<li>Dolores Bevilacqua \u2013 (Italie) : s\u00e9natrice<\/li>\n\n\n\n<li>Estefania Beltran \u2013 (Espagne) : s\u00e9natrice<\/li>\n\n\n\n<li>Laura Castel Fort \u2013 (Espagne) : s\u00e9natrice<\/li>\n\n\n\n<li>Elly van Wijk \u2013 (Pays-Bas) : s\u00e9natrice<\/li>\n\n\n\n<li>Christina Blacklaws \u2013 (Royaume-Uni) : ancienne pr\u00e9sidente de la Law Society of England and Wales<\/li>\n\n\n\n<li>Barbara Bernath \u2013 (Suisse) : membre du sous-comit\u00e9 de l\u2019ONU pour la pr\u00e9vention de la torture (SPT) ; ancienne secr\u00e9taire g\u00e9n\u00e9rale de l\u2019Association pour la pr\u00e9vention de la torture<\/li>\n\n\n\n<li>Sonja Biserko \u2013 (Serbie) : membre de la Commission d\u2019enqu\u00eate de l\u2019ONU sur les droits humains en R\u00e9publique populaire d\u00e9mocratique de Cor\u00e9e (2013\u20132014)<\/li>\n\n\n\n<li>Arbana Xharra \u2013 (Kosovo) : laur\u00e9ate du prix International Women of Courage du Secr\u00e9taire d\u2019\u00c9tat am\u00e9ricain 2015<\/li>\n\n\n\n<li>Helen Goodman \u2013 (Royaume-Uni) : ancienne adjointe au chef du Parti \u00e0 la Chambre des communes<\/li>\n\n\n\n<li>Houria Esslami \u2013 (Maroc) : pr\u00e9sidente-rapporteuse et membre du Groupe de travail de l\u2019ONU sur les disparitions forc\u00e9es ou involontaires (2014\u20132020)<\/li>\n\n\n\n<li>Sandra G\u00f3mez L\u00f3pez \u2013 (Espagne) : d\u00e9put\u00e9e europ\u00e9enne<\/li>\n\n\n\n<li>Cynthia N\u00ed Mhurch\u00fa \u2013 (Irlande) : d\u00e9put\u00e9e europ\u00e9enne<\/li>\n\n\n\n<li>Annick Lambrecht \u2013 (Belgique) : d\u00e9put\u00e9e<\/li>\n\n\n\n<li>Marta Madrenas Mir \u2013 (Espagne) : d\u00e9put\u00e9e<\/li>\n\n\n\n<li>Olvido De la Rosa Baena \u2013 (Espagne) : d\u00e9put\u00e9e<\/li>\n\n\n\n<li>Mar\u00eda S\u00e1inz Mart\u00edn \u2013 (Espagne) : d\u00e9put\u00e9e<\/li>\n\n\n\n<li>Irene Manzi \u2013 (Italie) : d\u00e9put\u00e9e<\/li>\n\n\n\n<li>Cristina Almici \u2013 (Italie) : d\u00e9put\u00e9e<\/li>\n\n\n\n<li>Alenka Jeraj \u2013 (Slov\u00e9nie) : d\u00e9put\u00e9e<\/li>\n\n\n\n<li>Eva Platteau \u2013 (Belgique) : s\u00e9natrice<\/li>\n\n\n\n<li>Hannelore Goeman \u2013 (Belgique) : membre du Parlement flamand<\/li>\n\n\n\n<li>Katrien Partyka \u2013 (Belgique) : membre du Parlement flamand<\/li>\n\n\n\n<li>Nahima Lanjri \u2013 (Belgique) : d\u00e9put\u00e9e<\/li>\n\n\n\n<li>Goedele Liekens \u2013 (Belgique) : s\u00e9natrice<\/li>\n\n\n\n<li>Pilar Rojo Noguera \u2013 (Espagne) : s\u00e9natrice<\/li>\n\n\n\n<li>Julia Unterberger \u2013 (Italie) : s\u00e9natrice<\/li>\n\n\n\n<li>Carmen Leyte Coello \u2013 (Espagne) : s\u00e9natrice<\/li>\n\n\n\n<li>Gis\u00e8le Mandaila \u2013 (Belgique) : membre du Parlement de Bruxelles<\/li>\n\n\n\n<li>Fran\u00e7oise Schepmans \u2013 (Belgique) : membre du Parlement de Bruxelles<\/li>\n\n\n\n<li>Baroness Eaton \u2013 (Royaume-Uni) : membre de la Chambre des lords<\/li>\n\n\n\n<li>Baroness Lister \u2013 (Royaume-Uni) : membre de la Chambre des lords<\/li>\n\n\n\n<li>Baroness Bray of Coln \u2013 (Royaume-Uni) : membre de la Chambre des lords<\/li>\n\n\n\n<li>Baroness Ros Altmann \u2013 (Royaume-Uni) : membre de la Chambre des lords<\/li>\n\n\n\n<li>Ellen Samyn \u2013 (Belgique) : d\u00e9put\u00e9e<\/li>\n\n\n\n<li>Melissa Parke \u2013 (Australie) : membre du Groupe d\u2019experts \u00e9minents de l\u2019ONU sur le Y\u00e9men (2017\u20132021) ; ancienne ministre du D\u00e9veloppement international (AusAID)<\/li>\n\n\n\n<li>Serena Oberstein \u2013 (\u00c9tats-Unis) : commissaire aux relations humaines du comt\u00e9 de Los Angeles<\/li>\n\n\n\n<li>Karen Gomez Dumpit \u2013 (Philippines) : ancienne commissaire de la Commission des droits de l\u2019homme des Philippines (CHR)<\/li>\n\n\n\n<li>Veronica Undurraga \u2013 (Chili) : pr\u00e9sidente de la Commission d\u2019experts du Conseil constitutionnel du Chili (2023)<\/li>\n\n\n\n<li>Soledad Villagra \u2013 (Paraguay) : membre du Groupe de travail de l\u2019ONU sur la d\u00e9tention arbitraire (2002\u20132008)<\/li>\n\n\n\n<li>Monika P\u0142atek \u2013 (Pologne) : experte de l\u2019ONU, OHCHR, examen de la situation des droits humains au B\u00e9larus<\/li>\n\n\n\n<li>Miriam Ekiudoko \u2013 (Hongrie) : membre du Groupe d\u2019experts de l\u2019ONU sur les personnes d\u2019ascendance africaine<\/li>\n\n\n\n<li>Kate Vigneswaran \u2013 (Pays-Bas) : directrice de la Global Accountability Initiative, Commission internationale de juristes (ICJ)<\/li>\n\n\n\n<li>Susan Bazilli \u2013 (Canada) : membre du Groupe d\u2019experts ind\u00e9pendants de l\u2019ONU sur la situation des droits humains au B\u00e9larus ; directrice du International Women\u2019s Rights Project (IWRP)<\/li>\n\n\n\n<li>Naomi Long MLA \u2013 (Irlande du Nord) : ministre de la Justice d\u2019Irlande du Nord<\/li>\n\n\n\n<li>Heledd Fychan MS \u2013 (Royaume-Uni) : membre du Parlement gallois<\/li>\n\n\n\n<li>Maggie Chapman MSP \u2013 (Royaume-Uni) : membre du Parlement \u00e9cossais<\/li>\n\n\n\n<li>Connie Egan \u2013 (Irlande du Nord) : membre de l\u2019Assembl\u00e9e l\u00e9gislative<\/li>\n\n\n\n<li>Baroness Katy Clark \u2013 (Royaume-Uni) : membre du Parlement \u00e9cossais<\/li>\n\n\n\n<li>Kate Nicholl \u2013 (Irlande du Nord) : membre de l\u2019Assembl\u00e9e l\u00e9gislative<\/li>\n\n\n\n<li>Johana Gustawsson \u2013 (France) : \u00e9crivaine<\/li>\n\n\n\n<li>Bina D\u2019Costa \u2013 (Australie \/ Bangladesh) : membre du Groupe d\u2019experts de l\u2019ONU sur les personnes d\u2019ascendance africaine<\/li>\n\n\n\n<li>Anna Neistat \u2013 (France) : directrice juridique, The Docket (Clooney Foundation for Justice)<\/li>\n\n\n\n<li>Sinead McLaughlin \u2013 (Irlande du Nord) : membre de l\u2019Assembl\u00e9e l\u00e9gislative<\/li>\n\n\n\n<li>Marie-Laure Colonna \u2013 (Suisse) : auteure<\/li>\n\n\n\n<li>Florence Mariko Combescure \u2013 (France) : sculptrice<\/li>\n\n\n\n<li>Sonia Heller \u2013 (Suisse) : chanteuse et auteure-compositrice<\/li>\n\n\n\n<li>Mora Furtado \u2013 (Argentine) : animatrice de t\u00e9l\u00e9vision<\/li>\n\n\n\n<li>Marion B\u00f6ker \u2013 (Allemagne) : directrice, Consultancy for Human Rights &amp; Gender Issues<\/li>\n\n\n\n<li>Hon. Jocelynne A. Scutt \u2013 (Royaume-Uni \/ Australie) : ancienne juge \u00e0 la Haute Cour des Fidji<\/li>\n\n\n\n<li>Sareta Ashraph \u2013 (Trinit\u00e9-et-Tobago) : pr\u00e9sidente du comit\u00e9 sur les crimes de guerre de l\u2019International Bar Association<\/li>\n\n\n\n<li>Siobhan Wills \u2013 (Irlande du Nord) : directrice, Transitional Justice Institute (TJI), Ulster University<\/li>\n\n\n\n<li>Rebecca Cook \u2013 (Canada) : professeure \u00e9m\u00e9rite, Facult\u00e9 de droit, Universit\u00e9 de Toronto<\/li>\n\n\n\n<li>Donna M. Hughes \u2013 (\u00c9tats-Unis) : professeure \u00e9m\u00e9rite, Universit\u00e9 de Rhode Island<\/li>\n\n\n\n<li>Debbie Stothard \u2013 (Vietnam) : ancienne secr\u00e9taire g\u00e9n\u00e9rale, F\u00e9d\u00e9ration internationale des ligues des droits de l\u2019homme (FIDH)<\/li>\n\n\n\n<li>Eleonora Mongelli \u2013 (Italie) : vice-pr\u00e9sidente, F\u00e9d\u00e9ration italienne pour les droits de l\u2019homme (FIDU)<\/li>\n\n\n\n<li>Susanne Brandtst\u00e4dter \u2013 (Allemagne) : professeure et pr\u00e9sidente de l\u2019anthropologie de la mondialisation, Universit\u00e9 de Cologne<\/li>\n\n\n\n<li>Hilary Earl \u2013 (Canada) : directrice, Centre d\u2019\u00e9tude sur la violence \u00e9tatique, Nipissing University<\/li>\n\n\n\n<li>Helen Duffy \u2013 (Royaume-Uni) : professeure de droit international des droits humains et humanitaire, Universit\u00e9 de Leiden<\/li>\n\n\n\n<li>Irene Victoria Massimino \u2013 (Argentine) : rapporteure, Haute Cour criminelle de Buenos Aires (2016\u20132020)<\/li>\n\n\n\n<li>Anila Ali \u2013 (\u00c9tats-Unis) : pr\u00e9sidente et directrice g\u00e9n\u00e9rale, American Muslim and Multifaith Women\u2019s Empowerment Council<\/li>\n\n\n\n<li>Anja Matwijkiw \u2013 (\u00c9tats-Unis) : professeure d\u2019\u00e9thique et droits humains ; Indiana University Presidential Fellow of Arts and Humanities 2024-2025, Indiana University Northwest<\/li>\n\n\n\n<li>Rosa Ana Alija Fern\u00e1ndez \u2013 (Espagne) : professeure associ\u00e9e de droit international, Universit\u00e9 de Barcelone<\/li>\n\n\n\n<li>Joan Francesca Quint \u2013 (Royaume-Uni) : avocate, Radcliffe Chambers<\/li>\n\n\n\n<li>Katerina Hatzikidi \u2013 (Royaume-Uni) : chercheuse postdoctorale, Eberhard Karls Universit\u00e4t T\u00fcbingen (Allemagne)<\/li>\n\n\n\n<li>Aurora Ciuc\u0103 \u2013 (Roumanie) : pr\u00e9sidente, association \u201cVespasian V. Pella\u201d<\/li>\n\n\n\n<li>M\u00e9lanie Sonhaye-Kombate \u2013 (Togo) : directrice des programmes et plaidoyer, West African Human Rights Defenders Network<\/li>\n\n\n\n<li>Mireille Rebeiz \u2013 (\u00c9tats-Unis) : pr\u00e9sidente des \u00e9tudes sur le Moyen-Orient et professeure associ\u00e9e, Dickinson College<\/li>\n\n\n\n<li>Melinda Taylor \u2013 (Australie) : membre de la liste des avocats de la Cour p\u00e9nale internationale (CPI)<\/li>\n\n\n\n<li>Hannah R. Garry \u2013 (\u00c9tats-Unis) : professeure, USC Gould School of Law<\/li>\n\n\n\n<li>Antonietta Elia \u2013 (Italie) : conseill\u00e8re juridique internationale, Conseil de l\u2019Europe<\/li>\n\n\n\n<li>Pearl Eliadis \u2013 (Canada) : avocate sp\u00e9cialis\u00e9e en droits humains<\/li>\n\n\n\n<li>Stephanie Wolfe \u2013 (\u00c9tats-Unis) : professeure, Weber State University<\/li>\n\n\n\n<li>Eva Pils \u2013 (Royaume-Uni) : professeure Humboldt de droit des droits humains, Friedrich Alexander University Erlangen-Nuremberg<\/li>\n\n\n\n<li>Naomi Roht-Arriaza \u2013 (\u00c9tats-Unis) : professeure \u00e9m\u00e9rite distingu\u00e9e de droit, UC Law San Francisco<\/li>\n\n\n\n<li>Anabela Atan\u00e1sio Alves \u2013 (Portugal) : avocate senior en droit p\u00e9nal international<\/li>\n\n\n\n<li>Jennifer Wright Knust \u2013 (Royaume-Uni) : professeure d\u2019\u00e9tudes religieuses, Duke University<\/li>\n\n\n\n<li>Sandra M. Coyle \u2013 (\u00c9tats-Unis) : ancienne directrice ex\u00e9cutive, World Federalist Movement \/ Institute for Global Policy (WFM\/IGP)<\/li>\n\n\n\n<li>Carmen M\u00e1rquez-Carrasco \u2013 (Espagne) : professeure de droit international public et relations internationales, Universit\u00e9 de S\u00e9ville<\/li>\n\n\n\n<li>Louise Mallinder \u2013 (Royaume-Uni) : professeure de droit, Queen\u2019s University Belfast (QUB)<\/li>\n\n\n\n<li>Susan Lee Kemp \u2013 (Royaume-Uni) : ancienne commissaire, Scottish Human Rights Commission (SHRC)<\/li>\n\n\n\n<li>Liesbeth Zegveld \u2013 (Pays-Bas) : professeure de r\u00e9parations de guerre, Universit\u00e9 d\u2019Amsterdam<\/li>\n\n\n\n<li>Elaine Arnull \u2013 (Royaume-Uni) : doyenne associ\u00e9e et professeure, Universit\u00e9 de Wolverhampton<\/li>\n\n\n\n<li>Margaret Greenfields \u2013 (Royaume-Uni) : professeure de politique sociale<\/li>\n\n\n\n<li>Andrea Shemberg \u2013 (Italie) : pr\u00e9sidente, Global Business Initiative on Human Rights<\/li>\n\n\n\n<li>Lindsay M. Harris \u2013 (\u00c9tats-Unis) : professeure de droit et directrice de la Frank C. Newman International Human Rights Clinic, University of San Francisco School of Law<\/li>\n\n\n\n<li>Erica Lawson \u2013 (Canada) : professeure associ\u00e9e, \u00e9tudes sur le genre, la sexualit\u00e9 et les femmes, Western University<\/li>\n\n\n\n<li>Lia Tsuladze \u2013 (G\u00e9orgie) : directrice ex\u00e9cutive, Center for Social Sciences, Tbilisi<\/li>\n\n\n\n<li>Judith Armatta \u2013 (\u00c9tats-Unis) : auteure et avocate en droits humains<\/li>\n\n\n\n<li>Alia Brahimi \u2013 (Royaume-Uni) : chercheuse senior, Atlantic Council<\/li>\n\n\n\n<li>Jocelyn Getgen Kestenbaum \u2013 (\u00c9tats-Unis) : directrice acad\u00e9mique, Cardozo Law Institute in Holocaust and Human Rights (CLIHHR), Yeshiva University<\/li>\n\n\n\n<li>Luciana Minassian \u2013 (Argentine) : professeure assistante de droit international, Universit\u00e9 de Buenos Aires<\/li>\n\n\n\n<li>Elisabeth Driscoll \u2013 (Royaume-Uni) : r\u00e9dactrice en chef pour le Royaume-Uni, JURIST<\/li>\n\n\n\n<li>Ellen van Thiel \u2013 (\u00c9tats-Unis) : conseill\u00e8re juridique senior \u2013 droits humains<\/li>\n\n\n\n<li>Gloria Cano \u2013 (P\u00e9rou) : directrice, APRODEH (Asociaci\u00f3n Pro Derechos Humanos)<\/li>\n\n\n\n<li>Sta\u0161a Zajovi\u0107 \u2013 (Serbie) : cofondatrice et coordinatrice, Women in Black<\/li>\n\n\n\n<li>Sara Chandler KC (Hon) \u2013 (Royaume-Uni) : secr\u00e9taire de la Commission des droits humains de la European Bars Federation (FBE) ; ancienne pr\u00e9sidente du Comit\u00e9 des droits humains, Law Society of England &amp; Wales<\/li>\n\n\n\n<li>Michaela Streibelt \u2013 (Allemagne) : avocate<\/li>\n\n\n\n<li>Rev. Susan Lee \u2013 (\u00c9tats-Unis) : ancienne pr\u00e9sidente, US Women\u2019s Caucus<\/li>\n\n\n\n<li>Francisca Pou Gim\u00e9nez \u2013 (Mexique) : professeure de droit constitutionnel, UNAM<\/li>\n\n\n\n<li>Aoife O\u2019Donoghue \u2013 (Royaume-Uni) : directrice acad\u00e9mique QUB, School of Law, Queen\u2019s University Belfast<\/li>\n\n\n\n<li>Tamta Mikeladze \u2013 (G\u00e9orgie) : directrice, Social Justice Center ; professeure associ\u00e9e, Ilia State University<\/li>\n\n\n\n<li>Iulia Kharashvili \u2013 (G\u00e9orgie) : pr\u00e9sidente, IDP Women Association \u2018Consent\u2019<\/li>\n\n\n\n<li>Niamh Harnett \u2013 (Irlande) : avocate, Barreau d\u2019Irlande<\/li>\n\n\n\n<li>Tamar Dekanosidze \u2013 (G\u00e9orgie) : repr\u00e9sentante r\u00e9gionale Eurasie, Equality Now<\/li>\n\n\n\n<li>Loveday C. Hodson \u2013 (Royaume-Uni) : professeure de droit international des droits humains, Universit\u00e9 de Leicester<\/li>\n\n\n\n<li>Sandra L. Babcock \u2013 (\u00c9tats-Unis) : directrice acad\u00e9mique, Cornell Center on the Death Penalty Worldwide ; cofondatrice, Center on Gender and Extreme Sentencing<\/li>\n\n\n\n<li>Blaine Bookey \u2013 (\u00c9tats-Unis) : directrice juridique, Center for Gender &amp; Refugee Studies, University of California College of the Law, San Francisco<\/li>\n\n\n\n<li>Heather Daley \u2013 (Canada) : consultante en arts<\/li>\n\n\n\n<li>Carole Rubin \u2013 (Canada) : ancienne directrice artistique et coordinatrice<\/li>\n\n\n\n<li>Allison Gill \u2013 (\u00c9tats-Unis) : directrice juridique, Global Labor Justice<\/li>\n\n\n\n<li>Joanna Dingwall \u2013 (Royaume-Uni \/ Allemagne) : charg\u00e9e de cours invit\u00e9e en droit international, Universit\u00e9 de Glasgow<\/li>\n\n\n\n<li>Lauren Dempster \u2013 (Royaume-Uni) : ma\u00eetre de conf\u00e9rences senior, School of Law, Queen\u2019s University Belfast<\/li>\n\n\n\n<li>Liselott Blixt \u2013 (Danemark) : ancienne d\u00e9put\u00e9e<\/li>\n\n\n\n<li>Kate Engel \u2013 (Australie) : doctorante, Deakin University<\/li>\n\n\n\n<li>Eva Dur\u00e1n Ramos \u2013 (Espagne) : ancienne d\u00e9put\u00e9e<\/li>\n\n\n\n<li>Pauline Kerkour el Miad \u2013 (France) : experte juridique<\/li>\n\n\n\n<li>Darcia Senft \u2013 (Canada) : ancienne conseill\u00e8re g\u00e9n\u00e9rale et directrice de la politique et de l\u2019\u00e9thique, Law Society of Manitoba<\/li>\n\n\n\n<li>Marta Achler \u2013 (Italie) : avocate sp\u00e9cialis\u00e9e en droits humains internationaux<\/li>\n\n\n\n<li>Mar\u00eda Elena Elverd\u00edn \u2013 (Argentine) : pr\u00e9sidente honoraire, F\u00e9d\u00e9ration internationale des femmes dans les carri\u00e8res juridiques<\/li>\n\n\n\n<li>Hilary Burrage \u2013 (Royaume-Uni) : sociologue et \u00e9crivaine<\/li>\n\n\n\n<li>Pascale Mesnil \u2013 (France) : pr\u00e9sidente, Union europ\u00e9enne des femmes<\/li>\n\n\n\n<li>Sheila Paylan \u2013 (Arm\u00e9nie \/ Canada) : avocate en droits humains et consultante juridique senior aupr\u00e8s des Nations Unies<\/li>\n\n\n\n<li>Elisabeth Rabesandratana \u2013 (France) : membre de la liste des avocats de la Cour p\u00e9nale internationale (CPI)<\/li>\n\n\n\n<li>Maria Neus Torbisco-Casals \u2013 (Suisse) : professeure associ\u00e9e ; chercheuse senior, Albert Hirschman Centre on Democracy, Geneva Graduate Institute<\/li>\n\n\n\n<li>Melanie O\u2019Brien \u2013 (Australie) : ancienne pr\u00e9sidente, International Association of Genocide Scholars (IAGS)<\/li>\n\n\n\n<li>Victoria Sanford \u2013 (\u00c9tats-Unis) : directrice fondatrice, Center for Human Rights &amp; Peace Studies, Lehman College-City University of New York (CUNI)<\/li>\n\n\n\n<li>Marie Fox \u2013 (Royaume-Uni) : Queen Victoria Chair of Law, School of Law and Social Justice, Universit\u00e9 de Liverpool<\/li>\n\n\n\n<li>ElsaMarie Dsilva \u2013 (Inde) : fondatrice et pr\u00e9sidente, Red Dot Foundation Global<\/li>\n\n\n\n<li>Claire Mahon \u2013 (Nouvelle-Z\u00e9lande) : directrice ex\u00e9cutive, Global Human Rights Group<\/li>\n\n\n\n<li>Elise Groulx Diggs \u2013 (Canada) : avocate et m\u00e9diatrice en droits humains internationaux ; fondatrice et pr\u00e9sidente honoraire de l\u2019International Criminal Bar pour la Cour p\u00e9nale internationale<\/li>\n\n\n\n<li>Natasha Lindstaedt \u2013 (Royaume-Uni) : doyenne de la facult\u00e9 d\u2019\u00e9ducation, D\u00e9partement de gouvernement, Universit\u00e9 d\u2019Essex<\/li>\n\n\n\n<li>Susana S\u00e1Couto \u2013 (\u00c9tats-Unis) : directrice, War Crimes Research Office (WCRO), American University Washington College of Law<\/li>\n\n\n\n<li>Sarah Annes Brown \u2013 (Royaume-Uni) : professeure, Anglia Ruskin University<\/li>\n\n\n\n<li>Rebecca A. Shoot \u2013 (\u00c9tats-Unis) : co-convocatrice, Washington Working Group for the International Criminal Court<\/li>\n\n\n\n<li>Samantha Knights KC \u2013 (Royaume-Uni) : avocate<\/li>\n\n\n\n<li>Dara Foynes \u2013 (Irlande) : avocate<\/li>\n\n\n\n<li>Agata Fijalkowski \u2013 (Royaume-Uni) : ma\u00eetresse de conf\u00e9rences en droit, Leeds Beckett University<\/li>\n\n\n\n<li>Emilie Palamy Pradichit \u2013 (Tha\u00eflande) : fondatrice et directrice ex\u00e9cutive, Manushya Foundation<\/li>\n\n\n\n<li>Claudia Mihaela Banu \u2013 (Roumanie) : ancienne s\u00e9natrice<\/li>\n\n\n\n<li>Martha Bradley \u2013 (Afrique du Sud) : professeure associ\u00e9e de droit international public et droit humanitaire international, Universit\u00e9 de Johannesburg<\/li>\n\n\n\n<li>Janina Dill \u2013 (Royaume-Uni) : co-directrice, Oxford Institute for Ethics, Law and Armed Conflict (ELAC)<\/li>\n\n\n\n<li>Sarah Merrill \u2013 (Royaume-Uni) : conseill\u00e8re<\/li>\n\n\n\n<li>Cathy Brennan \u2013 (Royaume-Uni) : conseill\u00e8re<\/li>\n\n\n\n<li>Amy McNeese-Mechan \u2013 (Royaume-Uni) : conseill\u00e8re<\/li>\n\n\n\n<li>Mandie Shilton Godwin \u2013 (Royaume-Uni) : conseill\u00e8re<\/li>\n\n\n\n<li>Helen Cunningham \u2013 (Royaume-Uni) : conseill\u00e8re<\/li>\n\n\n\n<li>Anne Hutton \u2013 (Royaume-Uni) : conseill\u00e8re<\/li>\n\n\n\n<li>Jane Byrne \u2013 (Royaume-Uni) : conseill\u00e8re<\/li>\n\n\n\n<li>Jane Leicester \u2013 (Royaume-Uni) : conseill\u00e8re<\/li>\n\n\n\n<li>Angela Conder \u2013 (Royaume-Uni) : conseill\u00e8re<\/li>\n\n\n\n<li>Hazel Pearson \u2013 (Royaume-Uni) : ma\u00eetresse de conf\u00e9rences universitaire<\/li>\n\n\n\n<li>Christy Fujio \u2013 (\u00c9tats-Unis) : directrice ex\u00e9cutive, Synergy for Justice<\/li>\n\n\n\n<li>Yael Danieli \u2013 (\u00c9tats-Unis) : psychologue clinicienne et experte en traumatologie<\/li>\n\n\n\n<li>Giulia Centonze \u2013 (Belgique) : experte en droits humains<\/li>\n\n\n\n<li>Sophie Hale \u2013 (Belgique) : charg\u00e9e des droits humains, European Network of National Human Rights Institutions (ENNHRI)<\/li>\n\n\n\n<li>Hiba Abdulwahhab \u2013 (\u00c9tats-Unis) : directrice ex\u00e9cutive, Middle Eastern Women\u2019s Organization<\/li>\n\n\n\n<li>Ronahi Hasan \u2013 (Royaume-Uni) : journaliste prim\u00e9e<\/li>\n\n\n\n<li>Iliana Balabanova \u2013 (Bulgarie) : pr\u00e9sidente, Bulgarian Women\u2019s Lobby<\/li>\n\n\n\n<li>Mari-Ann Kelam \u2013 (Estonie) : ancienne d\u00e9put\u00e9e<\/li>\n\n\n\n<li>Nancy Awad \u2013 (France) : avocate sp\u00e9cialis\u00e9e en droits humains<\/li>\n\n\n\n<li>Martha Mattos-Coelho \u2013 (Royaume-Uni) : conseill\u00e8re<\/li>\n\n\n\n<li>Martina Feilzer \u2013 (Royaume-Uni) : professeure universitaire<\/li>\n\n\n\n<li>Alice Benhamou Panetta \u2013 (France) : pr\u00e9sidente, Vivent Les Femmes (VLF)<\/li>\n\n\n\n<li>Tricia Austin \u2013 (Royaume-Uni) : conseill\u00e8re<\/li>\n\n\n\n<li>Joanne Bennett \u2013 (Royaume-Uni) : conseill\u00e8re<\/li>\n\n\n\n<li>Elin Hywel \u2013 (Royaume-Uni) : conseill\u00e8re<\/li>\n\n\n\n<li>Sarah Bogle \u2013 (Royaume-Uni) : conseill\u00e8re<\/li>\n\n\n\n<li>Susan Elsmore \u2013 (Royaume-Uni) : conseill\u00e8re<\/li>\n\n\n\n<li>Adele Barnett-Ward \u2013 (Royaume-Uni) : conseill\u00e8re<\/li>\n\n\n\n<li>Anthea McIntyre \u2013 (Royaume-Uni) : ancienne d\u00e9put\u00e9e europ\u00e9enne<\/li>\n\n\n\n<li>Margarita S. Ilieva \u2013 (Bulgarie) : avocate sp\u00e9cialis\u00e9e en \u00e9galit\u00e9 et droits humains<\/li>\n\n\n\n<li>Linda MacDonald \u2013 (Canada) : cofondatrice, Persons Against Non-State Torture (NST)<\/li>\n\n\n\n<li>Gabriella Catalini \u2013 (Italie) : professeure adjointe, D\u00e9partement d\u2019\u00e9tudes juridiques, Universit\u00e9 de Bologne<\/li>\n\n\n\n<li>Noanne Tenneson \u2013 (France) : directrice g\u00e9n\u00e9rale, Alliance of Lawyers for Human Rights<\/li>\n\n\n\n<li>Claudia De La Hoz \u2013 (France \/ Colombie) : professeure de litt\u00e9rature classique, Lyon<\/li>\n\n\n\n<li>Catherine Ruph \u2013 (France) : professeure de litt\u00e9rature classique, Lyon<\/li>\n\n\n\n<li>Clara Bailly \u2013 (France) : chef costumier, Paris<\/li>\n\n\n\n<li>Elise Mosca \u2013 (France) : artiste<\/li>\n\n\n\n<li>Marie Beltrami \u2013 (France) : artiste<\/li>\n\n\n\n<li>Magali Aumignon \u2013 (France) : peintre<\/li>\n\n\n\n<li>Sophie-Elena Jaquenod \u2013 (Suisse) : conf\u00e9renci\u00e8re<\/li>\n\n\n\n<li>Nicole Mathieu \u2013 (France) : directrice de recherche senior, Centre national de la recherche scientifique (CNRS)<\/li>\n\n\n\n<li>Natacha Markarian \u2013 (France) : artiste<\/li>\n\n\n\n<li>Val\u00e9rie Perez \u2013 (France) : \u00e9crivaine, Destins de femmes 2021, laur\u00e9ate du prix litt\u00e9raire Edgar Faure<\/li>\n\n\n\n<li>Pamela Perraud \u2013 (\u00c9tats-Unis) : pr\u00e9sidente, US Women\u2019s Caucus<\/li>\n\n\n\n<li>Behjat Dehghan \u2013 (\u00c9tats-Unis) : pr\u00e9sidente, WomenNC-NC Committee for CSW\/CEDAW<\/li>\n\n\n\n<li>Tanya Serisier \u2013 (Royaume-Uni) : professeure en th\u00e9orie f\u00e9ministe, Birkbeck University of London<\/li>\n\n\n\n<li>Soizic le Guiff \u2013 (France) : psychosociologue ; co-directrice, Pilot Center for Biocentric Education, Nantes<\/li>\n\n\n\n<li>Lisa Michalik \u2013 (France) : artiste<\/li>\n\n\n\n<li>Olivia Loiseau \u2013 (France) : artiste, actrice, danseuse, cr\u00e9atrice de mode, chanteuse<\/li>\n\n\n\n<li>Fran\u00e7oise S\u00e8me Wallon \u2013 (France) : secr\u00e9taire nationale de l\u2019Union europ\u00e9enne des femmes, section fran\u00e7aise<\/li>\n\n\n\n<li>Ranjana Kumari \u2013 (Inde) : directrice, Centre for Social Research (CSR)<\/li>\n\n\n\n<li>Alannah Travers \u2013 (Royaume-Uni \/ Allemagne) : ancienne chercheuse sur l\u2019Irak<\/li>\n\n\n\n<li>Anna Bryson \u2013 (Royaume-Uni) : ma\u00eetresse de conf\u00e9rences senior en droit, Queen\u2019s University Belfast (QUB)<\/li>\n\n\n\n<li>Sirra Ndow \u2013 (Gambie) : militante des droits humains<\/li>\n\n\n\n<li>Audrey Mat\u00e9o \u2013 (France) : conseill\u00e8re juridique<\/li>\n\n\n\n<li>Feride Rushiti \u2013 (Kosovo) : directrice ex\u00e9cutive, Kosovo Rehabilitation Centre for Torture Victims<\/li>\n\n\n\n<li>Eleonora Esposito \u2013 (Espagne) : chercheuse, Universit\u00e9 de Navarre<\/li>\n\n\n\n<li>Jessica Finelle \u2013 (France) : membre de la liste des avocats de la Cour p\u00e9nale internationale (CPI)<\/li>\n\n\n\n<li>Mae Thompson \u2013 (\u00c9tats-Unis) : responsable plaidoyer, CEASEFIRE Centre for Civilian Rights<\/li>\n\n\n\n<li>Cl\u00e9mence Witt \u2013 (France) : avocate en droit p\u00e9nal international<\/li>\n\n\n\n<li>Andreea Rusu \u2013 (Roumanie) : directrice ex\u00e9cutive, FILIA Center<\/li>\n\n\n\n<li>Deb\u00f3rah Dwork \u2013 (\u00c9tats-Unis) : directrice, Center for the Study of the Holocaust, Genocide, and Crimes Against Humanity, The Graduate Center\u2014City University of New York (CUNY)<\/li>\n\n\n\n<li>Edie Hofmeister \u2013 (\u00c9tats-Unis) : pr\u00e9sidente, Business and Human Rights Committee, International Bar Association (IBA) (2023-2025)<\/li>\n\n\n\n<li>Tali Nates \u2013 (Afrique du Sud) : laur\u00e9ate du Religious Freedom Award 2023, US Secretary of State<\/li>\n\n\n\n<li>Ellen J. Kennedy \u2013 (\u00c9tats-Unis) : directrice ex\u00e9cutive, World Without Genocide<\/li>\n\n\n\n<li>Amy Strecker \u2013 (Irlande) : professeure associ\u00e9e, Sutherland School of Law, University College Dublin<\/li>\n\n\n\n<li>Rhoda E. Howard-Hassmann \u2013 (Canada) : titulaire de la Chaire de recherche du Canada en droits humains internationaux (2003-2016), Wilfrid Laurier University<\/li>\n\n\n\n<li>Valerie Sperling \u2013 (\u00c9tats-Unis) : professeure de sciences politiques, Clark University<\/li>\n\n\n\n<li>Marion Kaplan \u2013 (\u00c9tats-Unis) : professeure \u00e9m\u00e9rite, New York University<\/li>\n\n\n\n<li>Cindy Ayoma Rosa \u2013 (Portugal) : coach sp\u00e9cialis\u00e9e en traumatismes infantiles<\/li>\n\n\n\n<li>Alice Seuma Vidal \u2013 (France) : pharmacienne<\/li>\n\n\n\n<li>Atina Grossmann \u2013 (\u00c9tats-Unis) : professeure d\u2019histoire, Cooper Union, New York City<\/li>\n\n\n\n<li>Susan Benesch \u2013 (\u00c9tats-Unis) : directrice ex\u00e9cutive, Dangerous Speech Project ; professeure associ\u00e9e, Harvard University<\/li>\n\n\n\n<li>Luz E. Nagle \u2013 (\u00c9tats-Unis) : professeure \u00e9m\u00e9rite de droit, Stetson University College of Law<\/li>\n\n\n\n<li>Lisa McIntosh Sundstrom \u2013 (Canada) : professeure de sciences politiques, University of British Columbia<\/li>\n\n\n\n<li>Elizabeth Wood \u2013 (\u00c9tats-Unis) : Ford International Professor of History, MIT<\/li>\n\n\n\n<li>Rochelle G. Ruthchild \u2013 (\u00c9tats-Unis) : associ\u00e9e, Davis Center for Russian and Eurasian Studies, Harvard University<\/li>\n\n\n\n<li>Wendy Lower \u2013 (\u00c9tats-Unis) : directrice, Mgrublian Center for Human Rights, Claremont CA<\/li>\n\n\n\n<li>Catherine Martinez-Briand \u2013 (France) : \u00e9crivaine<\/li>\n\n\n\n<li>Cherifa Kheddar \u2013 (Alg\u00e9rie) : pr\u00e9sidente, Djazairouna Association of Families of Victims of Islamist Terrorism<\/li>\n\n\n\n<li>Pragna Patel \u2013 (Royaume-Uni) : co-directrice, Project Resist<\/li>\n\n\n\n<li>Martine Brasseur \u2013 (France) : professeure \u00e9m\u00e9rite, Universit\u00e9 Paris Cit\u00e9<\/li>\n\n\n\n<li>Rosie Lewis \u2013 (Royaume-Uni) : co-directrice, Project Resist<\/li>\n\n\n\n<li>Nicola Barker \u2013 (Royaume-Uni) : professeure de droit, Universit\u00e9 de Liverpool<\/li>\n\n\n\n<li>El\u00e9a Nora \u2013 (France) : militante f\u00e9ministe<\/li>\n\n\n\n<li>Patrycja Grzebyk \u2013 (Pologne) : professeure associ\u00e9e, Universit\u00e9 de Varsovie<\/li>\n\n\n\n<li>Izabela Konopacka \u2013 (Pologne) : ancienne pr\u00e9sidente, F\u00e9d\u00e9ration des Barreaux europ\u00e9ens (FBE) ; pr\u00e9sidente de la Commission FBE sur le droit de la propri\u00e9t\u00e9 intellectuelle<\/li>\n\n\n\n<li>Artemis Westenberg \u2013 (Pays-Bas) : pr\u00e9sidente, Netherlands Association for Women\u2019s Rights, Female Labour and Equal Citizenship<\/li>\n\n\n\n<li>Sylvie Rollet \u2013 (France) : professeure \u00e9m\u00e9rite, Universit\u00e9 de Poitiers<\/li>\n\n\n\n<li>Anne-Sophie Besse \u2013 (France) : chercheuse, Universit\u00e9 de Strasbourg<\/li>\n\n\n\n<li>Tess White \u2013 (Royaume-Uni) : membre du Parlement \u00e9cossais<\/li>\n\n\n\n<li>Odile Rohmer \u2013 (France) : professeure de psychologie sociale, Universit\u00e9 de Strasbourg<\/li>\n\n\n\n<li>Brigitte Grosgogeat \u2013 (France) : professeure, Universit\u00e9 Claude Bernard Lyon 1<\/li>\n\n\n\n<li>Siri Gloppen \u2013 (Norv\u00e8ge) : directrice, Centre on Law and Social Transformation, Universit\u00e9 de Bergen<\/li>\n\n\n\n<li>Eve Zucker \u2013 (\u00c9tats-Unis) : ma\u00eetre de conf\u00e9rences, Yale University<\/li>\n\n\n\n<li>Janet Johnson \u2013 (\u00c9tats-Unis) : professeure, sciences politiques et \u00e9tudes de genre, Brooklyn College et Graduate Center, CUNY<\/li>\n\n\n\n<li>H\u00e9l\u00e8ne Ollivier \u2013 (France) : chercheuse, Centre national de la recherche scientifique (CNRS)<\/li>\n\n\n\n<li>Karine Dor\u00e9 \u2013 (France) : artiste<\/li>\n\n\n\n<li>Sylvie Jestin \u2013 (France) : enseignante<\/li>\n\n\n\n<li>Sana Jahangir \u2013 (Pakistan) : psychologue<\/li>\n\n\n\n<li>Susannah Sj\u00f6berg \u2013 (Su\u00e8de) : secr\u00e9taire g\u00e9n\u00e9rale, Swedish Women\u2019s Lobby<\/li>\n\n\n\n<li>Maire Charlotte Blandiot-Faride \u2013 (France) : maire de Mitry-Mory<\/li>\n\n\n\n<li>Colette Borelli \u2013 (France) : auteure<\/li>\n\n\n\n<li>Caroline Bennett \u2013 (Nouvelle-Z\u00e9lande) : professeure adjointe en anthropologie sociale et d\u00e9veloppement international, Universit\u00e9 de Sussex<\/li>\n\n\n\n<li>Bernardita N\u00fa\u00f1ez \u2013 (Su\u00e8de) : secr\u00e9taire g\u00e9n\u00e9rale, Terrafem<\/li>\n\n\n\n<li>Annelie Kraft \u2013 (Su\u00e8de) : pr\u00e9sidente, Swedish Women\u2019s Left Alliance (SKV)<\/li>\n\n\n\n<li>Susanna Udvardi \u2013 (Su\u00e8de) : fondatrice, Act For Integration<\/li>\n\n\n\n<li>Gunnel Hall \u2013 (Su\u00e8de) : pr\u00e9sidente, KvinnorKan<\/li>\n\n\n\n<li>Camilla Wagner \u2013 (Su\u00e8de) : pr\u00e9sidente, Fredrika Bremer Association<\/li>\n\n\n\n<li>Sanna Wolk \u2013 (Su\u00e8de) : pr\u00e9sidente, UN Association of Sweden<\/li>\n\n\n\n<li>Sirine Sehil \u2013 (France) : militante f\u00e9ministe<\/li>\n\n\n\n<li>Claire Chatelain \u2013 (France) : chercheuse, CNRS<\/li>\n\n\n\n<li>Talent Jumo \u2013 (Zimbabwe) : directrice, Katswe Sistahood<\/li>\n\n\n\n<li>Mahin Alipour \u2013 (Su\u00e8de) : pr\u00e9sidente, Committee for the Defence of Women in Iran (KFKI)<\/li>\n\n\n\n<li>St\u00e9phanie Talbot \u2013 (France) : fondatrice, Talitha Koumi Ministry<\/li>\n\n\n\n<li>Alix Sordet \u2013 (France) : illustratrice<\/li>\n\n\n\n<li>Marie-Annick Barthe \u2013 (France) : pr\u00e9sidente, Collectif des R\u00e9formateurs sociaux-d\u00e9mocrates (CSDR)<\/li>\n\n\n\n<li>Celine Dumas \u2013 (France) : artiste, auteure, chanteuse<\/li>\n\n\n\n<li>Martine Kleinberg \u2013 (Luxembourg) : pr\u00e9sidente, Jewish Call for Peace<\/li>\n\n\n\n<li>Susanne Hendrika Floelo \u2013 (Norv\u00e8ge) : conseill\u00e8re senior, Norwegian Centre for Human Rights (NCHR)<\/li>\n\n\n\n<li>Fabienne Brug\u00e8re \u2013 (France) : philosophe<\/li>\n\n\n\n<li>Christiane Perregaux \u2013 (Suisse) : professeure universitaire<\/li>\n\n\n\n<li>Cristina Iurisniti \u2013 (Roumanie) : ancienne d\u00e9put\u00e9e<\/li>\n\n\n\n<li>Maria Eugenia Barna \u2013 (Roumanie) : ancienne d\u00e9put\u00e9e<\/li>\n\n\n\n<li>Maria Grecea \u2013 (Roumanie) : ancienne d\u00e9put\u00e9e<\/li>\n\n\n\n<li>Anda Abiculesi \u2013 (Roumanie) : avocate<\/li>\n\n\n\n<li>Iulia Dascalu \u2013 (Moldavie) : ancienne d\u00e9put\u00e9e<\/li>\n\n\n\n<li>Valentina Ghetu \u2013 (Moldavie) : ancienne d\u00e9put\u00e9e<\/li>\n\n\n\n<li>Dorien Rookmaker \u2013 (Pays-Bas) : ancienne d\u00e9put\u00e9e europ\u00e9enne<\/li>\n\n\n\n<li>Mina Minaee \u2013 (Norv\u00e8ge) : militante anti-raciste, Socialist Youth<\/li>\n\n\n\n<li>Elisa von Joeden-Forgey \u2013 (\u00c9tats-Unis) : directrice ex\u00e9cutive, Lemkin Institute for Genocide Prevention<\/li>\n\n\n\n<li>Tracy M. Lemos \u2013 (Canada) : professeure en \u00e9tudes sur les femmes et le genre et sur la diaspora et les \u00e9tudes transnationales, Universit\u00e9 de Toronto<\/li>\n\n\n\n<li>Dominique Day \u2013 (\u00c9tats-Unis) : membre du Groupe d\u2019experts des Nations Unies sur les personnes d\u2019ascendance africaine<\/li>\n\n\n\n<li>Abb\u00e9 Jolles \u2013 (\u00c9tats-Unis) : avocat international en droits humains<\/li>\n\n\n\n<li>Alice Hardy \u2013 (Royaume-Uni) : associ\u00e9e, Bindmans<\/li>\n\n\n\n<li>Charli Carpenter \u2013 (\u00c9tats-Unis) : directrice, Human Security Lab ; professeure de relations internationales, University of Massachusetts Amherst<\/li>\n\n\n\n<li>Nora Markard \u2013 (Allemagne) : professeure de droit international public et droits humains internationaux, Universit\u00e9 de M\u00fcnster<\/li>\n\n\n\n<li>Jeanne Sarson \u2013 (Canada) : cofondatrice, Persons Against Non-State Torture (NST)<\/li>\n\n\n\n<li>Sandra Fredman FBA KC (Hon) \u2013 (Royaume-Uni) : professeure en droit du Commonwealth britannique et des \u00c9tats-Unis, directrice, Oxford Human Hub, Universit\u00e9 d\u2019Oxford<\/li>\n\n\n\n<li>Avril Alba \u2013 (Australie) : responsable de l\u2019\u00e9cole des langues et cultures, Universit\u00e9 de Sydney<\/li>\n\n\n\n<li>Sarah Magill \u2013 (Royaume-Uni) : directrice g\u00e9n\u00e9rale, Free From Fear<\/li>\n\n\n\n<li>Elisabetta Zamparutti \u2013 (Italie) : cofondatrice et tr\u00e9sori\u00e8re, Hands Off Cain<\/li>\n\n\n\n<li>Carmen Quintanilla \u2013 (Espagne) : ancienne d\u00e9put\u00e9e<\/li>\n\n\n\n<li>Sophie Rohonyi \u2013 (Belgique) : pr\u00e9sidente du parti Independent Federalist Democrat (D\u00e9FI)<\/li>\n\n\n\n<li>Gari Duran Vadell \u2013 (Espagne) : ancien s\u00e9nateur ; vice-pr\u00e9sident, INCO Human Rights<\/li>\n\n\n\n<li>Aina Vidal S\u00e1ez \u2013 (Espagne) : d\u00e9put\u00e9e<\/li>\n\n\n\n<li>Alicia Torija \u2013 (Espagne) : membre du Parlement de Madrid<\/li>\n\n\n\n<li>Nicola Macbean \u2013 (Royaume-Uni) : directrice ex\u00e9cutive, The Rights Practice<\/li>\n\n\n\n<li>Astrid Thors \u2013 (Finlande) : ancienne ministre de la Migration et affaires europ\u00e9ennes ; ancienne haut-commissaire de l\u2019OSCE aux minorit\u00e9s nationales<\/li>\n\n\n\n<li>Latifa A\u00eft Baala \u2013 (Belgique) : membre du Parlement de Bruxelles<\/li>\n\n\n\n<li>Meyrem Almaci \u2013 (Belgique) : membre du Parlement flamand<\/li>\n<\/ol>\n","protected":false},"excerpt":{"rendered":"<p>Plus de 400 femmes \u00e9minentes \u00e0 travers le monde, parmi lesquelles des laur\u00e9ates du prix Nobel, d\u2019anciennes cheffes d\u2019\u00c9tat ou de gouvernement, des parlementaires, des rapporteurs sp\u00e9ciaux de l\u2019ONU, des figures majeures des m\u00e9dias, des ic\u00f4nes sportives reconnues et des d\u00e9fenseuses des droits humains \u00e9minentes, ont sign\u00e9 une d\u00e9claration publique urgente exigeant la lib\u00e9ration imm\u00e9diate [&hellip;]<\/p>\n","protected":false},"author":4,"featured_media":24784,"comment_status":"closed","ping_status":"closed","sticky":false,"template":"","format":"standard","meta":{"jnews-multi-image_gallery":[],"jnews_single_post":{"format":"standard"},"jnews_primary_category":[],"jnews_social_meta":[],"jnews_override_counter":[],"footnotes":""},"categories":[9],"tags":[370],"class_list":["post-24783","post","type-post","status-publish","format-standard","has-post-thumbnail","hentry","category-documents","tag-prisonnieres"],"_links":{"self":[{"href":"https:\/\/wncri.org\/fr\/wp-json\/wp\/v2\/posts\/24783","targetHints":{"allow":["GET"]}}],"collection":[{"href":"https:\/\/wncri.org\/fr\/wp-json\/wp\/v2\/posts"}],"about":[{"href":"https:\/\/wncri.org\/fr\/wp-json\/wp\/v2\/types\/post"}],"author":[{"embeddable":true,"href":"https:\/\/wncri.org\/fr\/wp-json\/wp\/v2\/users\/4"}],"replies":[{"embeddable":true,"href":"https:\/\/wncri.org\/fr\/wp-json\/wp\/v2\/comments?post=24783"}],"version-history":[{"count":3,"href":"https:\/\/wncri.org\/fr\/wp-json\/wp\/v2\/posts\/24783\/revisions"}],"predecessor-version":[{"id":24794,"href":"https:\/\/wncri.org\/fr\/wp-json\/wp\/v2\/posts\/24783\/revisions\/24794"}],"wp:featuredmedia":[{"embeddable":true,"href":"https:\/\/wncri.org\/fr\/wp-json\/wp\/v2\/media\/24784"}],"wp:attachment":[{"href":"https:\/\/wncri.org\/fr\/wp-json\/wp\/v2\/media?parent=24783"}],"wp:term":[{"taxonomy":"category","embeddable":true,"href":"https:\/\/wncri.org\/fr\/wp-json\/wp\/v2\/categories?post=24783"},{"taxonomy":"post_tag","embeddable":true,"href":"https:\/\/wncri.org\/fr\/wp-json\/wp\/v2\/tags?post=24783"}],"curies":[{"name":"wp","href":"https:\/\/api.w.org\/{rel}","templated":true}]}}