{"id":24752,"date":"2025-12-23T20:43:17","date_gmt":"2025-12-23T19:43:17","guid":{"rendered":"https:\/\/wncri.org\/fr\/?p=24752"},"modified":"2025-12-23T20:43:18","modified_gmt":"2025-12-23T19:43:18","slug":"non-aux-executions-du-mardi-100-semaines","status":"publish","type":"post","link":"https:\/\/wncri.org\/fr\/2025\/12\/23\/non-aux-executions-du-mardi-100-semaines\/","title":{"rendered":"Non aux ex\u00e9cutions du mardi : 100 semaines de r\u00e9sistance \u00e0 la peine de mort"},"content":{"rendered":"\n<h2 class=\"wp-block-heading\">Le quartier des femmes de la prison de Yazd rejoint la campagne<\/h2>\n\n\n\n<h4 class=\"wp-block-heading\">Alors qu\u2019elle entame sa 100e semaine cons\u00e9cutive, la campagne nationale <a href=\"https:\/\/wncri.org\/fr\/2025\/12\/17\/campagne-non-aux-executions-du-mardi\/\" target=\"_blank\" rel=\"noreferrer noopener\">\u00ab Non aux ex\u00e9cutions du mardi \u00bb<\/a> est devenue l\u2019un des mouvements les plus durables et les plus \u00e9tendus s\u2019opposant \u00e0 la peine de mort en Iran. Cette semaine, les gr\u00e8ves de la faim des prisonniers se sont poursuivies dans 55 prisons \u00e0 travers le pays, tandis que le quartier des femmes de la prison de <a href=\"https:\/\/fr.wikipedia.org\/wiki\/Yazd\" target=\"_blank\" rel=\"noreferrer noopener\">Yazd<\/a> a officiellement annonc\u00e9 sa participation \u00e0 la campagne.<\/h4>\n\n\n\n<p>Cent actions comm\u00e9moratives marquant la 100e semaine de la campagne ont \u00e9t\u00e9 organis\u00e9es dans 80 villes \u00e0 travers l\u2019Iran. Ce jalon repr\u00e9sente bien plus qu\u2019un chiffre symbolique ; il constitue une preuve claire de la continuit\u00e9, de la r\u00e9silience et de l\u2019expansion d\u2019une r\u00e9sistance organis\u00e9e contre l\u2019un des instruments de r\u00e9pression les plus brutaux de l\u2019\u00c9tat : la peine de mort.<\/p>\n\n\n\n<p>La persistance de la campagne pendant cent semaines cons\u00e9cutives d\u00e9montre que l\u2019opposition aux ex\u00e9cutions est pass\u00e9e d\u2019une protestation limit\u00e9e \u00e0 une revendication sociale durable et profond\u00e9ment enracin\u00e9e.<\/p>\n\n\n\n<p>La forte augmentation des condamnations \u00e0 mort et de leur mise en \u0153uvre, en particulier contre les prisonniers politiques et les manifestants, a transform\u00e9 Non aux ex\u00e9cutions du mardi en un cri national contre l\u2019\u00e9limination syst\u00e9matique de vies humaines.<\/p>\n\n\n\n<p>La pr\u00e9sence simultan\u00e9e de familles en qu\u00eate de justice, d\u2019\u00e9tudiants, de militants politiques et de divers segments de la soci\u00e9t\u00e9 souligne que la d\u00e9fense du droit \u00e0 la vie et de la dignit\u00e9 humaine est devenue l\u2019une des revendications centrales de la soci\u00e9t\u00e9 iranienne.<\/p>\n\n\n\n<h3 class=\"wp-block-heading\"><strong>Le quartier des femmes de la prison de Yazd rejoint la campagne<\/strong><\/h3>\n\n\n\n<p>Dans une partie du communiqu\u00e9 publi\u00e9 pour la 100e semaine de la campagne, les organisateurs ont annonc\u00e9 que le quartier des femmes de la prison de Yazd avait officiellement rejoint le mouvement.<\/p>\n\n\n\n<p>Le communiqu\u00e9 souligne que la 100e semaine symbolise la pers\u00e9v\u00e9rance, le courage et la foi dans la dignit\u00e9 humaine, notant que cent semaines de gr\u00e8ves de la faim dans des dizaines de prisons ont montr\u00e9 que m\u00eame dans les espaces les plus ferm\u00e9s et r\u00e9pressifs, l\u2019espoir peut \u00eatre maintenu vivant et la voix de la justice peut s\u2019\u00e9lever.<\/p>\n\n\n\n<p>Le communiqu\u00e9 revient \u00e9galement sur les \u00e9preuves de ce parcours, rappelant les nuits am\u00e8res marqu\u00e9es par l\u2019ex\u00e9cution de cod\u00e9tenus et de compagnons. Il insiste sur le fait que, malgr\u00e9 la pression et la r\u00e9pression croissantes, Non aux ex\u00e9cutions du mardi se poursuivra sans interruption jusqu\u2019\u00e0 l\u2019abolition compl\u00e8te de la peine de mort inhumaine. Selon les signataires, ces cent semaines constituent la preuve qu\u2019une r\u00e9sistance consciente peut briser le silence impos\u00e9 et rapprocher la possibilit\u00e9 du changement de la r\u00e9alit\u00e9.<\/p>\n\n\n<div class=\"wp-block-image\">\n<figure class=\"aligncenter size-full\"><img decoding=\"async\" src=\"data:image\/gif;base64,R0lGODlhAQABAIAAAAAAAP\/\/\/yH5BAEAAAAALAAAAAABAAEAAAIBRAA7\" data-src=\"https:\/\/wncri.org\/fr\/wp-content\/uploads\/2025\/12\/NCRI-Women-No-to-Execution-Campaign-wk-100_3-min.jpg\" alt=\"Non aux ex\u00e9cutions du mardi : 100 semaines de r\u00e9sistance \u00e0 la peine de mort\" class=\"wp-image-24754 lazyload\"\/><noscript><img decoding=\"async\" width=\"750\" height=\"375\" src=\"https:\/\/wncri.org\/fr\/wp-content\/uploads\/2025\/12\/NCRI-Women-No-to-Execution-Campaign-wk-100_3-min.jpg\" alt=\"Non aux ex\u00e9cutions du mardi : 100 semaines de r\u00e9sistance \u00e0 la peine de mort\" class=\"wp-image-24754 lazyload\" srcset=\"https:\/\/wncri.org\/fr\/wp-content\/uploads\/2025\/12\/NCRI-Women-No-to-Execution-Campaign-wk-100_3-min.jpg 750w, https:\/\/wncri.org\/fr\/wp-content\/uploads\/2025\/12\/NCRI-Women-No-to-Execution-Campaign-wk-100_3-min-300x150.jpg 300w, https:\/\/wncri.org\/fr\/wp-content\/uploads\/2025\/12\/NCRI-Women-No-to-Execution-Campaign-wk-100_3-min-360x180.jpg 360w\" sizes=\"(max-width: 750px) 100vw, 750px\" \/><\/noscript><\/figure>\n<\/div>\n\n\n<p>Au sein de ce mouvement, le r\u00f4le des familles de prisonniers politiques condamn\u00e9s \u00e0 mort est mis en avant comme l\u2019un de ses piliers centraux. Par leur pr\u00e9sence continue dans l\u2019espace public, tenant les photographies de leurs proches et relatant les r\u00e9cits \u00e9touff\u00e9s des victimes, ces familles sont devenues une force motrice pour maintenir et \u00e9tendre la campagne.<\/p>\n\n\n<div class=\"wp-block-image\">\n<figure class=\"aligncenter size-full\"><img decoding=\"async\" src=\"data:image\/gif;base64,R0lGODlhAQABAIAAAAAAAP\/\/\/yH5BAEAAAAALAAAAAABAAEAAAIBRAA7\" data-src=\"https:\/\/wncri.org\/fr\/wp-content\/uploads\/2025\/12\/NCRI-Women-No-to-Execution-Campaign-wk-100_2-min.jpg\" alt=\"Non aux ex\u00e9cutions du mardi : 100 semaines de r\u00e9sistance \u00e0 la peine de mort\" class=\"wp-image-24755 lazyload\"\/><noscript><img decoding=\"async\" width=\"750\" height=\"375\" src=\"https:\/\/wncri.org\/fr\/wp-content\/uploads\/2025\/12\/NCRI-Women-No-to-Execution-Campaign-wk-100_2-min.jpg\" alt=\"Non aux ex\u00e9cutions du mardi : 100 semaines de r\u00e9sistance \u00e0 la peine de mort\" class=\"wp-image-24755 lazyload\" srcset=\"https:\/\/wncri.org\/fr\/wp-content\/uploads\/2025\/12\/NCRI-Women-No-to-Execution-Campaign-wk-100_2-min.jpg 750w, https:\/\/wncri.org\/fr\/wp-content\/uploads\/2025\/12\/NCRI-Women-No-to-Execution-Campaign-wk-100_2-min-300x150.jpg 300w, https:\/\/wncri.org\/fr\/wp-content\/uploads\/2025\/12\/NCRI-Women-No-to-Execution-Campaign-wk-100_2-min-360x180.jpg 360w\" sizes=\"(max-width: 750px) 100vw, 750px\" \/><\/noscript><\/figure>\n<\/div>\n\n\n<p>Co\u00efncidant avec la 100e semaine, une action symbolique de d\u00e9p\u00f4t de fleurs a \u00e9t\u00e9 men\u00e9e par des jeunes et des soutiens de Non aux ex\u00e9cutions du mardi dans des espaces publics de la ville de Doroud. Des messages s\u2019opposant aux ex\u00e9cutions et honorant celles et ceux qui ont perdu la vie sur cette voie, notamment Behrouz Ehsani et Mehdi Hassani, \u00e9taient attach\u00e9s aux couronnes, signalant que la campagne s\u2019est enracin\u00e9e au-del\u00e0 des murs des prisons et au sein de la soci\u00e9t\u00e9 dans son ensemble.<\/p>\n\n\n\n<p>La 100e semaine de Non aux ex\u00e9cutions du mardi est d\u00e9sormais devenue un symbole puissant de solidarit\u00e9, de r\u00e9sistance et de d\u00e9fi collectif face \u00e0 la politique d\u2019ex\u00e9cution, un effort qui cherche \u00e0 unir les actions des prisonniers, des familles et de la soci\u00e9t\u00e9 afin de transformer l\u2019opposition \u00e0 la peine de mort en une revendication nationale et mondiale.<\/p>\n","protected":false},"excerpt":{"rendered":"<p>Le quartier des femmes de la prison de Yazd rejoint la campagne Alors qu\u2019elle entame sa 100e semaine cons\u00e9cutive, la campagne nationale \u00ab Non aux ex\u00e9cutions du mardi \u00bb est devenue l\u2019un des mouvements les plus durables et les plus \u00e9tendus s\u2019opposant \u00e0 la peine de mort en Iran. Cette semaine, les gr\u00e8ves de la [&hellip;]<\/p>\n","protected":false},"author":4,"featured_media":24753,"comment_status":"closed","ping_status":"closed","sticky":false,"template":"","format":"standard","meta":{"jnews-multi-image_gallery":[],"jnews_single_post":{"format":"standard"},"jnews_primary_category":[],"jnews_social_meta":[],"jnews_override_counter":[],"footnotes":""},"categories":[3],"tags":[369],"class_list":["post-24752","post","type-post","status-publish","format-standard","has-post-thumbnail","hentry","category-infos-des-femmes","tag-manifestations"],"_links":{"self":[{"href":"https:\/\/wncri.org\/fr\/wp-json\/wp\/v2\/posts\/24752","targetHints":{"allow":["GET"]}}],"collection":[{"href":"https:\/\/wncri.org\/fr\/wp-json\/wp\/v2\/posts"}],"about":[{"href":"https:\/\/wncri.org\/fr\/wp-json\/wp\/v2\/types\/post"}],"author":[{"embeddable":true,"href":"https:\/\/wncri.org\/fr\/wp-json\/wp\/v2\/users\/4"}],"replies":[{"embeddable":true,"href":"https:\/\/wncri.org\/fr\/wp-json\/wp\/v2\/comments?post=24752"}],"version-history":[{"count":1,"href":"https:\/\/wncri.org\/fr\/wp-json\/wp\/v2\/posts\/24752\/revisions"}],"predecessor-version":[{"id":24756,"href":"https:\/\/wncri.org\/fr\/wp-json\/wp\/v2\/posts\/24752\/revisions\/24756"}],"wp:featuredmedia":[{"embeddable":true,"href":"https:\/\/wncri.org\/fr\/wp-json\/wp\/v2\/media\/24753"}],"wp:attachment":[{"href":"https:\/\/wncri.org\/fr\/wp-json\/wp\/v2\/media?parent=24752"}],"wp:term":[{"taxonomy":"category","embeddable":true,"href":"https:\/\/wncri.org\/fr\/wp-json\/wp\/v2\/categories?post=24752"},{"taxonomy":"post_tag","embeddable":true,"href":"https:\/\/wncri.org\/fr\/wp-json\/wp\/v2\/tags?post=24752"}],"curies":[{"name":"wp","href":"https:\/\/api.w.org\/{rel}","templated":true}]}}