{"id":24733,"date":"2025-12-18T20:06:32","date_gmt":"2025-12-18T19:06:32","guid":{"rendered":"https:\/\/wncri.org\/fr\/?p=24733"},"modified":"2026-01-16T19:30:06","modified_gmt":"2026-01-16T18:30:06","slug":"maryam-akbari-monfared-privee-de-soins-2","status":"publish","type":"post","link":"https:\/\/wncri.org\/fr\/2025\/12\/18\/maryam-akbari-monfared-privee-de-soins-2\/","title":{"rendered":"Maryam Akbari Monfared priv\u00e9e de soins, risque d\u2019op\u00e9ration du genou"},"content":{"rendered":"\n<h4 class=\"wp-block-heading\">Maryam Akbari Monfared, prisonni\u00e8re politique d\u00e9tenue \u00e0 la <a href=\"https:\/\/wncri.org\/fr\/2025\/01\/10\/conditions-desastreuses-prison-de-qarchak\/\" target=\"_blank\" rel=\"noreferrer noopener\">prison de Qarchak<\/a>, continue <a href=\"https:\/\/wncri.org\/fr\/2025\/04\/24\/maryam-akbari-monfared-soins-medicaux\/\" target=\"_blank\" rel=\"noreferrer noopener\">d\u2019\u00eatre priv\u00e9e d\u2019un acc\u00e8s r\u00e9gulier<\/a> \u00e0 des soins m\u00e9dicaux sp\u00e9cialis\u00e9s, un retard susceptible d\u2019entra\u00eener une grave d\u00e9t\u00e9rioration de son \u00e9tat de sant\u00e9 et de rendre n\u00e9cessaire une intervention chirurgicale au genou.<\/h4>\n\n\n\n<p>Au cours de la semaine \u00e9coul\u00e9e, elle a \u00e9t\u00e9 transf\u00e9r\u00e9e \u00e0 plusieurs reprises vers des \u00e9tablissements m\u00e9dicaux situ\u00e9s hors de la prison afin de recevoir des s\u00e9ances de physioth\u00e9rapie et de <a href=\"https:\/\/fr.wikipedia.org\/wiki\/Chiropratique\" target=\"_blank\" rel=\"noreferrer noopener\">chiropraxie<\/a>. Toutefois, les autorit\u00e9s p\u00e9nitentiaires ont conditionn\u00e9 la poursuite de son traitement \u00e0 une orientation vers des centres m\u00e9dicaux publics, des structures d\u00e9pourvues des capacit\u00e9s n\u00e9cessaires pour assurer les soins sp\u00e9cialis\u00e9s dont elle a besoin. Sa demande d\u2019acc\u00e8s, \u00e0 ses propres frais, \u00e0 un centre de soins adapt\u00e9 est rest\u00e9e sans r\u00e9ponse \u00e0 ce jour.<\/p>\n\n\n\n<p>Cela intervient alors m\u00eame que l\u2019Organisation de m\u00e9decine l\u00e9gale ainsi que le juge charg\u00e9 de son dossier avaient auparavant <a href=\"https:\/\/wncri.org\/fr\/2025\/11\/19\/maryam-akbari-monfared-privee-de-soins\/\" target=\"_blank\" rel=\"noreferrer noopener\">approuv\u00e9 son transfert<\/a> vers des \u00e9tablissements m\u00e9dicaux sp\u00e9cialis\u00e9s. Son m\u00e9decin traitant a \u00e9galement averti des cons\u00e9quences graves qu\u2019aurait l\u2019interruption de son traitement.<\/p>\n\n\n\n<p>Maryam Akbari Monfared, <a href=\"https:\/\/wncri.org\/fr\/2024\/11\/01\/rapport-de-octobre-2024-maryam-akbari\/\" target=\"_blank\" rel=\"noreferrer noopener\">m\u00e8re de trois filles<\/a>, a \u00e9t\u00e9 <a href=\"https:\/\/wncri.org\/fr\/2024\/10\/22\/maryam-akbari-qarchak\/\" target=\"_blank\" rel=\"noreferrer noopener\">transf\u00e9r\u00e9e \u00e0 la prison de Qarchak<\/a> en novembre 2024 apr\u00e8s avoir purg\u00e9 quinze ann\u00e9es d\u2019emprisonnement en exil, afin de commencer l\u2019ex\u00e9cution d\u2019une <a href=\"https:\/\/wncri.org\/fr\/2024\/01\/01\/prisonniere-politique-maryam\/\" target=\"_blank\" rel=\"noreferrer noopener\">nouvelle peine de deux ans<\/a> pour \u00ab propagande contre le r\u00e9gime et diffusion de fausses informations \u00bb. Les restrictions impos\u00e9es \u00e0 son acc\u00e8s aux soins m\u00e9dicaux et \u00e0 une assistance juridique constituent une violation manifeste des droits fondamentaux des prisonni\u00e8res et des obligations internationales de l\u2019Iran en mati\u00e8re de droits humains.<\/p>\n\n\n\n<p>Arr\u00eat\u00e9e une premi\u00e8re fois en 2009, Maryam Akbari Monfared a \u00e9t\u00e9 condamn\u00e9e \u00e0 quinze ans de prison. Des membres de sa famille ont \u00e9galement \u00e9t\u00e9 victimes des ex\u00e9cutions massives des ann\u00e9es 1980, notamment du massacre des prisonniers politiques de 1988. Apr\u00e8s Zeynab Jalalian, elle figure parmi les prisonni\u00e8res politiques les plus anciennement d\u00e9tenues en Iran.<\/p>\n","protected":false},"excerpt":{"rendered":"<p>Maryam Akbari Monfared, prisonni\u00e8re politique d\u00e9tenue \u00e0 la prison de Qarchak, continue d\u2019\u00eatre priv\u00e9e d\u2019un acc\u00e8s r\u00e9gulier \u00e0 des soins m\u00e9dicaux sp\u00e9cialis\u00e9s, un retard susceptible d\u2019entra\u00eener une grave d\u00e9t\u00e9rioration de son \u00e9tat de sant\u00e9 et de rendre n\u00e9cessaire une intervention chirurgicale au genou. Au cours de la semaine \u00e9coul\u00e9e, elle a \u00e9t\u00e9 transf\u00e9r\u00e9e \u00e0 plusieurs [&hellip;]<\/p>\n","protected":false},"author":4,"featured_media":23898,"comment_status":"closed","ping_status":"closed","sticky":false,"template":"","format":"standard","meta":{"jnews-multi-image_gallery":[],"jnews_single_post":{"format":"standard"},"jnews_primary_category":[],"jnews_social_meta":[],"jnews_override_counter":[],"footnotes":""},"categories":[8],"tags":[370],"class_list":["post-24733","post","type-post","status-publish","format-standard","has-post-thumbnail","hentry","category-articles","tag-prisonnieres"],"_links":{"self":[{"href":"https:\/\/wncri.org\/fr\/wp-json\/wp\/v2\/posts\/24733","targetHints":{"allow":["GET"]}}],"collection":[{"href":"https:\/\/wncri.org\/fr\/wp-json\/wp\/v2\/posts"}],"about":[{"href":"https:\/\/wncri.org\/fr\/wp-json\/wp\/v2\/types\/post"}],"author":[{"embeddable":true,"href":"https:\/\/wncri.org\/fr\/wp-json\/wp\/v2\/users\/4"}],"replies":[{"embeddable":true,"href":"https:\/\/wncri.org\/fr\/wp-json\/wp\/v2\/comments?post=24733"}],"version-history":[{"count":1,"href":"https:\/\/wncri.org\/fr\/wp-json\/wp\/v2\/posts\/24733\/revisions"}],"predecessor-version":[{"id":24734,"href":"https:\/\/wncri.org\/fr\/wp-json\/wp\/v2\/posts\/24733\/revisions\/24734"}],"wp:featuredmedia":[{"embeddable":true,"href":"https:\/\/wncri.org\/fr\/wp-json\/wp\/v2\/media\/23898"}],"wp:attachment":[{"href":"https:\/\/wncri.org\/fr\/wp-json\/wp\/v2\/media?parent=24733"}],"wp:term":[{"taxonomy":"category","embeddable":true,"href":"https:\/\/wncri.org\/fr\/wp-json\/wp\/v2\/categories?post=24733"},{"taxonomy":"post_tag","embeddable":true,"href":"https:\/\/wncri.org\/fr\/wp-json\/wp\/v2\/tags?post=24733"}],"curies":[{"name":"wp","href":"https:\/\/api.w.org\/{rel}","templated":true}]}}