{"id":24720,"date":"2025-12-17T18:02:21","date_gmt":"2025-12-17T17:02:21","guid":{"rendered":"https:\/\/wncri.org\/fr\/?p=24720"},"modified":"2025-12-17T18:02:22","modified_gmt":"2025-12-17T17:02:22","slug":"campagne-non-aux-executions-du-mardi","status":"publish","type":"post","link":"https:\/\/wncri.org\/fr\/2025\/12\/17\/campagne-non-aux-executions-du-mardi\/","title":{"rendered":"99e semaine de la campagne \u00ab Non aux ex\u00e9cutions du mardi \u00bb dans 55 prisons en Iran"},"content":{"rendered":"\n<h4 class=\"wp-block-heading\">Le mardi 16 d\u00e9cembre 2025, la 99e semaine cons\u00e9cutive de la campagne Non aux ex\u00e9cutions du mardi a \u00e9t\u00e9 marqu\u00e9e par des gr\u00e8ves de la faim men\u00e9es par des prisonniers dans 55 prisons \u00e0 travers l\u2019Iran. Cette action coordonn\u00e9e depuis l\u2019int\u00e9rieur des prisons du pays repr\u00e9sente une position collective en d\u00e9fense du droit \u00e0 la vie et une protestation contre la politique syst\u00e9matique d\u2019ex\u00e9cutions du r\u00e9gime.<\/h4>\n\n\n\n<p>Dans leur d\u00e9claration hebdomadaire, les prisonniers participants <a href=\"https:\/\/english.mojahedin.org\/news\/67-executed-in-one-week-as-irans-no-to-executions-tuesdays-campaign-strikes-in-55-prisons\/\" target=\"_blank\" rel=\"noreferrer noopener\">ont fermement condamn\u00e9 l\u2019ex\u00e9cution d\u2019au moins 67 personnes<\/a> au cours de la seule semaine \u00e9coul\u00e9e, d\u00e9clarant : \u00ab Ces ex\u00e9cutions sont men\u00e9es sans proc\u00e8s \u00e9quitable, sans acc\u00e8s effectif \u00e0 une d\u00e9fense juridique ind\u00e9pendante et dans un silence m\u00e9diatique quasi total. Ce processus d\u00e9montre l\u2019institutionnalisation de la peine de mort comme outil de r\u00e9pression politique et sociale. \u00bb<\/p>\n\n\n\n<p>La campagne <a href=\"https:\/\/wncri.org\/fr\/?s=non+mardi\" target=\"_blank\" rel=\"noreferrer noopener\">Non aux ex\u00e9cutions du mardi<\/a> a appel\u00e9 le peuple iranien, les consciences \u00e9veill\u00e9es dans le monde entier et les organisations internationales de d\u00e9fense des droits humains \u00e0 amplifier la voix des prisonniers menac\u00e9s d\u2019ex\u00e9cution, \u00e0 rendre publics leurs dossiers et \u00e0 en assurer le suivi, ainsi qu\u2019\u00e0 apporter un soutien concret et m\u00e9diatique \u00e0 leurs familles.<\/p>\n\n\n\n<p>L\u2019opposition \u00e0 la peine de mort est devenue de plus en plus une revendication centrale de la soci\u00e9t\u00e9 iranienne.<\/p>\n\n\n<div class=\"wp-block-image\">\n<figure class=\"aligncenter size-full\"><img decoding=\"async\" src=\"data:image\/gif;base64,R0lGODlhAQABAIAAAAAAAP\/\/\/yH5BAEAAAAALAAAAAABAAEAAAIBRAA7\" data-src=\"https:\/\/wncri.org\/fr\/wp-content\/uploads\/2025\/12\/No-to-Execution-Tuesdays-Campaign-1-min.jpg\" alt=\"99e semaine de la campagne \u00ab Non aux ex\u00e9cutions du mardi \u00bb dans 55 prisons en Iran\" class=\"wp-image-24721 lazyload\"\/><noscript><img decoding=\"async\" width=\"750\" height=\"375\" src=\"https:\/\/wncri.org\/fr\/wp-content\/uploads\/2025\/12\/No-to-Execution-Tuesdays-Campaign-1-min.jpg\" alt=\"99e semaine de la campagne \u00ab Non aux ex\u00e9cutions du mardi \u00bb dans 55 prisons en Iran\" class=\"wp-image-24721 lazyload\" srcset=\"https:\/\/wncri.org\/fr\/wp-content\/uploads\/2025\/12\/No-to-Execution-Tuesdays-Campaign-1-min.jpg 750w, https:\/\/wncri.org\/fr\/wp-content\/uploads\/2025\/12\/No-to-Execution-Tuesdays-Campaign-1-min-300x150.jpg 300w, https:\/\/wncri.org\/fr\/wp-content\/uploads\/2025\/12\/No-to-Execution-Tuesdays-Campaign-1-min-360x180.jpg 360w\" sizes=\"(max-width: 750px) 100vw, 750px\" \/><\/noscript><\/figure>\n<\/div>\n\n\n<p>Les familles de prisonniers politiques et des personnes ex\u00e9cut\u00e9es ces derni\u00e8res ann\u00e9es ont particip\u00e9 aux rassemblements, brandissant des photographies de leurs proches et scandant \u00ab Non aux ex\u00e9cutions \u00bb. Leur pr\u00e9sence d\u00e9passait le cadre du deuil personnel ou des cas individuels ; il s\u2019agissait d\u2019un effort conscient et d\u00e9termin\u00e9 pour mettre un terme au cycle continu de mort et de r\u00e9pression impos\u00e9 \u00e0 la soci\u00e9t\u00e9 iranienne.<\/p>\n\n\n<div class=\"wp-block-image\">\n<figure class=\"aligncenter size-full\"><img decoding=\"async\" src=\"data:image\/gif;base64,R0lGODlhAQABAIAAAAAAAP\/\/\/yH5BAEAAAAALAAAAAABAAEAAAIBRAA7\" data-src=\"https:\/\/wncri.org\/fr\/wp-content\/uploads\/2025\/12\/No-to-Execution-Tuesdays-Campaign-2-min.jpg\" alt=\"99e semaine de la campagne \u00ab Non aux ex\u00e9cutions du mardi \u00bb dans 55 prisons en Iran\" class=\"wp-image-24722 lazyload\"\/><noscript><img decoding=\"async\" width=\"750\" height=\"375\" src=\"https:\/\/wncri.org\/fr\/wp-content\/uploads\/2025\/12\/No-to-Execution-Tuesdays-Campaign-2-min.jpg\" alt=\"99e semaine de la campagne \u00ab Non aux ex\u00e9cutions du mardi \u00bb dans 55 prisons en Iran\" class=\"wp-image-24722 lazyload\" srcset=\"https:\/\/wncri.org\/fr\/wp-content\/uploads\/2025\/12\/No-to-Execution-Tuesdays-Campaign-2-min.jpg 750w, https:\/\/wncri.org\/fr\/wp-content\/uploads\/2025\/12\/No-to-Execution-Tuesdays-Campaign-2-min-300x150.jpg 300w, https:\/\/wncri.org\/fr\/wp-content\/uploads\/2025\/12\/No-to-Execution-Tuesdays-Campaign-2-min-360x180.jpg 360w\" sizes=\"(max-width: 750px) 100vw, 750px\" \/><\/noscript><\/figure>\n<\/div>\n\n\n<p>Le m\u00eame mardi, des manifestations et des actions de solidarit\u00e9 sous la banni\u00e8re \u00ab Non aux ex\u00e9cutions \u00bb ont eu lieu dans des dizaines de villes du pays, notamment \u00e0 Yazd, Neychabour, Nahavand, Malayer, Mahchahr, Gorgan, Gachsaran, Karaj, Kachan, Qouchan, Qeshm, Fuman, Fasa, Someh Sara, Sanandadj, Ramsar, T\u00e9h\u00e9ran, Arak, Langaroud, Lahijan, Chahroud, Siahkal, Rasht, Chalous, Jahrom, Bouchehr, Ispahan, Kermanchah et Sonqor.<\/p>\n\n\n<div class=\"wp-block-image\">\n<figure class=\"aligncenter size-full\"><img decoding=\"async\" src=\"data:image\/gif;base64,R0lGODlhAQABAIAAAAAAAP\/\/\/yH5BAEAAAAALAAAAAABAAEAAAIBRAA7\" data-src=\"https:\/\/wncri.org\/fr\/wp-content\/uploads\/2025\/12\/No-to-Execution-Tuesdays-Campaign-3-min.jpg\" alt=\"99e semaine de la campagne \u00ab Non aux ex\u00e9cutions du mardi \u00bb dans 55 prisons en Iran\" class=\"wp-image-24723 lazyload\"\/><noscript><img decoding=\"async\" width=\"750\" height=\"375\" src=\"https:\/\/wncri.org\/fr\/wp-content\/uploads\/2025\/12\/No-to-Execution-Tuesdays-Campaign-3-min.jpg\" alt=\"99e semaine de la campagne \u00ab Non aux ex\u00e9cutions du mardi \u00bb dans 55 prisons en Iran\" class=\"wp-image-24723 lazyload\" srcset=\"https:\/\/wncri.org\/fr\/wp-content\/uploads\/2025\/12\/No-to-Execution-Tuesdays-Campaign-3-min.jpg 750w, https:\/\/wncri.org\/fr\/wp-content\/uploads\/2025\/12\/No-to-Execution-Tuesdays-Campaign-3-min-300x150.jpg 300w, https:\/\/wncri.org\/fr\/wp-content\/uploads\/2025\/12\/No-to-Execution-Tuesdays-Campaign-3-min-360x180.jpg 360w\" sizes=\"(max-width: 750px) 100vw, 750px\" \/><\/noscript><\/figure>\n<\/div>\n\n\n<p>Cette large extension g\u00e9ographique souligne l\u2019ampleur de l\u2019indignation publique face au recours croissant \u00e0 la peine capitale. Les \u00e9tudiants et les jeunes ont jou\u00e9 un r\u00f4le particuli\u00e8rement actif dans l\u2019organisation et la poursuite de ces mobilisations dans de nombreuses villes.<\/p>\n","protected":false},"excerpt":{"rendered":"<p>Le mardi 16 d\u00e9cembre 2025, la 99e semaine cons\u00e9cutive de la campagne Non aux ex\u00e9cutions du mardi a \u00e9t\u00e9 marqu\u00e9e par des gr\u00e8ves de la faim men\u00e9es par des prisonniers dans 55 prisons \u00e0 travers l\u2019Iran. Cette action coordonn\u00e9e depuis l\u2019int\u00e9rieur des prisons du pays repr\u00e9sente une position collective en d\u00e9fense du droit \u00e0 la [&hellip;]<\/p>\n","protected":false},"author":4,"featured_media":24724,"comment_status":"closed","ping_status":"closed","sticky":false,"template":"","format":"standard","meta":{"jnews-multi-image_gallery":[],"jnews_single_post":{"format":"standard"},"jnews_primary_category":[],"jnews_social_meta":[],"jnews_override_counter":[],"footnotes":""},"categories":[3],"tags":[369],"class_list":["post-24720","post","type-post","status-publish","format-standard","has-post-thumbnail","hentry","category-infos-des-femmes","tag-manifestations"],"_links":{"self":[{"href":"https:\/\/wncri.org\/fr\/wp-json\/wp\/v2\/posts\/24720","targetHints":{"allow":["GET"]}}],"collection":[{"href":"https:\/\/wncri.org\/fr\/wp-json\/wp\/v2\/posts"}],"about":[{"href":"https:\/\/wncri.org\/fr\/wp-json\/wp\/v2\/types\/post"}],"author":[{"embeddable":true,"href":"https:\/\/wncri.org\/fr\/wp-json\/wp\/v2\/users\/4"}],"replies":[{"embeddable":true,"href":"https:\/\/wncri.org\/fr\/wp-json\/wp\/v2\/comments?post=24720"}],"version-history":[{"count":1,"href":"https:\/\/wncri.org\/fr\/wp-json\/wp\/v2\/posts\/24720\/revisions"}],"predecessor-version":[{"id":24725,"href":"https:\/\/wncri.org\/fr\/wp-json\/wp\/v2\/posts\/24720\/revisions\/24725"}],"wp:featuredmedia":[{"embeddable":true,"href":"https:\/\/wncri.org\/fr\/wp-json\/wp\/v2\/media\/24724"}],"wp:attachment":[{"href":"https:\/\/wncri.org\/fr\/wp-json\/wp\/v2\/media?parent=24720"}],"wp:term":[{"taxonomy":"category","embeddable":true,"href":"https:\/\/wncri.org\/fr\/wp-json\/wp\/v2\/categories?post=24720"},{"taxonomy":"post_tag","embeddable":true,"href":"https:\/\/wncri.org\/fr\/wp-json\/wp\/v2\/tags?post=24720"}],"curies":[{"name":"wp","href":"https:\/\/api.w.org\/{rel}","templated":true}]}}