{"id":24718,"date":"2025-12-16T18:12:21","date_gmt":"2025-12-16T17:12:21","guid":{"rendered":"https:\/\/wncri.org\/fr\/?p=24718"},"modified":"2025-12-16T18:12:23","modified_gmt":"2025-12-16T17:12:23","slug":"crise-humanitaire-a-la-prison-devin","status":"publish","type":"post","link":"https:\/\/wncri.org\/fr\/2025\/12\/16\/crise-humanitaire-a-la-prison-devin\/","title":{"rendered":"Crise humanitaire \u00e0 la prison d\u2019Evin : des prisonni\u00e8res politiques en danger"},"content":{"rendered":"\n<h4 class=\"wp-block-heading\">Selon de nouvelles informations et des t\u00e9moignages provenant de l\u2019int\u00e9rieur de l\u2019Iran, au moins 60 prisonni\u00e8res politiques sont d\u00e9tenues dans des conditions extr\u00eamement inhumaines dans un quartier souterrain de la prison d\u2019Evin, \u00e0 T\u00e9h\u00e9ran.<\/h4>\n\n\n\n<p>Les d\u00e9tenues ont \u00e9t\u00e9 transf\u00e9r\u00e9es dans un <a href=\"http:\/\/meta%20:%20Les%20prisonni\u00e8res%20politiques%20dans%20la%20prison%20d\u2019Evin%20sont%20d\u00e9tenues%20dans%20des%20conditions%20inhumaines,%20mettant%20gravement%20en%20danger%20leur%20sant\u00e9%20et%20leur%20vie.\" target=\"_blank\" rel=\"noreferrer noopener\">sous-sol humide<\/a> situ\u00e9 \u00e0 environ 40 marches sous le niveau du sol, o\u00f9 les conditions sont d\u00e9crites comme catastrophiques et constituent une menace grave pour leur sant\u00e9 physique et mentale.<\/p>\n\n\n\n<h3 class=\"wp-block-heading\"><strong>D\u00e9tention souterraine dans des conditions insalubres<\/strong><\/h3>\n\n\n\n<p>Les prisonni\u00e8res politiques sont actuellement confin\u00e9es dans un espace souterrain gravement insalubre, mal ventil\u00e9, et priv\u00e9es des normes les plus \u00e9l\u00e9mentaires en mati\u00e8re de salubrit\u00e9, de bien-\u00eatre et d\u2019hygi\u00e8ne personnelle. Les d\u00e9tenues rapportent que les couloirs comme les cellules sont fortement contamin\u00e9s. Une infestation persistante et dangereuse de rats et d\u2019autres nuisibles a \u00e9t\u00e9 signal\u00e9e, certaines estimations faisant \u00e9tat de la pr\u00e9sence de jusqu\u2019\u00e0 100 rats dans le quartier.<\/p>\n\n\n\n<p>Malgr\u00e9 des avertissements r\u00e9p\u00e9t\u00e9s, les autorit\u00e9s p\u00e9nitentiaires n\u2019ont mis en \u0153uvre aucune mesure de <a href=\"https:\/\/fr.wikipedia.org\/wiki\/Lutte_contre_les_ravageurs\" target=\"_blank\" rel=\"noreferrer noopener\">d\u00e9ratisation<\/a>, de d\u00e9sinfection ou de nettoyage. Cette n\u00e9gligence accro\u00eet consid\u00e9rablement le risque d\u2019\u00e9pid\u00e9mies de maladies infectieuses et de cons\u00e9quences sanitaires graves pour les d\u00e9tenues.<\/p>\n\n\n\n<h3 class=\"wp-block-heading\"><strong>Confinement prolong\u00e9 et risques pour la sant\u00e9<\/strong><\/h3>\n\n\n\n<p>Selon les informations recueillies, les portes du quartier sont fr\u00e9quemment maintenues ferm\u00e9es pendant de longues p\u00e9riodes, laissant les prisonni\u00e8res enferm\u00e9es durant de nombreuses heures sans acc\u00e8s suffisant \u00e0 l\u2019air frais. De telles conditions sont particuli\u00e8rement dangereuses pour les <a href=\"https:\/\/wncri.org\/fr\/2025\/12\/01\/la-sante-de-fatemeh-ziaii-se-deteriore\/\" target=\"_blank\" rel=\"noreferrer noopener\">prisonni\u00e8res \u00e2g\u00e9es et celles souffrant de maladies chroniques<\/a>, augmentant le risque de d\u00e9t\u00e9rioration physique, de d\u00e9tresse psychologique et d\u2019aggravation de pathologies existantes.<\/p>\n\n\n\n<h3 class=\"wp-block-heading\"><strong>Privation syst\u00e9matique de soins m\u00e9dicaux<\/strong><\/h3>\n\n\n\n<p>Les prisonni\u00e8res politiques du quartier des femmes de la prison d\u2019Evin sont \u00e9galement <a href=\"https:\/\/wncri.org\/fr\/2025\/12\/12\/maryam-gorji-en-danger-de-mort-a-la-prison\/\" target=\"_blank\" rel=\"noreferrer noopener\">priv\u00e9es de services m\u00e9dicaux, m\u00eame \u00e9l\u00e9mentaires<\/a>. L\u2019acc\u00e8s \u00e0 des m\u00e9decins sp\u00e9cialistes, aux m\u00e9dicaments essentiels et aux transferts vers des h\u00f4pitaux ext\u00e9rieurs \u00e0 la prison a \u00e9t\u00e9 s\u00e9v\u00e8rement restreint. Dans de nombreux cas document\u00e9s, les demandes de soins m\u00e9dicaux formul\u00e9es par les d\u00e9tenues ont \u00e9t\u00e9 totalement ignor\u00e9es.<\/p>\n\n\n\n<p>Ce sch\u00e9ma de n\u00e9gligence m\u00e9dicale expose les prisonni\u00e8res \u00e2g\u00e9es et malades \u00e0 un danger imm\u00e9diat, car elles n\u00e9cessitent une surveillance continue, des traitements sp\u00e9cialis\u00e9s et des soins de soutien totalement absents dans les conditions actuelles.<\/p>\n\n\n\n<h3 class=\"wp-block-heading\"><strong>Alertes ignor\u00e9es et inaction officielle<\/strong><\/h3>\n\n\n\n<p>Les appels et avertissements r\u00e9p\u00e9t\u00e9s lanc\u00e9s par les prisonni\u00e8res politiques et leurs familles n\u2019ont jusqu\u2019\u00e0 pr\u00e9sent re\u00e7u aucune r\u00e9ponse de la part des autorit\u00e9s p\u00e9nitentiaires. Le refus persistant de rem\u00e9dier \u00e0 ces conditions refl\u00e8te un sch\u00e9ma plus large d\u2019indiff\u00e9rence officielle \u00e0 l\u2019\u00e9gard de la sant\u00e9 et de la s\u00e9curit\u00e9 des d\u00e9tenues politiques.<\/p>\n\n\n\n<h3 class=\"wp-block-heading\"><strong>Transfert depuis la prison de Qarchak et aggravation des abus<\/strong><\/h3>\n\n\n\n<p>Aux premi\u00e8res heures du 9 octobre 2025, des dizaines de prisonni\u00e8res politiques ont \u00e9t\u00e9 transf\u00e9r\u00e9es de la <a href=\"https:\/\/wncri.org\/fr\/2025\/01\/10\/conditions-desastreuses-prison-de-qarchak\/\" target=\"_blank\" rel=\"noreferrer noopener\">prison de Qarchak<\/a> \u00e0 la prison d\u2019Evin. Ce transfert avait \u00e9t\u00e9 initialement pr\u00e9sent\u00e9 aux familles comme une mesure visant \u00e0 am\u00e9liorer les conditions de d\u00e9tention. En r\u00e9alit\u00e9, il a conduit \u00e0 un traitement nettement plus s\u00e9v\u00e8re, \u00e0 une intensification des pressions et \u00e0 une d\u00e9gradation des conditions de vie des prisonni\u00e8res.<\/p>\n\n\n\n<h3 class=\"wp-block-heading\"><strong>Violations des normes internationales des droits humains et appel \u00e0 l\u2019action<\/strong><\/h3>\n\n\n\n<p>La d\u00e9tention de prisonni\u00e8res politiques dans des installations souterraines insalubres et surpeupl\u00e9es, combin\u00e9e \u00e0 la privation syst\u00e9matique de soins m\u00e9dicaux, d\u2019hygi\u00e8ne et d\u2019acc\u00e8s \u00e0 l\u2019air frais, constitue une violation manifeste du droit international des droits humains. Ces pratiques contreviennent aux R\u00e8gles minima des Nations unies pour le traitement des d\u00e9tenus, dites R\u00e8gles Nelson Mandela, et peuvent s\u2019apparenter \u00e0 des traitements cruels, inhumains ou d\u00e9gradants.<\/p>\n\n\n\n<p>La Commission des Femmes du CNRI appelle \u00e0 une surveillance ind\u00e9pendante et imm\u00e9diate des conditions de d\u00e9tention par les m\u00e9canismes internationaux de d\u00e9fense des droits humains, ainsi qu\u2019\u00e0 la mise en cause des responsables de ces violations.<\/p>\n\n\n\n<p>La situation des prisonni\u00e8res politiques \u00e0 la prison d\u2019Evin exige une attention et une intervention urgentes afin d\u2019\u00e9viter des dommages irr\u00e9versibles et des pertes potentielles de vies humaines.<\/p>\n","protected":false},"excerpt":{"rendered":"<p>Selon de nouvelles informations et des t\u00e9moignages provenant de l\u2019int\u00e9rieur de l\u2019Iran, au moins 60 prisonni\u00e8res politiques sont d\u00e9tenues dans des conditions extr\u00eamement inhumaines dans un quartier souterrain de la prison d\u2019Evin, \u00e0 T\u00e9h\u00e9ran. Les d\u00e9tenues ont \u00e9t\u00e9 transf\u00e9r\u00e9es dans un sous-sol humide situ\u00e9 \u00e0 environ 40 marches sous le niveau du sol, o\u00f9 les [&hellip;]<\/p>\n","protected":false},"author":4,"featured_media":24135,"comment_status":"closed","ping_status":"closed","sticky":false,"template":"","format":"standard","meta":{"jnews-multi-image_gallery":[],"jnews_single_post":{"format":"standard"},"jnews_primary_category":[],"jnews_social_meta":[],"jnews_override_counter":[],"footnotes":""},"categories":[3],"tags":[370],"class_list":["post-24718","post","type-post","status-publish","format-standard","has-post-thumbnail","hentry","category-infos-des-femmes","tag-prisonnieres"],"_links":{"self":[{"href":"https:\/\/wncri.org\/fr\/wp-json\/wp\/v2\/posts\/24718","targetHints":{"allow":["GET"]}}],"collection":[{"href":"https:\/\/wncri.org\/fr\/wp-json\/wp\/v2\/posts"}],"about":[{"href":"https:\/\/wncri.org\/fr\/wp-json\/wp\/v2\/types\/post"}],"author":[{"embeddable":true,"href":"https:\/\/wncri.org\/fr\/wp-json\/wp\/v2\/users\/4"}],"replies":[{"embeddable":true,"href":"https:\/\/wncri.org\/fr\/wp-json\/wp\/v2\/comments?post=24718"}],"version-history":[{"count":1,"href":"https:\/\/wncri.org\/fr\/wp-json\/wp\/v2\/posts\/24718\/revisions"}],"predecessor-version":[{"id":24719,"href":"https:\/\/wncri.org\/fr\/wp-json\/wp\/v2\/posts\/24718\/revisions\/24719"}],"wp:featuredmedia":[{"embeddable":true,"href":"https:\/\/wncri.org\/fr\/wp-json\/wp\/v2\/media\/24135"}],"wp:attachment":[{"href":"https:\/\/wncri.org\/fr\/wp-json\/wp\/v2\/media?parent=24718"}],"wp:term":[{"taxonomy":"category","embeddable":true,"href":"https:\/\/wncri.org\/fr\/wp-json\/wp\/v2\/categories?post=24718"},{"taxonomy":"post_tag","embeddable":true,"href":"https:\/\/wncri.org\/fr\/wp-json\/wp\/v2\/tags?post=24718"}],"curies":[{"name":"wp","href":"https:\/\/api.w.org\/{rel}","templated":true}]}}