{"id":2469,"date":"2017-08-10T19:27:56","date_gmt":"2017-08-10T19:27:56","guid":{"rendered":"https:\/\/wncri.org\/frdev\/2017\/08\/10\/iran-l-imam-du-vendredi-de-teheran-veut-sevir-contre-les-femmes-en-voiture\/"},"modified":"2017-08-10T19:27:56","modified_gmt":"2017-08-10T19:27:56","slug":"iran-l-imam-du-vendredi-de-teheran-veut-sevir-contre-les-femmes-en-voiture","status":"publish","type":"post","link":"https:\/\/wncri.org\/fr\/2017\/08\/10\/iran-l-imam-du-vendredi-de-teheran-veut-sevir-contre-les-femmes-en-voiture\/","title":{"rendered":"Iran: L\u2019imam du vendredi de T\u00e9h\u00e9ran veut s\u00e9vir contre les femmes en voiture"},"content":{"rendered":"<p>CNRI Femmes \u2013 L\u2019imam du vendredi de T\u00e9h\u00e9ran en Iran, Sedighi, a soulign\u00e9 la n\u00e9cessit\u00e9 de s\u00e9vir contre les femmes qui ne respectent pas le code vestimentaire obligatoire en voiture.<\/p>\n<p>  <!--more-->  <\/p>\n<p>\u00ab\u00a0La question du hijab est une obligation. Si quelqu&#8217;un commet un d\u00e9lit dans sa voiture, ce sera (consid\u00e9r\u00e9 comme) un flagrant d\u00e9lit. Dans ce cas, non seulement la coupable doit \u00eatre trait\u00e9e en fonction de la d\u00e9cision de la charia, mais elle doit \u00e9galement \u00eatre trait\u00e9e conform\u00e9ment \u00e0 la loi adopt\u00e9e par le parlement. \u00bb<\/p>\n<p>(Agence ISNA, 8 ao\u00fbt 2017 )<\/p>\n","protected":false},"excerpt":{"rendered":"<p>CNRI Femmes \u2013 L\u2019imam du vendredi de T\u00e9h\u00e9ran en Iran, Sedighi, a soulign\u00e9 la n\u00e9cessit\u00e9 de s\u00e9vir contre les femmes qui ne respectent pas le code vestimentaire obligatoire en voiture.<\/p>\n","protected":false},"author":1,"featured_media":5087,"comment_status":"open","ping_status":"open","sticky":false,"template":"","format":"standard","meta":{"jnews-multi-image_gallery":[],"jnews_single_post":[],"jnews_primary_category":[],"jnews_social_meta":[],"jnews_override_counter":[],"footnotes":""},"categories":[3],"tags":[],"class_list":["post-2469","post","type-post","status-publish","format-standard","has-post-thumbnail","hentry","category-infos-des-femmes"],"_links":{"self":[{"href":"https:\/\/wncri.org\/fr\/wp-json\/wp\/v2\/posts\/2469","targetHints":{"allow":["GET"]}}],"collection":[{"href":"https:\/\/wncri.org\/fr\/wp-json\/wp\/v2\/posts"}],"about":[{"href":"https:\/\/wncri.org\/fr\/wp-json\/wp\/v2\/types\/post"}],"author":[{"embeddable":true,"href":"https:\/\/wncri.org\/fr\/wp-json\/wp\/v2\/users\/1"}],"replies":[{"embeddable":true,"href":"https:\/\/wncri.org\/fr\/wp-json\/wp\/v2\/comments?post=2469"}],"version-history":[{"count":0,"href":"https:\/\/wncri.org\/fr\/wp-json\/wp\/v2\/posts\/2469\/revisions"}],"wp:featuredmedia":[{"embeddable":true,"href":"https:\/\/wncri.org\/fr\/wp-json\/wp\/v2\/media\/5087"}],"wp:attachment":[{"href":"https:\/\/wncri.org\/fr\/wp-json\/wp\/v2\/media?parent=2469"}],"wp:term":[{"taxonomy":"category","embeddable":true,"href":"https:\/\/wncri.org\/fr\/wp-json\/wp\/v2\/categories?post=2469"},{"taxonomy":"post_tag","embeddable":true,"href":"https:\/\/wncri.org\/fr\/wp-json\/wp\/v2\/tags?post=2469"}],"curies":[{"name":"wp","href":"https:\/\/api.w.org\/{rel}","templated":true}]}}