{"id":24680,"date":"2025-12-10T21:27:10","date_gmt":"2025-12-10T20:27:10","guid":{"rendered":"https:\/\/wncri.org\/fr\/?p=24680"},"modified":"2025-12-10T21:27:11","modified_gmt":"2025-12-10T20:27:11","slug":"elnaz-azizi-executee-prison-de-vakilabad","status":"publish","type":"post","link":"https:\/\/wncri.org\/fr\/2025\/12\/10\/elnaz-azizi-executee-prison-de-vakilabad\/","title":{"rendered":"Elnaz Azizi ex\u00e9cut\u00e9e \u00e0 la prison de Vakilabad \u00e0 Machhad, Journ\u00e9e des droits humains"},"content":{"rendered":"\n<h4 class=\"wp-block-heading\">\u00c0 l\u2019aube du mercredi 10 d\u00e9cembre, Elnaz Azizi, prisonni\u00e8re condamn\u00e9e \u00e0 mort pour meurtre, a \u00e9t\u00e9 ex\u00e9cut\u00e9e \u00e0 la prison de Vakilabad \u00e0 <a href=\"https:\/\/fr.wikipedia.org\/wiki\/Machhad\" target=\"_blank\" rel=\"noreferrer noopener\">Machhad<\/a>.<\/h4>\n\n\n\n<p>L\u2019ex\u00e9cution a eu lieu alors qu\u2019aucune autorit\u00e9 judiciaire ni aucun responsable de la prison n\u2019avait, \u00e0 ce jour, publi\u00e9 d\u2019annonce officielle concernant le dossier ou l\u2019application de la sentence.<\/p>\n\n\n\n<p>Avec l\u2019ex\u00e9cution d\u2019Elnaz Azizi \u00e0 la prison de Vakilabad \u00e0 Machhad, le nombre de femmes ex\u00e9cut\u00e9es en Iran depuis le d\u00e9but de 2025 atteint 58, \u00e9tablissant un record in\u00e9dit dans l\u2019ex\u00e9cution de femmes dans le pays.<\/p>\n\n\n\n<h3 class=\"wp-block-heading\"><strong>Iran : premier bourreau mondial de femmes ex\u00e9cut\u00e9es<\/strong><\/h3>\n\n\n\n<p>Selon les&nbsp;<a href=\"https:\/\/wncri.org\/fr\/2023\/09\/07\/executions-de-femmes\/\" target=\"_blank\" rel=\"noreferrer noopener\">donn\u00e9es compil\u00e9es<\/a>&nbsp;par la Commission des Femmes du Conseil National de la R\u00e9sistance iranienne (CNRI), au moins 321 femmes ont \u00e9t\u00e9 ex\u00e9cut\u00e9es en Iran depuis 2007.<\/p>\n\n\n\n<p>Jusqu\u2019\u00e0 pr\u00e9sent en 2025, le r\u00e9gime cl\u00e9rical a ex\u00e9cut\u00e9 <a href=\"https:\/\/wncri.org\/fr\/2025\/12\/08\/executions-de-femmes-en-iran-3\/\" target=\"_blank\" rel=\"noreferrer noopener\">au moins 70 % de femmes en plus<\/a> que durant toute l\u2019ann\u00e9e 2024, et l\u2019ann\u00e9e n\u2019est pas encore termin\u00e9e.<\/p>\n\n\n\n<figure class=\"wp-block-image size-full\"><img decoding=\"async\" src=\"data:image\/gif;base64,R0lGODlhAQABAIAAAAAAAP\/\/\/yH5BAEAAAAALAAAAAABAAEAAAIBRAA7\" data-src=\"https:\/\/wncri.org\/fr\/wp-content\/uploads\/2025\/12\/NCRI-Women-Growing-Trend-of-Executions-of-Women-in-Iran_FR-min.jpg\" alt=\"Les ex\u00e9cutions de femmes en Iran : une augmentation de 70 % en un an\" class=\"wp-image-24660 lazyload\"\/><noscript><img decoding=\"async\" width=\"750\" height=\"500\" src=\"https:\/\/wncri.org\/fr\/wp-content\/uploads\/2025\/12\/NCRI-Women-Growing-Trend-of-Executions-of-Women-in-Iran_FR-min.jpg\" alt=\"Les ex\u00e9cutions de femmes en Iran : une augmentation de 70 % en un an\" class=\"wp-image-24660 lazyload\" srcset=\"https:\/\/wncri.org\/fr\/wp-content\/uploads\/2025\/12\/NCRI-Women-Growing-Trend-of-Executions-of-Women-in-Iran_FR-min.jpg 750w, https:\/\/wncri.org\/fr\/wp-content\/uploads\/2025\/12\/NCRI-Women-Growing-Trend-of-Executions-of-Women-in-Iran_FR-min-300x200.jpg 300w\" sizes=\"(max-width: 750px) 100vw, 750px\" \/><\/noscript><\/figure>\n\n\n\n<p>Depuis l\u2019arriv\u00e9e au pouvoir de Massoud Pezeshkian, le r\u00e9gime cl\u00e9rical a ex\u00e9cut\u00e9 plus de 2 600 prisonniers.<\/p>\n\n\n\n<p>Le silence et l\u2019inaction face aux meurtriers du peuple iranien nourrissent le terrorisme, la r\u00e9pression et la guerre. Le r\u00e9gime des ex\u00e9cutions et de la terreur doit \u00eatre rejet\u00e9 et condamn\u00e9 par la communaut\u00e9 internationale, et son dossier de violations des droits humains doit \u00eatre soumis au Conseil de s\u00e9curit\u00e9 des Nations unies.<\/p>\n","protected":false},"excerpt":{"rendered":"<p>\u00c0 l\u2019aube du mercredi 10 d\u00e9cembre, Elnaz Azizi, prisonni\u00e8re condamn\u00e9e \u00e0 mort pour meurtre, a \u00e9t\u00e9 ex\u00e9cut\u00e9e \u00e0 la prison de Vakilabad \u00e0 Machhad. L\u2019ex\u00e9cution a eu lieu alors qu\u2019aucune autorit\u00e9 judiciaire ni aucun responsable de la prison n\u2019avait, \u00e0 ce jour, publi\u00e9 d\u2019annonce officielle concernant le dossier ou l\u2019application de la sentence. Avec l\u2019ex\u00e9cution [&hellip;]<\/p>\n","protected":false},"author":4,"featured_media":24677,"comment_status":"closed","ping_status":"closed","sticky":false,"template":"","format":"standard","meta":{"jnews-multi-image_gallery":[],"jnews_single_post":{"format":"standard"},"jnews_primary_category":[],"jnews_social_meta":[],"jnews_override_counter":[],"footnotes":""},"categories":[3],"tags":[367],"class_list":["post-24680","post","type-post","status-publish","format-standard","has-post-thumbnail","hentry","category-infos-des-femmes","tag-execution"],"_links":{"self":[{"href":"https:\/\/wncri.org\/fr\/wp-json\/wp\/v2\/posts\/24680","targetHints":{"allow":["GET"]}}],"collection":[{"href":"https:\/\/wncri.org\/fr\/wp-json\/wp\/v2\/posts"}],"about":[{"href":"https:\/\/wncri.org\/fr\/wp-json\/wp\/v2\/types\/post"}],"author":[{"embeddable":true,"href":"https:\/\/wncri.org\/fr\/wp-json\/wp\/v2\/users\/4"}],"replies":[{"embeddable":true,"href":"https:\/\/wncri.org\/fr\/wp-json\/wp\/v2\/comments?post=24680"}],"version-history":[{"count":1,"href":"https:\/\/wncri.org\/fr\/wp-json\/wp\/v2\/posts\/24680\/revisions"}],"predecessor-version":[{"id":24681,"href":"https:\/\/wncri.org\/fr\/wp-json\/wp\/v2\/posts\/24680\/revisions\/24681"}],"wp:featuredmedia":[{"embeddable":true,"href":"https:\/\/wncri.org\/fr\/wp-json\/wp\/v2\/media\/24677"}],"wp:attachment":[{"href":"https:\/\/wncri.org\/fr\/wp-json\/wp\/v2\/media?parent=24680"}],"wp:term":[{"taxonomy":"category","embeddable":true,"href":"https:\/\/wncri.org\/fr\/wp-json\/wp\/v2\/categories?post=24680"},{"taxonomy":"post_tag","embeddable":true,"href":"https:\/\/wncri.org\/fr\/wp-json\/wp\/v2\/tags?post=24680"}],"curies":[{"name":"wp","href":"https:\/\/api.w.org\/{rel}","templated":true}]}}