{"id":24669,"date":"2025-12-10T20:51:05","date_gmt":"2025-12-10T19:51:05","guid":{"rendered":"https:\/\/wncri.org\/fr\/?p=24669"},"modified":"2025-12-10T20:51:07","modified_gmt":"2025-12-10T19:51:07","slug":"non-aux-executions-du-mardi-greve-de-l","status":"publish","type":"post","link":"https:\/\/wncri.org\/fr\/2025\/12\/10\/non-aux-executions-du-mardi-greve-de-l\/","title":{"rendered":"Semaine 98 \u00ab Non aux ex\u00e9cutions du mardi \u00bb : les ex\u00e9cutions d\u00e9nonc\u00e9es comme un crime organis\u00e9"},"content":{"rendered":"\n<h4 class=\"wp-block-heading\">La semaine 98 de la campagne \u00ab <a href=\"https:\/\/wncri.org\/fr\/2025\/12\/02\/non-aux-executions-du-mardi-3\/\" target=\"_blank\" rel=\"noreferrer noopener\">Non aux ex\u00e9cutions du mardi<\/a> \u00bb a vu une vaste gr\u00e8ve de la faim men\u00e9e par des prisonniers dans 55 prisons \u00e0 travers l\u2019Iran.<\/h4>\n\n\n\n<p>Dans leur d\u00e9claration hebdomadaire, les gr\u00e9vistes de la faim participants ont honor\u00e9 la m\u00e9moire de Khosrow Alikordi, un avocat sp\u00e9cialiste des droits humains d\u00e9c\u00e9d\u00e9 dans des circonstances suspectes la semaine derni\u00e8re. La d\u00e9claration ajoutait : \u00ab Aujourd\u2019hui, la question des ex\u00e9cutions en Iran n\u2019est pas une forme de punition, mais un crime organis\u00e9 et une violation syst\u00e9matique du droit \u00e0 la vie. \u00bb<\/p>\n\n\n<div class=\"wp-block-image\">\n<figure class=\"aligncenter size-full\"><img decoding=\"async\" src=\"data:image\/gif;base64,R0lGODlhAQABAIAAAAAAAP\/\/\/yH5BAEAAAAALAAAAAABAAEAAAIBRAA7\" data-src=\"https:\/\/wncri.org\/fr\/wp-content\/uploads\/2025\/12\/NCRI-Women-Families-of-Political-Prisoners-98WK-1-min.jpg\" alt=\"Semaine 98 \u00ab Non aux ex\u00e9cutions du mardi \u00bb : les ex\u00e9cutions d\u00e9nonc\u00e9es comme un crime organis\u00e9\" class=\"wp-image-24671 lazyload\"\/><noscript><img decoding=\"async\" width=\"750\" height=\"375\" src=\"https:\/\/wncri.org\/fr\/wp-content\/uploads\/2025\/12\/NCRI-Women-Families-of-Political-Prisoners-98WK-1-min.jpg\" alt=\"Semaine 98 \u00ab Non aux ex\u00e9cutions du mardi \u00bb : les ex\u00e9cutions d\u00e9nonc\u00e9es comme un crime organis\u00e9\" class=\"wp-image-24671 lazyload\" srcset=\"https:\/\/wncri.org\/fr\/wp-content\/uploads\/2025\/12\/NCRI-Women-Families-of-Political-Prisoners-98WK-1-min.jpg 750w, https:\/\/wncri.org\/fr\/wp-content\/uploads\/2025\/12\/NCRI-Women-Families-of-Political-Prisoners-98WK-1-min-300x150.jpg 300w, https:\/\/wncri.org\/fr\/wp-content\/uploads\/2025\/12\/NCRI-Women-Families-of-Political-Prisoners-98WK-1-min-360x180.jpg 360w\" sizes=\"(max-width: 750px) 100vw, 750px\" \/><\/noscript><\/figure>\n<\/div>\n\n\n<h3 class=\"wp-block-heading\"><strong>Familles de prisonniers politiques condamn\u00e9s \u00e0 mort : la protestation continue<\/strong><\/h3>\n\n\n\n<p>\u00ab Ces derniers jours, le prisonnier politique Karim Khojasteh, d\u00e9tenu \u00e0 la prison de Lakan \u00e0 Rasht, a \u00e9t\u00e9 officiellement inform\u00e9 de sa condamnation \u00e0 mort. Selon des informations publi\u00e9es, rien que cette semaine, 95 personnes, dont <a href=\"https:\/\/wncri.org\/fr\/2025\/12\/06\/rana-faraj-oghli-victime-de-mariage-force\/\" target=\"_blank\" rel=\"noreferrer noopener\">deux femmes<\/a>, ont \u00e9t\u00e9 ex\u00e9cut\u00e9es. En seulement 17 jours, du 22 novembre au 8 d\u00e9cembre, plus de 200 ex\u00e9cutions ont \u00e9t\u00e9 recens\u00e9es, ne servant qu\u2019un seul objectif : r\u00e9primer la soci\u00e9t\u00e9 et bloquer la voie aux soul\u00e8vements populaires et aux protestations. \u00bb<\/p>\n\n\n\n<p>Les familles des prisonniers politiques confront\u00e9s \u00e0 des sentences de mort, tenant les photographies de leurs proches, demeurent parmi les participants les plus visibles et les plus influents des rassemblements hebdomadaires.<\/p>\n\n\n\n<p>Avec des slogans tels que \u00ab Non aux ex\u00e9cutions \u00bb, \u00ab Ex\u00e9cution jamais, pour personne \u00bb et \u00ab Lib\u00e9rez nos enfants \u00bb, elles ont poursuivi leur protestation cette semaine et ont r\u00e9affirm\u00e9 le droit fondamental \u00e0 la vie, exigeant la fin du cycle de r\u00e9pression violente du gouvernement.<\/p>\n\n\n<div class=\"wp-block-image\">\n<figure class=\"aligncenter size-full\"><img decoding=\"async\" src=\"data:image\/gif;base64,R0lGODlhAQABAIAAAAAAAP\/\/\/yH5BAEAAAAALAAAAAABAAEAAAIBRAA7\" data-src=\"https:\/\/wncri.org\/fr\/wp-content\/uploads\/2025\/12\/NCRI-Women-Families-of-Political-Prisoners-98WK-2-min.jpg\" alt=\"Semaine 98 \u00ab Non aux ex\u00e9cutions du mardi \u00bb : les ex\u00e9cutions d\u00e9nonc\u00e9es comme un crime organis\u00e9\" class=\"wp-image-24672 lazyload\"\/><noscript><img decoding=\"async\" width=\"750\" height=\"375\" src=\"https:\/\/wncri.org\/fr\/wp-content\/uploads\/2025\/12\/NCRI-Women-Families-of-Political-Prisoners-98WK-2-min.jpg\" alt=\"Semaine 98 \u00ab Non aux ex\u00e9cutions du mardi \u00bb : les ex\u00e9cutions d\u00e9nonc\u00e9es comme un crime organis\u00e9\" class=\"wp-image-24672 lazyload\" srcset=\"https:\/\/wncri.org\/fr\/wp-content\/uploads\/2025\/12\/NCRI-Women-Families-of-Political-Prisoners-98WK-2-min.jpg 750w, https:\/\/wncri.org\/fr\/wp-content\/uploads\/2025\/12\/NCRI-Women-Families-of-Political-Prisoners-98WK-2-min-300x150.jpg 300w, https:\/\/wncri.org\/fr\/wp-content\/uploads\/2025\/12\/NCRI-Women-Families-of-Political-Prisoners-98WK-2-min-360x180.jpg 360w\" sizes=\"(max-width: 750px) 100vw, 750px\" \/><\/noscript><\/figure>\n<\/div>\n\n\n<h3 class=\"wp-block-heading\"><strong>Focus sur trois \u00e9tudiants menac\u00e9s d\u2019ex\u00e9cution<\/strong><\/h3>\n\n\n\n<p>Les actions de cette semaine ont co\u00efncid\u00e9 avec la Journ\u00e9e de l\u2019\u00c9tudiant (7 d\u00e9cembre) en Iran, donnant un nouvel \u00e9lan \u00e0 la campagne gr\u00e2ce aux communaut\u00e9s universitaires du pays. Des slogans de protestation tels que \u00ab L\u2019universit\u00e9 est le bastion de la libert\u00e9 \u00bb et \u00ab 7 d\u00e9cembre : l\u2019\u00e9tudiant se dresse contre la r\u00e9pression \u00bb ont domin\u00e9 les rassemblements dans de nombreuses villes.<\/p>\n\n\n\n<p>Les noms de trois \u00e9tudiants condamn\u00e9s \u00e0 mort ont \u00e9t\u00e9 plac\u00e9s au premier plan des revendications de cette semaine :<\/p>\n\n\n\n<p>\u2022 Ehsan Faridi, un \u00e9tudiant de 22 ans menac\u00e9 d\u2019ex\u00e9cution malgr\u00e9 de graves irr\u00e9gularit\u00e9s judiciaires dans son dossier<\/p>\n\n\n\n<p>\u2022 Vahid Bani-Amerian et Pouya Ghobadi, deux dipl\u00f4m\u00e9s d\u2019universit\u00e9 dont les condamnations \u00e0 mort ont r\u00e9cemment \u00e9t\u00e9 confirm\u00e9es<\/p>\n\n\n\n<p>Ces actions de protestation ont \u00e9t\u00e9 men\u00e9es \u00e0 T\u00e9h\u00e9ran, <a href=\"https:\/\/fr.wikipedia.org\/wiki\/Estahban\" target=\"_blank\" rel=\"noreferrer noopener\">Estahbanat<\/a>, Tabriz, Kazeroun, Chirvan, Chahr-e Rey, Robat-Karim, Rasht, Dezfoul, Khach, Astara, Chiraz, Sanandaj, Semnan, Sari, Machhad, Lahijan, Karaj, Kashan et Neyshabour.<\/p>\n","protected":false},"excerpt":{"rendered":"<p>La semaine 98 de la campagne \u00ab Non aux ex\u00e9cutions du mardi \u00bb a vu une vaste gr\u00e8ve de la faim men\u00e9e par des prisonniers dans 55 prisons \u00e0 travers l\u2019Iran. Dans leur d\u00e9claration hebdomadaire, les gr\u00e9vistes de la faim participants ont honor\u00e9 la m\u00e9moire de Khosrow Alikordi, un avocat sp\u00e9cialiste des droits humains d\u00e9c\u00e9d\u00e9 [&hellip;]<\/p>\n","protected":false},"author":4,"featured_media":24673,"comment_status":"closed","ping_status":"closed","sticky":false,"template":"","format":"standard","meta":{"jnews-multi-image_gallery":[],"jnews_single_post":{"format":"standard"},"jnews_primary_category":[],"jnews_social_meta":[],"jnews_override_counter":[],"footnotes":""},"categories":[3],"tags":[369],"class_list":["post-24669","post","type-post","status-publish","format-standard","has-post-thumbnail","hentry","category-infos-des-femmes","tag-manifestations"],"_links":{"self":[{"href":"https:\/\/wncri.org\/fr\/wp-json\/wp\/v2\/posts\/24669","targetHints":{"allow":["GET"]}}],"collection":[{"href":"https:\/\/wncri.org\/fr\/wp-json\/wp\/v2\/posts"}],"about":[{"href":"https:\/\/wncri.org\/fr\/wp-json\/wp\/v2\/types\/post"}],"author":[{"embeddable":true,"href":"https:\/\/wncri.org\/fr\/wp-json\/wp\/v2\/users\/4"}],"replies":[{"embeddable":true,"href":"https:\/\/wncri.org\/fr\/wp-json\/wp\/v2\/comments?post=24669"}],"version-history":[{"count":1,"href":"https:\/\/wncri.org\/fr\/wp-json\/wp\/v2\/posts\/24669\/revisions"}],"predecessor-version":[{"id":24674,"href":"https:\/\/wncri.org\/fr\/wp-json\/wp\/v2\/posts\/24669\/revisions\/24674"}],"wp:featuredmedia":[{"embeddable":true,"href":"https:\/\/wncri.org\/fr\/wp-json\/wp\/v2\/media\/24673"}],"wp:attachment":[{"href":"https:\/\/wncri.org\/fr\/wp-json\/wp\/v2\/media?parent=24669"}],"wp:term":[{"taxonomy":"category","embeddable":true,"href":"https:\/\/wncri.org\/fr\/wp-json\/wp\/v2\/categories?post=24669"},{"taxonomy":"post_tag","embeddable":true,"href":"https:\/\/wncri.org\/fr\/wp-json\/wp\/v2\/tags?post=24669"}],"curies":[{"name":"wp","href":"https:\/\/api.w.org\/{rel}","templated":true}]}}