{"id":24666,"date":"2025-12-09T22:13:41","date_gmt":"2025-12-09T21:13:41","guid":{"rendered":"https:\/\/wncri.org\/fr\/?p=24666"},"modified":"2025-12-09T22:13:42","modified_gmt":"2025-12-09T21:13:42","slug":"forough-taghipour-la-journee-des-etudiants","status":"publish","type":"post","link":"https:\/\/wncri.org\/fr\/2025\/12\/09\/forough-taghipour-la-journee-des-etudiants\/","title":{"rendered":"Forough Taghipour : message pour la Journ\u00e9e des \u00c9tudiants depuis la prison d\u2019Evin"},"content":{"rendered":"\n<h4 class=\"wp-block-heading\">Forough Taghipour, <a href=\"https:\/\/wncri.org\/fr\/2025\/03\/08\/forough-taghipour-march-8\/\" target=\"_blank\" rel=\"noreferrer noopener\">prisonni\u00e8re politique<\/a> actuellement d\u00e9tenue \u00e0 <a href=\"https:\/\/wncri.org\/fr\/2025\/12\/06\/prison-evin-des-prisonnieres-politiques\/\" target=\"_blank\" rel=\"noreferrer noopener\">la prison d\u2019Evin<\/a> \u00e0 T\u00e9h\u00e9ran, a publi\u00e9 un message \u00e0 l\u2019occasion de la Journ\u00e9e des \u00c9tudiants, soulignant le r\u00f4le historique et actuel du mouvement \u00e9tudiant iranien dans la lutte pour la libert\u00e9 et la justice.<\/h4>\n\n\n\n<p>\u00ab Le 7 d\u00e9cembre 1953, tandis que les puissances coloniales, les forces r\u00e9actionnaires et leurs alli\u00e9s \u00e9ternels c\u00e9l\u00e9braient le renversement du gouvernement national et se pr\u00e9paraient \u00e0 accueillir le vice-pr\u00e9sident des \u00c9tats-Unis Richard Nixon en Iran, les \u00e9tudiants de l\u2019Universit\u00e9 de T\u00e9h\u00e9ran se sont soulev\u00e9s en protestation. \u00c0 la suite de l\u2019ordre direct du Shah d\u2019ouvrir le feu, trois jeunes \u00e9tudiants ont \u00e9t\u00e9 abattus \u00e0 la Facult\u00e9 de g\u00e9nie. Leur sang vers\u00e9 dans la salle de classe annon\u00e7ait au monde que l\u2019universit\u00e9 n\u2019est pas seulement un bastion du savoir, mais une forteresse de la r\u00e9sistance. \u00bb<\/p>\n\n\n\n<p>Selon Forough Taghipour, \u00ab les universit\u00e9s iraniennes restent un symbole de dignit\u00e9 pour la nation, fa\u00e7onn\u00e9es par les soul\u00e8vements de 2017-2018, 2019 et 2022, et les \u00e9tudiants ont continu\u00e9 de d\u00e9fendre l\u2019universit\u00e9 comme ligne de front dans la lutte pour une soci\u00e9t\u00e9 lib\u00e9r\u00e9e de l\u2019exploitation et de l\u2019oppression de classe \u00bb.<\/p>\n\n\n\n<p>Citant les paroles de Massoud Radjavi, elle rappelle que l\u2019universit\u00e9 \u00ab a cess\u00e9 d\u2019\u00eatre une simple universit\u00e9 au moment o\u00f9 ces trois \u00e9tudiants ont \u00e9t\u00e9 martyris\u00e9s ; elle est devenue un lieu sanctifi\u00e9, un autel de la libert\u00e9 \u00bb.<\/p>\n\n\n\n<p>Les \u00e9tudiants d\u2019aujourd\u2019hui maintiennent un lien profond avec les r\u00e9seaux de r\u00e9sistance et, suivant la voie trac\u00e9e par les trois \u00e9tudiants tu\u00e9s, Ghandchi, Bozorg-Nia et Shariat-Razavi, continuent de maintenir \u00ab la flamme de la r\u00e9sistance allum\u00e9e dans chaque ruelle \u00e0 travers l\u2019Iran \u00bb. Elle souligne que cette lutte se poursuivra \u00ab jusqu\u2019au renversement total de la tyrannie dans ce pays \u00bb, une responsabilit\u00e9 qu\u2019ils portent \u00ab comme un d\u00e9p\u00f4t sacr\u00e9, en en payant le prix quel qu\u2019il soit \u00bb.<\/p>\n\n\n<div class=\"wp-block-image\">\n<figure class=\"aligncenter size-full\"><img decoding=\"async\" src=\"data:image\/gif;base64,R0lGODlhAQABAIAAAAAAAP\/\/\/yH5BAEAAAAALAAAAAABAAEAAAIBRAA7\" data-src=\"https:\/\/wncri.org\/fr\/wp-content\/uploads\/2025\/03\/NCRI-Women-Forough-Taghipour.jpg\" alt=\"Le 8 mars \u00e0 la prison d'Evin - Un t\u00e9moignage de lutte et de r\u00e9sistance de Forough Taghipour\" class=\"wp-image-21994 lazyload\"\/><noscript><img decoding=\"async\" width=\"750\" height=\"375\" src=\"https:\/\/wncri.org\/fr\/wp-content\/uploads\/2025\/03\/NCRI-Women-Forough-Taghipour.jpg\" alt=\"Le 8 mars \u00e0 la prison d'Evin - Un t\u00e9moignage de lutte et de r\u00e9sistance de Forough Taghipour\" class=\"wp-image-21994 lazyload\" srcset=\"https:\/\/wncri.org\/fr\/wp-content\/uploads\/2025\/03\/NCRI-Women-Forough-Taghipour.jpg 750w, https:\/\/wncri.org\/fr\/wp-content\/uploads\/2025\/03\/NCRI-Women-Forough-Taghipour-300x150.jpg 300w, https:\/\/wncri.org\/fr\/wp-content\/uploads\/2025\/03\/NCRI-Women-Forough-Taghipour-360x180.jpg 360w\" sizes=\"(max-width: 750px) 100vw, 750px\" \/><\/noscript><figcaption class=\"wp-element-caption\">Forough Taghipour<\/figcaption><\/figure>\n<\/div>\n\n\n<h3 class=\"wp-block-heading\"><strong>Qui est Forough Taghipour ?<\/strong><\/h3>\n\n\n\n<p>Forough Taghipour, 31 ans, titulaire d\u2019une licence en comptabilit\u00e9, purge une peine de cinq ans \u00e0 la <a href=\"https:\/\/wncri.org\/fr\/2021\/12\/10\/les-conditions-des-femmes-prisons\/\" target=\"_blank\" rel=\"noreferrer noopener\">prison d\u2019Evin<\/a> depuis ao\u00fbt 2023. Elle avait initialement \u00e9t\u00e9 condamn\u00e9e \u00e0 15 ans pour baghy-e (r\u00e9bellion arm\u00e9e) et pour une pr\u00e9tendue appartenance \u00e0 l\u2019Organisation des Moudjahidine du peuple d\u2019Iran (<a href=\"https:\/\/english.mojahedin.org\/\" target=\"_blank\" rel=\"noreferrer noopener\">OMPI\/MEK<\/a>), mais sa peine a \u00e9t\u00e9 r\u00e9duite en appel.<\/p>\n\n\n\n<p>Elle avait d\u00e9j\u00e0 \u00e9t\u00e9 arr\u00eat\u00e9e en f\u00e9vrier 2020 pour \u00ab rassemblement et collusion \u00bb ainsi que pour \u00ab propagande contre l\u2019\u00c9tat \u00bb, recevant une peine de cinq ans qu\u2019elle a purg\u00e9e jusqu\u2019en f\u00e9vrier 2023. Quelques mois seulement apr\u00e8s sa lib\u00e9ration, elle a de nouveau \u00e9t\u00e9 arr\u00eat\u00e9e en ao\u00fbt 2023 et est actuellement d\u00e9tenue dans le quartier des femmes de la prison d\u2019Evin.<\/p>\n","protected":false},"excerpt":{"rendered":"<p>Forough Taghipour, prisonni\u00e8re politique actuellement d\u00e9tenue \u00e0 la prison d\u2019Evin \u00e0 T\u00e9h\u00e9ran, a publi\u00e9 un message \u00e0 l\u2019occasion de la Journ\u00e9e des \u00c9tudiants, soulignant le r\u00f4le historique et actuel du mouvement \u00e9tudiant iranien dans la lutte pour la libert\u00e9 et la justice. \u00ab Le 7 d\u00e9cembre 1953, tandis que les puissances coloniales, les forces r\u00e9actionnaires [&hellip;]<\/p>\n","protected":false},"author":4,"featured_media":24667,"comment_status":"closed","ping_status":"closed","sticky":false,"template":"","format":"standard","meta":{"jnews-multi-image_gallery":[],"jnews_single_post":{"format":"standard"},"jnews_primary_category":[],"jnews_social_meta":[],"jnews_override_counter":[],"footnotes":""},"categories":[3],"tags":[370],"class_list":["post-24666","post","type-post","status-publish","format-standard","has-post-thumbnail","hentry","category-infos-des-femmes","tag-prisonnieres"],"_links":{"self":[{"href":"https:\/\/wncri.org\/fr\/wp-json\/wp\/v2\/posts\/24666","targetHints":{"allow":["GET"]}}],"collection":[{"href":"https:\/\/wncri.org\/fr\/wp-json\/wp\/v2\/posts"}],"about":[{"href":"https:\/\/wncri.org\/fr\/wp-json\/wp\/v2\/types\/post"}],"author":[{"embeddable":true,"href":"https:\/\/wncri.org\/fr\/wp-json\/wp\/v2\/users\/4"}],"replies":[{"embeddable":true,"href":"https:\/\/wncri.org\/fr\/wp-json\/wp\/v2\/comments?post=24666"}],"version-history":[{"count":1,"href":"https:\/\/wncri.org\/fr\/wp-json\/wp\/v2\/posts\/24666\/revisions"}],"predecessor-version":[{"id":24668,"href":"https:\/\/wncri.org\/fr\/wp-json\/wp\/v2\/posts\/24666\/revisions\/24668"}],"wp:featuredmedia":[{"embeddable":true,"href":"https:\/\/wncri.org\/fr\/wp-json\/wp\/v2\/media\/24667"}],"wp:attachment":[{"href":"https:\/\/wncri.org\/fr\/wp-json\/wp\/v2\/media?parent=24666"}],"wp:term":[{"taxonomy":"category","embeddable":true,"href":"https:\/\/wncri.org\/fr\/wp-json\/wp\/v2\/categories?post=24666"},{"taxonomy":"post_tag","embeddable":true,"href":"https:\/\/wncri.org\/fr\/wp-json\/wp\/v2\/tags?post=24666"}],"curies":[{"name":"wp","href":"https:\/\/api.w.org\/{rel}","templated":true}]}}