{"id":24641,"date":"2025-12-06T23:11:17","date_gmt":"2025-12-06T22:11:17","guid":{"rendered":"https:\/\/wncri.org\/fr\/?p=24641"},"modified":"2025-12-06T23:14:00","modified_gmt":"2025-12-06T22:14:00","slug":"prison-evin-des-prisonnieres-politiques","status":"publish","type":"post","link":"https:\/\/wncri.org\/fr\/2025\/12\/06\/prison-evin-des-prisonnieres-politiques\/","title":{"rendered":"Prison d\u2019Evin : des prisonni\u00e8res politiques transf\u00e9r\u00e9es dans un sous-sol immonde"},"content":{"rendered":"\n<h4 class=\"wp-block-heading\">Les conditions de vie des prisonni\u00e8res politiques dans la <a href=\"https:\/\/wncri.org\/fr\/2021\/12\/10\/les-conditions-des-femmes-prisons\/\" target=\"_blank\" rel=\"noreferrer noopener\">prison d\u2019Evin<\/a> se sont d\u00e9t\u00e9rior\u00e9es apr\u00e8s leur transfert dans un sous-sol humide et contamin\u00e9, un lieu infest\u00e9 de rats, d\u2019insectes et d\u2019une pollution s\u00e9v\u00e8re, ce qui constitue une forme \u00e9vidente de torture.<\/h4>\n\n\n\n<p class=\"wp-block-paragraph\">La situation est particuli\u00e8rement alarmante pour les prisonni\u00e8res souffrant de graves probl\u00e8mes de sant\u00e9, notamment Fatemeh Ziaii et Shiva Esmaeili, dont l\u2019\u00e9tat a raviv\u00e9 les appels urgents \u00e0 une intervention internationale imm\u00e9diate.<\/p>\n\n\n\n<p class=\"wp-block-paragraph\">Le Secr\u00e9tariat du Conseil national de la R\u00e9sistance iranienne (CNRI) a lanc\u00e9 un appel urgent le 6 d\u00e9cembre 2025, demandant au Haut-Commissaire des Nations unies aux droits de l&#8217;homme, au Rapporteur sp\u00e9cial de l\u2019ONU sur l\u2019Iran et aux instances internationales de d\u00e9fense des droits humains d\u2019enqu\u00eater imm\u00e9diatement sur les conditions de la prison d\u2019Evin et d\u2019assurer la lib\u00e9ration des prisonni\u00e8res gravement malades.<\/p>\n\n\n\n<p class=\"wp-block-paragraph\">Apr\u00e8s la destruction de la prison d\u2019Evin en juin, les prisonni\u00e8res politiques avaient d\u2019abord \u00e9t\u00e9 transf\u00e9r\u00e9es \u00e0 la <a href=\"https:\/\/wncri.org\/fr\/2025\/01\/10\/conditions-desastreuses-prison-de-qarchak\/\" target=\"_blank\" rel=\"noreferrer noopener\">prison de Qarchak<\/a>, \u00e0 <a href=\"https:\/\/fr.wikipedia.org\/wiki\/Varamin\" target=\"_blank\" rel=\"noreferrer noopener\">Varamin<\/a>, une prison tristement c\u00e9l\u00e8bre pour ses conditions d\u00e9gradantes et non conformes aux normes minimales.<\/p>\n\n\n\n<p class=\"wp-block-paragraph\">Bien qu\u2019elles aient \u00e9t\u00e9 <a href=\"https:\/\/wncri.org\/fr\/2025\/10\/09\/prisonnieres-politiques-qarchak\/\" target=\"_blank\" rel=\"noreferrer noopener\">renvoy\u00e9es \u00e0 la prison d\u2019Evin le 9 octobre<\/a>, elles ont r\u00e9cemment \u00e9t\u00e9 plac\u00e9es dans un quartier en sous-sol situ\u00e9 \u00e0 pr\u00e8s de quarante marches sous le niveau du sol. Ce quartier est d\u00e9crit comme excessivement humide, insalubre et envahi par les rats, les insectes et d\u2019autres nuisibles, exposant les d\u00e9tenues \u00e0 des conditions assimilables \u00e0 de la torture.<\/p>\n\n\n<div class=\"wp-block-image\">\n<figure class=\"aligncenter size-full\"><img decoding=\"async\" width=\"750\" height=\"375\" data-src=\"https:\/\/wncri.org\/fr\/wp-content\/uploads\/2025\/08\/NCRI-Women-Houri-Ziaii-min.jpg\" src=\"data:image\/gif;base64,R0lGODlhAQABAIAAAAAAAP\/\/\/yH5BAEAAAAALAAAAAABAAEAAAIBRAA7\" alt=\"Proc\u00e8s de Fatemeh Ziaii : une vengeance politique contre une prisonni\u00e8re malade\" class=\"wp-image-23388 lazyload\"\/><noscript><img decoding=\"async\" width=\"750\" height=\"375\" src=\"https:\/\/wncri.org\/fr\/wp-content\/uploads\/2025\/08\/NCRI-Women-Houri-Ziaii-min.jpg\" alt=\"Proc\u00e8s de Fatemeh Ziaii : une vengeance politique contre une prisonni\u00e8re malade\" class=\"wp-image-23388\" srcset=\"https:\/\/wncri.org\/fr\/wp-content\/uploads\/2025\/08\/NCRI-Women-Houri-Ziaii-min.jpg 750w, https:\/\/wncri.org\/fr\/wp-content\/uploads\/2025\/08\/NCRI-Women-Houri-Ziaii-min-300x150.jpg 300w, https:\/\/wncri.org\/fr\/wp-content\/uploads\/2025\/08\/NCRI-Women-Houri-Ziaii-min-360x180.jpg 360w\" sizes=\"(max-width: 750px) 100vw, 750px\" \/><\/noscript><figcaption class=\"wp-element-caption\">Prisonni\u00e8re politique Fatemeh Ziaii, 68 ans, arr\u00eat\u00e9e pour la 7e fois<\/figcaption><\/figure>\n<\/div>\n\n\n<p class=\"wp-block-paragraph\">Parmi ces prisonni\u00e8res figure <a href=\"https:\/\/wncri.org\/fr\/2025\/12\/01\/la-sante-de-fatemeh-ziaii-se-deteriore\/\" target=\"_blank\" rel=\"noreferrer noopener\">Fatemeh Ziaii<\/a>, 68 ans, prisonni\u00e8re politique incarc\u00e9r\u00e9e pour la premi\u00e8re fois dans les ann\u00e9es 1980, qui a \u00e9t\u00e9 arr\u00eat\u00e9e \u00e0 sept reprises et a pass\u00e9 au total 13 ans en prison. Elle souffre d&#8217;une scl\u00e9rose en plaques (SEP) \u00e0 un stade avanc\u00e9, de tuberculose et d&#8217;une infection interne. <\/p>\n\n\n\n<p class=\"wp-block-paragraph\">Les pressions li\u00e9es \u00e0 l&#8217;emprisonnement et le manque d&#8217;acc\u00e8s \u00e0 des installations m\u00e9dicales lui ont caus\u00e9 un pr\u00e9judice irr\u00e9parable et mettent sa vie en danger. Le 19 janvier 2025, apr\u00e8s qu&#8217;un m\u00e9decin l\u00e9giste ait confirm\u00e9 qu&#8217;elle ne pouvait pas supporter les conditions de d\u00e9tention en raison de la gravit\u00e9 de sa maladie, elle a \u00e9t\u00e9 lib\u00e9r\u00e9e apr\u00e8s avoir pay\u00e9 300 millions de tomans pour le reste de sa peine. <\/p>\n\n\n\n<p class=\"wp-block-paragraph\">Cependant, elle a \u00e9t\u00e9 arr\u00eat\u00e9e \u00e0 nouveau en ao\u00fbt 2025 et, en octobre 2025, elle a \u00e9t\u00e9 traduite devant la 15e chambre du Tribunal de la r\u00e9volution islamique de T\u00e9h\u00e9ran, pr\u00e9sid\u00e9e par le juge bourreau Salavati, pour r\u00e9pondre \u00e0 de nouvelles accusations fabriqu\u00e9es de toutes pi\u00e8ces.<\/p>\n\n\n<div class=\"wp-block-image\">\n<figure class=\"aligncenter size-full\"><img decoding=\"async\" width=\"750\" height=\"375\" data-src=\"https:\/\/wncri.org\/fr\/wp-content\/uploads\/2025\/06\/NCRI-Women-Shiva-Esmaeli-min.jpg\" src=\"data:image\/gif;base64,R0lGODlhAQABAIAAAAAAAP\/\/\/yH5BAEAAAAALAAAAAABAAEAAAIBRAA7\" alt=\"Shiva Esmaeli rendue infirme \u00e0 Evin faute de soins\" class=\"wp-image-22840 lazyload\"\/><noscript><img decoding=\"async\" width=\"750\" height=\"375\" src=\"https:\/\/wncri.org\/fr\/wp-content\/uploads\/2025\/06\/NCRI-Women-Shiva-Esmaeli-min.jpg\" alt=\"Shiva Esmaeli rendue infirme \u00e0 Evin faute de soins\" class=\"wp-image-22840\" srcset=\"https:\/\/wncri.org\/fr\/wp-content\/uploads\/2025\/06\/NCRI-Women-Shiva-Esmaeli-min.jpg 750w, https:\/\/wncri.org\/fr\/wp-content\/uploads\/2025\/06\/NCRI-Women-Shiva-Esmaeli-min-300x150.jpg 300w, https:\/\/wncri.org\/fr\/wp-content\/uploads\/2025\/06\/NCRI-Women-Shiva-Esmaeli-min-360x180.jpg 360w\" sizes=\"(max-width: 750px) 100vw, 750px\" \/><\/noscript><\/figure>\n<\/div>\n\n\n<p class=\"wp-block-paragraph\"><a href=\"https:\/\/wncri.org\/fr\/2025\/10\/19\/shiva-esmaeli-victime-de-privation\/\" target=\"_blank\" rel=\"noreferrer noopener\">Shiva Esmaeili<\/a>, une autre prisonni\u00e8re politique purgeant une peine de 10 ans \u00e0 Evin, souffre de douleurs chroniques et s\u00e9v\u00e8res au bas du dos. Alors que son \u00e9tat physique continue de se d\u00e9t\u00e9riorer, les autorit\u00e9s p\u00e9nitentiaires lui refusent l&#8217;acc\u00e8s \u00e0 des soins m\u00e9dicaux sp\u00e9cialis\u00e9s.<\/p>\n\n\n\n<p class=\"wp-block-paragraph\">Dans sa d\u00e9claration, le Secr\u00e9tariat du CNRI a d\u00e9crit la situation dans la prison d\u2019Evin comme un exemple manifeste d\u2019abus syst\u00e9matique contre les prisonni\u00e8res politiques et a exhort\u00e9 la communaut\u00e9 internationale \u00e0 agir imm\u00e9diatement pour enqu\u00eater sur leur situation et obtenir la lib\u00e9ration des prisonni\u00e8res malades.<\/p>\n","protected":false},"excerpt":{"rendered":"<p>Les conditions de vie des prisonni\u00e8res politiques dans la prison d\u2019Evin se sont d\u00e9t\u00e9rior\u00e9es apr\u00e8s leur transfert dans un sous-sol humide et contamin\u00e9, un lieu infest\u00e9 de rats, d\u2019insectes et d\u2019une pollution s\u00e9v\u00e8re, ce qui constitue une forme \u00e9vidente de torture. La situation est particuli\u00e8rement alarmante pour les prisonni\u00e8res souffrant de graves probl\u00e8mes de sant\u00e9, [&hellip;]<\/p>\n","protected":false},"author":4,"featured_media":24135,"comment_status":"closed","ping_status":"closed","sticky":false,"template":"","format":"standard","meta":{"jnews-multi-image_gallery":[],"jnews_single_post":{"format":"standard"},"jnews_primary_category":[],"jnews_social_meta":[],"jnews_override_counter":[],"footnotes":""},"categories":[3],"tags":[370],"class_list":["post-24641","post","type-post","status-publish","format-standard","has-post-thumbnail","hentry","category-infos-des-femmes","tag-prisonnieres"],"_links":{"self":[{"href":"https:\/\/wncri.org\/fr\/wp-json\/wp\/v2\/posts\/24641","targetHints":{"allow":["GET"]}}],"collection":[{"href":"https:\/\/wncri.org\/fr\/wp-json\/wp\/v2\/posts"}],"about":[{"href":"https:\/\/wncri.org\/fr\/wp-json\/wp\/v2\/types\/post"}],"author":[{"embeddable":true,"href":"https:\/\/wncri.org\/fr\/wp-json\/wp\/v2\/users\/4"}],"replies":[{"embeddable":true,"href":"https:\/\/wncri.org\/fr\/wp-json\/wp\/v2\/comments?post=24641"}],"version-history":[{"count":2,"href":"https:\/\/wncri.org\/fr\/wp-json\/wp\/v2\/posts\/24641\/revisions"}],"predecessor-version":[{"id":24644,"href":"https:\/\/wncri.org\/fr\/wp-json\/wp\/v2\/posts\/24641\/revisions\/24644"}],"wp:featuredmedia":[{"embeddable":true,"href":"https:\/\/wncri.org\/fr\/wp-json\/wp\/v2\/media\/24135"}],"wp:attachment":[{"href":"https:\/\/wncri.org\/fr\/wp-json\/wp\/v2\/media?parent=24641"}],"wp:term":[{"taxonomy":"category","embeddable":true,"href":"https:\/\/wncri.org\/fr\/wp-json\/wp\/v2\/categories?post=24641"},{"taxonomy":"post_tag","embeddable":true,"href":"https:\/\/wncri.org\/fr\/wp-json\/wp\/v2\/tags?post=24641"}],"curies":[{"name":"wp","href":"https:\/\/api.w.org\/{rel}","templated":true}]}}