{"id":2458,"date":"2017-08-05T16:47:17","date_gmt":"2017-08-05T16:47:17","guid":{"rendered":"https:\/\/wncri.org\/frdev\/2017\/08\/05\/iran-nouvelles-accusations-contre-la-militante-emprisonnee-atena-daemi\/"},"modified":"2017-08-05T16:47:17","modified_gmt":"2017-08-05T16:47:17","slug":"iran-nouvelles-accusations-contre-la-militante-emprisonnee-atena-daemi","status":"publish","type":"post","link":"https:\/\/wncri.org\/fr\/2017\/08\/05\/iran-nouvelles-accusations-contre-la-militante-emprisonnee-atena-daemi\/","title":{"rendered":"Iran: Nouvelles accusations contre la militante emprisonn\u00e9e Atena Daemi"},"content":{"rendered":"<p>CNRI Femmes &#8211; Des accusations nouvelles ont \u00e9t\u00e9 port\u00e9es en Iran contre la militante des droits civils emprisonn\u00e9e Atena Daemi, en raison de sa gr\u00e8ve de la faim en avril.Ces accusations sont issues d\u2019une plainte d\u00e9pos\u00e9e par le chef de la prison d&#8217;Evine de T\u00e9h\u00e9ran et le chef \u00a0de l\u2019infirmerie pour \u00ab troubles \u00e0 l&#8217;ordre des prisonniers et outrages \u00e0 agents \u00bb.<\/p>\n<p>  <!--more-->  <\/p>\n<p>Le lundi 26 juillet, Atena Daemi a \u00e9t\u00e9 transf\u00e9r\u00e9e de la section des femmes \u00e0 la 4\u00e8me branche du parquet d&#8217;Evine pour y \u00eatre interrog\u00e9e par l\u2019agent Hassani.Pour sa d\u00e9fense, la courageuse Atena Daemi a demand\u00e9 \u00e0 l&#8217;interrogateur de convoquer son m\u00e9decin de confiance pour t\u00e9moigner de ses probl\u00e8mes de sant\u00e9 actuels et lorsqu\u2019elle menait une gr\u00e8ve de la faim. Elle avait arr\u00eat\u00e9 de s\u2019alimenter pour protester contre les peines d\u2019emprisonnement infond\u00e9es touchant ses deux s\u0153urs totalement innocentes. Une mesure de harc\u00e8lement pour briser la r\u00e9sistance de cette d\u00e9fenseure des droits des enfants. Sous la pression d\u2019une campagne dans les m\u00e9dias sociaux et \u00e0 travers le monde, les autorit\u00e9s avaient fini par plier et lib\u00e9rer ses s\u0153urs. Le r\u00e9gime n\u2019a pas pardonn\u00e9 \u00e0 Atena sa d\u00e9termination et sa r\u00e9sistance t\u00e9m\u00e9raire en prison.<\/p>\n<p><strong>\u00a0<\/strong><\/p>\n","protected":false},"excerpt":{"rendered":"<p>CNRI Femmes &#8211; Des accusations nouvelles ont \u00e9t\u00e9 port\u00e9es en Iran contre la militante des droits civils emprisonn\u00e9e Atena Daemi, en raison de sa gr\u00e8ve de la faim en avril.Ces accusations sont issues d\u2019une plainte d\u00e9pos\u00e9e par le chef de la prison d&#8217;Evine de T\u00e9h\u00e9ran et le chef \u00a0de l\u2019infirmerie pour \u00ab troubles \u00e0 l&#8217;ordre [&hellip;]<\/p>\n","protected":false},"author":1,"featured_media":5076,"comment_status":"open","ping_status":"open","sticky":false,"template":"","format":"standard","meta":{"jnews-multi-image_gallery":[],"jnews_single_post":[],"jnews_primary_category":[],"jnews_social_meta":[],"jnews_override_counter":[],"footnotes":""},"categories":[3],"tags":[],"class_list":["post-2458","post","type-post","status-publish","format-standard","has-post-thumbnail","hentry","category-infos-des-femmes"],"_links":{"self":[{"href":"https:\/\/wncri.org\/fr\/wp-json\/wp\/v2\/posts\/2458","targetHints":{"allow":["GET"]}}],"collection":[{"href":"https:\/\/wncri.org\/fr\/wp-json\/wp\/v2\/posts"}],"about":[{"href":"https:\/\/wncri.org\/fr\/wp-json\/wp\/v2\/types\/post"}],"author":[{"embeddable":true,"href":"https:\/\/wncri.org\/fr\/wp-json\/wp\/v2\/users\/1"}],"replies":[{"embeddable":true,"href":"https:\/\/wncri.org\/fr\/wp-json\/wp\/v2\/comments?post=2458"}],"version-history":[{"count":0,"href":"https:\/\/wncri.org\/fr\/wp-json\/wp\/v2\/posts\/2458\/revisions"}],"wp:featuredmedia":[{"embeddable":true,"href":"https:\/\/wncri.org\/fr\/wp-json\/wp\/v2\/media\/5076"}],"wp:attachment":[{"href":"https:\/\/wncri.org\/fr\/wp-json\/wp\/v2\/media?parent=2458"}],"wp:term":[{"taxonomy":"category","embeddable":true,"href":"https:\/\/wncri.org\/fr\/wp-json\/wp\/v2\/categories?post=2458"},{"taxonomy":"post_tag","embeddable":true,"href":"https:\/\/wncri.org\/fr\/wp-json\/wp\/v2\/tags?post=2458"}],"curies":[{"name":"wp","href":"https:\/\/api.w.org\/{rel}","templated":true}]}}