{"id":24570,"date":"2025-11-28T20:47:45","date_gmt":"2025-11-28T19:47:45","guid":{"rendered":"https:\/\/wncri.org\/fr\/?p=24570"},"modified":"2025-11-28T20:47:46","modified_gmt":"2025-11-28T19:47:46","slug":"la-sante-de-marzieh-farsi-se-degrade-en","status":"publish","type":"post","link":"https:\/\/wncri.org\/fr\/2025\/11\/28\/la-sante-de-marzieh-farsi-se-degrade-en\/","title":{"rendered":"La sant\u00e9 de Marzieh Farsi se d\u00e9grade en raison du refus de soins m\u00e9dicaux"},"content":{"rendered":"\n<h4 class=\"wp-block-heading\">L\u2019\u00e9tat de sant\u00e9 de la <a href=\"https:\/\/wncri.org\/fr\/2025\/11\/02\/letat-de-sante-de-marzieh-farsi\/\" target=\"_blank\" rel=\"noreferrer noopener\">prisonni\u00e8re politique<\/a> Marzieh Farsi, actuellement d\u00e9tenue \u00e0 la prison d\u2019Evin, s\u2019est alarmantement d\u00e9t\u00e9rior\u00e9 ces derni\u00e8res semaines.<\/h4>\n\n\n\n<p>Marzieh Farsi, qui lutte depuis des ann\u00e9es contre un cancer et de graves complications cardiaques, a vu ses sympt\u00f4mes s\u2019intensifier, migraines persistantes, vertiges s\u00e9v\u00e8res et faiblesse physique g\u00e9n\u00e9rale, depuis son transfert de la <a href=\"https:\/\/wncri.org\/fr\/2025\/01\/10\/conditions-desastreuses-prison-de-qarchak\/\" target=\"_blank\" rel=\"noreferrer noopener\">prison de Qarchak<\/a> \u00e0 Evin.<\/p>\n\n\n\n<p>Malgr\u00e9 les recommandations r\u00e9p\u00e9t\u00e9es de son m\u00e9decin quant \u00e0 l\u2019urgence de poursuivre les m\u00e9dicaments essentiels destin\u00e9s \u00e0 contr\u00f4ler la progression des cellules canc\u00e9reuses et \u00e0 stabiliser son \u00e9tat cardiaque, les autorit\u00e9s de la <a href=\"https:\/\/wncri.org\/fr\/2021\/12\/10\/les-conditions-des-femmes-prisons\/\" target=\"_blank\" rel=\"noreferrer noopener\">prison d\u2019Evin<\/a> bloquent l\u2019entr\u00e9e de ses traitements vitaux.<\/p>\n\n\n\n<p>Ces restrictions, justifi\u00e9es par des pr\u00e9textes administratifs et s\u00e9curitaires, mettent sa sant\u00e9 en danger grave et imm\u00e9diat.<\/p>\n\n\n\n<p>Le refus d\u00e9lib\u00e9r\u00e9 de soins m\u00e9dicaux aux prisonniers politiques est largement d\u00e9crit comme une forme manifeste de \u00ab torture blanche \u00bb, une m\u00e9thode qui inflige des souffrances psychologiques et physiques non par la violence directe, mais par une privation prolong\u00e9e, une n\u00e9gligence m\u00e9dicale et une exposition continue \u00e0 des conditions d\u00e9bilitantes.<\/p>\n\n\n\n<h3 class=\"wp-block-heading\"><strong>Contexte et dossier judiciaire de Marzieh Farsi<\/strong><\/h3>\n\n\n\n<p>N\u00e9e en 1965 et r\u00e9sidant \u00e0 T\u00e9h\u00e9ran, Marzieh Farsi est m\u00e8re de deux enfants. Elle a \u00e9t\u00e9 arr\u00eat\u00e9e le 21 ao\u00fbt 2023, peu avant l\u2019anniversaire des manifestations nationales de 2022 en Iran, et transf\u00e9r\u00e9e au <a href=\"https:\/\/wncri.org\/fr\/2023\/08\/22\/forough-taghipour-et-marzieh\/\" target=\"_blank\" rel=\"noreferrer noopener\">quartier 209 de la prison d\u2019Evin<\/a>. Le tribunal r\u00e9volutionnaire de T\u00e9h\u00e9ran l\u2019a condamn\u00e9e \u00e0 15 ans de prison pour \u00ab r\u00e9bellion arm\u00e9e \u00bb (Bagh-ye) et pour \u00ab liens avec <a href=\"https:\/\/english.mojahedin.org\/\" target=\"_blank\" rel=\"noreferrer noopener\">l\u2019Organisation des Moudjahidine du peuple d\u2019Iran (OMPI\/MEK)<\/a> \u00bb.<\/p>\n\n\n\n<p>Ce n\u2019est pas sa premi\u00e8re exp\u00e9rience carc\u00e9rale. Elle avait d\u00e9j\u00e0 \u00e9t\u00e9 arr\u00eat\u00e9e le 18 f\u00e9vrier 2020 \u00e0 <a href=\"https:\/\/fr.wikipedia.org\/wiki\/Ray_(T%C3%A9h%C3%A9ran)\" target=\"_blank\" rel=\"noreferrer noopener\">Chahr-e Rey<\/a>, soumise \u00e0 la torture et \u00e0 l\u2019interrogatoire, puis finalement condamn\u00e9e \u00e0 cinq ans de prison. Apr\u00e8s avoir purg\u00e9 trois ans, elle a \u00e9t\u00e9 lib\u00e9r\u00e9e le 22 f\u00e9vrier 2023, avant d\u2019\u00eatre de nouveau arr\u00eat\u00e9e six mois plus tard.<\/p>\n","protected":false},"excerpt":{"rendered":"<p>L\u2019\u00e9tat de sant\u00e9 de la prisonni\u00e8re politique Marzieh Farsi, actuellement d\u00e9tenue \u00e0 la prison d\u2019Evin, s\u2019est alarmantement d\u00e9t\u00e9rior\u00e9 ces derni\u00e8res semaines. Marzieh Farsi, qui lutte depuis des ann\u00e9es contre un cancer et de graves complications cardiaques, a vu ses sympt\u00f4mes s\u2019intensifier, migraines persistantes, vertiges s\u00e9v\u00e8res et faiblesse physique g\u00e9n\u00e9rale, depuis son transfert de la prison [&hellip;]<\/p>\n","protected":false},"author":4,"featured_media":24271,"comment_status":"closed","ping_status":"closed","sticky":false,"template":"","format":"standard","meta":{"jnews-multi-image_gallery":[],"jnews_single_post":{"format":"standard"},"jnews_primary_category":[],"jnews_social_meta":[],"jnews_override_counter":[],"footnotes":""},"categories":[3],"tags":[370],"class_list":["post-24570","post","type-post","status-publish","format-standard","has-post-thumbnail","hentry","category-infos-des-femmes","tag-prisonnieres"],"_links":{"self":[{"href":"https:\/\/wncri.org\/fr\/wp-json\/wp\/v2\/posts\/24570","targetHints":{"allow":["GET"]}}],"collection":[{"href":"https:\/\/wncri.org\/fr\/wp-json\/wp\/v2\/posts"}],"about":[{"href":"https:\/\/wncri.org\/fr\/wp-json\/wp\/v2\/types\/post"}],"author":[{"embeddable":true,"href":"https:\/\/wncri.org\/fr\/wp-json\/wp\/v2\/users\/4"}],"replies":[{"embeddable":true,"href":"https:\/\/wncri.org\/fr\/wp-json\/wp\/v2\/comments?post=24570"}],"version-history":[{"count":1,"href":"https:\/\/wncri.org\/fr\/wp-json\/wp\/v2\/posts\/24570\/revisions"}],"predecessor-version":[{"id":24571,"href":"https:\/\/wncri.org\/fr\/wp-json\/wp\/v2\/posts\/24570\/revisions\/24571"}],"wp:featuredmedia":[{"embeddable":true,"href":"https:\/\/wncri.org\/fr\/wp-json\/wp\/v2\/media\/24271"}],"wp:attachment":[{"href":"https:\/\/wncri.org\/fr\/wp-json\/wp\/v2\/media?parent=24570"}],"wp:term":[{"taxonomy":"category","embeddable":true,"href":"https:\/\/wncri.org\/fr\/wp-json\/wp\/v2\/categories?post=24570"},{"taxonomy":"post_tag","embeddable":true,"href":"https:\/\/wncri.org\/fr\/wp-json\/wp\/v2\/tags?post=24570"}],"curies":[{"name":"wp","href":"https:\/\/api.w.org\/{rel}","templated":true}]}}