{"id":24541,"date":"2025-11-26T11:27:35","date_gmt":"2025-11-26T10:27:35","guid":{"rendered":"https:\/\/wncri.org\/fr\/?p=24541"},"modified":"2025-11-26T22:49:37","modified_gmt":"2025-11-26T21:49:37","slug":"non-aux-execution-du-mardi-greve-de-l","status":"publish","type":"post","link":"https:\/\/wncri.org\/fr\/2025\/11\/26\/non-aux-execution-du-mardi-greve-de-l\/","title":{"rendered":"La 96e semaine de Non aux Ex\u00e9cution du Mardi s\u2019\u00e9tend \u00e0 55 prisons en Iran"},"content":{"rendered":"\n<h4 class=\"wp-block-heading\">La 96e semaine de la <a href=\"https:\/\/wncri.org\/fr\/2025\/11\/18\/non-aux-executions-du-mardi-semaine-95\/\" target=\"_blank\" rel=\"noreferrer noopener\">campagne<\/a> \u00ab Non aux Ex\u00e9cution du Mardi \u00bb s\u2019est poursuivie dans 55 prisons en Iran, sur fond de vague croissante d\u2019ex\u00e9cutions qui a pouss\u00e9 des groupes de prisonniers \u00e0 entamer des gr\u00e8ves de la faim en signe de protestation.<\/h4>\n\n\n\n<p>Cette semaine, les d\u00e9tenus de la prison de <a href=\"https:\/\/fr.wikipedia.org\/wiki\/Birdjand\" target=\"_blank\" rel=\"noreferrer noopener\">Birjand<\/a> ont \u00e9galement rejoint la campagne et, \u00e0 partir du mardi 25 novembre 2025, ont commenc\u00e9 \u00e0 participer \u00e0 la gr\u00e8ve de la faim de protestation.<\/p>\n\n\n\n<p>Dans sa d\u00e9claration de la semaine, la campagne a qualifi\u00e9 cette nouvelle flamb\u00e9e d\u2019ex\u00e9cutions d\u2019outil politique utilis\u00e9 pour consolider le pouvoir et instiller la peur. \u00ab Le syst\u00e8me au pouvoir, en intensifiant de mani\u00e8re spectaculaire l\u2019application des peines de mort en l\u2019absence de proc\u00e9dures judiciaires ind\u00e9pendantes et \u00e9quitables, utilise la peine capitale comme un m\u00e9canisme syst\u00e9matique pour r\u00e9primer la soci\u00e9t\u00e9 \u00bb, lit-on dans le communiqu\u00e9. Selon les signataires, cela constitue une violation flagrante des droits humains fondamentaux et un exemple manifeste de crime contre l\u2019humanit\u00e9.<\/p>\n\n\n<div class=\"wp-block-image\">\n<figure class=\"aligncenter size-full\"><img decoding=\"async\" src=\"data:image\/gif;base64,R0lGODlhAQABAIAAAAAAAP\/\/\/yH5BAEAAAAALAAAAAABAAEAAAIBRAA7\" data-src=\"https:\/\/wncri.org\/fr\/wp-content\/uploads\/2025\/11\/NCRI-Women-No-to-Execution-Tuesday-96-Families-min.jpg\" alt=\"La 96e semaine de Non aux Ex\u00e9cution du Mardi s\u2019\u00e9tend \u00e0 55 prisons en Iran\" class=\"wp-image-24542 lazyload\"\/><noscript><img decoding=\"async\" width=\"750\" height=\"375\" src=\"https:\/\/wncri.org\/fr\/wp-content\/uploads\/2025\/11\/NCRI-Women-No-to-Execution-Tuesday-96-Families-min.jpg\" alt=\"La 96e semaine de Non aux Ex\u00e9cution du Mardi s\u2019\u00e9tend \u00e0 55 prisons en Iran\" class=\"wp-image-24542 lazyload\" srcset=\"https:\/\/wncri.org\/fr\/wp-content\/uploads\/2025\/11\/NCRI-Women-No-to-Execution-Tuesday-96-Families-min.jpg 750w, https:\/\/wncri.org\/fr\/wp-content\/uploads\/2025\/11\/NCRI-Women-No-to-Execution-Tuesday-96-Families-min-300x150.jpg 300w, https:\/\/wncri.org\/fr\/wp-content\/uploads\/2025\/11\/NCRI-Women-No-to-Execution-Tuesday-96-Families-min-360x180.jpg 360w\" sizes=\"(max-width: 750px) 100vw, 750px\" \/><\/noscript><\/figure>\n<\/div>\n\n\n<h3 class=\"wp-block-heading\"><strong>Des familles endeuill\u00e9es en premi\u00e8re ligne de la protestation<\/strong><\/h3>\n\n\n\n<p>Au cours de la 96e semaine de la campagne \u00ab Non aux Ex\u00e9cution du Mardi \u00bb, les familles des prisonniers politiques condamn\u00e9s \u00e0 mort ont cherch\u00e9 \u00e0 amplifier la voix des d\u00e9tenus qui, derri\u00e8re les murs des prisons, sont priv\u00e9s de leur droit humain le plus \u00e9l\u00e9mentaire : le droit \u00e0 la vie.<\/p>\n\n\n\n<p>Leurs pancartes et leurs tracts portaient des slogans tels que \u00ab Soutenez Non aux Ex\u00e9cution du Mardi \u00bb, \u00ab Non \u00e0 l\u2019ex\u00e9cution de quiconque \u00bb et \u00ab Stop aux ex\u00e9cutions&nbsp;! \u00bb. En scandant \u00ab Non aux ex\u00e9cutions, stop aux tueries&nbsp;! \u00bb, les familles ont appel\u00e9 la soci\u00e9t\u00e9 \u00e0 s\u2019opposer aux condamnations \u00e0 mort.<\/p>\n\n\n\n<p>Leur pr\u00e9sence courageuse et constante, symbole de r\u00e9sistance, a une nouvelle fois soulign\u00e9 comment la campagne \u00ab Non aux Ex\u00e9cution du Mardi \u00bb est devenue un pont essentiel reliant la lutte des prisonniers au mouvement social plus large en dehors des prisons.<\/p>\n\n\n\n<h3 class=\"wp-block-heading\"><strong>Hausse alarmante des ex\u00e9cutions<\/strong><\/h3>\n\n\n\n<p>\u00c0 mesure que la campagne \u00ab Non aux Ex\u00e9cution du Mardi \u00bb se poursuit, les informations indiquent une forte hausse des ex\u00e9cutions men\u00e9es en 2025, d\u00e9passant les 1 750. Beaucoup de personnes ex\u00e9cut\u00e9es \u00e9taient des manifestants et des d\u00e9tenus politiques arr\u00eat\u00e9s pendant et apr\u00e8s le soul\u00e8vement national de 2022.<\/p>\n\n\n\n<p>Dans la plupart de ces affaires, les proc\u00e9dures judiciaires ont \u00e9t\u00e9 entach\u00e9es de violations massives des normes de proc\u00e8s \u00e9quitable, notamment des aveux forc\u00e9s sous la torture, des audiences de type mise en sc\u00e8ne, et le refus d\u2019acc\u00e8s \u00e0 un avocat ind\u00e9pendant.<\/p>\n","protected":false},"excerpt":{"rendered":"<p>La 96e semaine de la campagne \u00ab Non aux Ex\u00e9cution du Mardi \u00bb s\u2019est poursuivie dans 55 prisons en Iran, sur fond de vague croissante d\u2019ex\u00e9cutions qui a pouss\u00e9 des groupes de prisonniers \u00e0 entamer des gr\u00e8ves de la faim en signe de protestation. Cette semaine, les d\u00e9tenus de la prison de Birjand ont \u00e9galement [&hellip;]<\/p>\n","protected":false},"author":4,"featured_media":24543,"comment_status":"closed","ping_status":"closed","sticky":false,"template":"","format":"standard","meta":{"jnews-multi-image_gallery":[],"jnews_single_post":{"format":"standard"},"jnews_primary_category":[],"jnews_social_meta":[],"jnews_override_counter":[],"footnotes":""},"categories":[3],"tags":[370],"class_list":["post-24541","post","type-post","status-publish","format-standard","has-post-thumbnail","hentry","category-infos-des-femmes","tag-prisonnieres"],"_links":{"self":[{"href":"https:\/\/wncri.org\/fr\/wp-json\/wp\/v2\/posts\/24541","targetHints":{"allow":["GET"]}}],"collection":[{"href":"https:\/\/wncri.org\/fr\/wp-json\/wp\/v2\/posts"}],"about":[{"href":"https:\/\/wncri.org\/fr\/wp-json\/wp\/v2\/types\/post"}],"author":[{"embeddable":true,"href":"https:\/\/wncri.org\/fr\/wp-json\/wp\/v2\/users\/4"}],"replies":[{"embeddable":true,"href":"https:\/\/wncri.org\/fr\/wp-json\/wp\/v2\/comments?post=24541"}],"version-history":[{"count":1,"href":"https:\/\/wncri.org\/fr\/wp-json\/wp\/v2\/posts\/24541\/revisions"}],"predecessor-version":[{"id":24544,"href":"https:\/\/wncri.org\/fr\/wp-json\/wp\/v2\/posts\/24541\/revisions\/24544"}],"wp:featuredmedia":[{"embeddable":true,"href":"https:\/\/wncri.org\/fr\/wp-json\/wp\/v2\/media\/24543"}],"wp:attachment":[{"href":"https:\/\/wncri.org\/fr\/wp-json\/wp\/v2\/media?parent=24541"}],"wp:term":[{"taxonomy":"category","embeddable":true,"href":"https:\/\/wncri.org\/fr\/wp-json\/wp\/v2\/categories?post=24541"},{"taxonomy":"post_tag","embeddable":true,"href":"https:\/\/wncri.org\/fr\/wp-json\/wp\/v2\/tags?post=24541"}],"curies":[{"name":"wp","href":"https:\/\/api.w.org\/{rel}","templated":true}]}}