{"id":24470,"date":"2025-11-18T22:08:38","date_gmt":"2025-11-18T21:08:38","guid":{"rendered":"https:\/\/wncri.org\/fr\/?p=24470"},"modified":"2025-11-18T22:10:33","modified_gmt":"2025-11-18T21:10:33","slug":"non-aux-executions-du-mardi-semaine-95","status":"publish","type":"post","link":"https:\/\/wncri.org\/fr\/2025\/11\/18\/non-aux-executions-du-mardi-semaine-95\/","title":{"rendered":"Non aux ex\u00e9cutions du mardi : semaine 95 et la voix d\u00e9fiant la r\u00e9pression"},"content":{"rendered":"\n<h4 class=\"wp-block-heading\">La 95e semaine de la <a href=\"https:\/\/wncri.org\/fr\/2025\/11\/12\/94e-semaine-non-aux-executions-du-mardi\/\" target=\"_blank\" rel=\"noreferrer noopener\">campagne<\/a> \u00ab Non aux ex\u00e9cutions du mardi \u00bb a \u00e9t\u00e9 marqu\u00e9e dans 54 prisons iraniennes, alors que de nombreux prisonniers poursuivent leurs gr\u00e8ves de la faim.<\/h4>\n\n\n\n<p>Cette semaine, les organisateurs ont rendu hommage aux victimes des <a href=\"https:\/\/english.mojahedin.org\/article\/six-years-after-november-2019-regime-insiders-expose-a-system-on-the-brink-of-collapse\/\" target=\"_blank\" rel=\"noreferrer noopener\">manifestations de novembre 2019<\/a>, r\u00e9affirmant le lien profond entre cette campagne et la r\u00e9sistance populaire contre la r\u00e9pression d\u2019\u00c9tat. Leur d\u00e9claration souligne :<\/p>\n\n\n\n<p>\u00ab La m\u00e9moire des victimes de novembre, plus de 1 500 femmes, hommes et adolescents morts pour la libert\u00e9, reste notre lumi\u00e8re. Nous sommes d\u00e9termin\u00e9s \u00e0 poursuivre leur chemin jusqu\u2019\u00e0 ce que la machine des ex\u00e9cutions soit d\u00e9mantel\u00e9e et que libert\u00e9 et \u00e9galit\u00e9 soient atteintes. Tant que l\u2019injustice persiste, novembre demeure. \u00bb<\/p>\n\n\n<div class=\"wp-block-image\">\n<figure class=\"aligncenter size-full\"><img decoding=\"async\" src=\"data:image\/gif;base64,R0lGODlhAQABAIAAAAAAAP\/\/\/yH5BAEAAAAALAAAAAABAAEAAAIBRAA7\" data-src=\"https:\/\/wncri.org\/fr\/wp-content\/uploads\/2025\/11\/NCRI-Women-No-to-Execution-Tuesdays-95-1-min.jpg\" alt=\"Non aux ex\u00e9cutions du mardi : semaine 95 et la voix d\u00e9fiant la r\u00e9pression\" class=\"wp-image-24471 lazyload\"\/><noscript><img decoding=\"async\" width=\"750\" height=\"375\" src=\"https:\/\/wncri.org\/fr\/wp-content\/uploads\/2025\/11\/NCRI-Women-No-to-Execution-Tuesdays-95-1-min.jpg\" alt=\"Non aux ex\u00e9cutions du mardi : semaine 95 et la voix d\u00e9fiant la r\u00e9pression\" class=\"wp-image-24471 lazyload\" srcset=\"https:\/\/wncri.org\/fr\/wp-content\/uploads\/2025\/11\/NCRI-Women-No-to-Execution-Tuesdays-95-1-min.jpg 750w, https:\/\/wncri.org\/fr\/wp-content\/uploads\/2025\/11\/NCRI-Women-No-to-Execution-Tuesdays-95-1-min-300x150.jpg 300w, https:\/\/wncri.org\/fr\/wp-content\/uploads\/2025\/11\/NCRI-Women-No-to-Execution-Tuesdays-95-1-min-360x180.jpg 360w\" sizes=\"(max-width: 750px) 100vw, 750px\" \/><\/noscript><\/figure>\n<\/div>\n\n\n<h3 class=\"wp-block-heading\"><strong>Le r\u00f4le central des familles de prisonniers politiques menac\u00e9s d\u2019ex\u00e9cution<\/strong><\/h3>\n\n\n\n<p>Au c\u0153ur de cette campagne se tient la pr\u00e9sence ind\u00e9fectible des familles des prisonniers politiques condamn\u00e9s \u00e0 mort, devenue l\u2019une de ses dimensions les plus humaines et les plus puissantes. Ces familles, soumises depuis des ann\u00e9es aux pressions s\u00e9curitaires, aux menaces et aux privations, sont d\u00e9sormais en premi\u00e8re ligne.<\/p>\n\n\n\n<p>Portant les photos de leurs proches, elles ont transform\u00e9 le message \u00ab Non aux ex\u00e9cutions \u00bb en une revendication collective et durable.<\/p>\n\n\n<div class=\"wp-block-image\">\n<figure class=\"aligncenter size-full\"><img decoding=\"async\" src=\"data:image\/gif;base64,R0lGODlhAQABAIAAAAAAAP\/\/\/yH5BAEAAAAALAAAAAABAAEAAAIBRAA7\" data-src=\"https:\/\/wncri.org\/fr\/wp-content\/uploads\/2025\/11\/NCRI-Women-No-to-Execution-Tuesdays-95-2-min.jpg\" alt=\"Non aux ex\u00e9cutions du mardi : semaine 95 et la voix d\u00e9fiant la r\u00e9pression\" class=\"wp-image-24473 lazyload\"\/><noscript><img decoding=\"async\" width=\"750\" height=\"375\" src=\"https:\/\/wncri.org\/fr\/wp-content\/uploads\/2025\/11\/NCRI-Women-No-to-Execution-Tuesdays-95-2-min.jpg\" alt=\"Non aux ex\u00e9cutions du mardi : semaine 95 et la voix d\u00e9fiant la r\u00e9pression\" class=\"wp-image-24473 lazyload\" srcset=\"https:\/\/wncri.org\/fr\/wp-content\/uploads\/2025\/11\/NCRI-Women-No-to-Execution-Tuesdays-95-2-min.jpg 750w, https:\/\/wncri.org\/fr\/wp-content\/uploads\/2025\/11\/NCRI-Women-No-to-Execution-Tuesdays-95-2-min-300x150.jpg 300w, https:\/\/wncri.org\/fr\/wp-content\/uploads\/2025\/11\/NCRI-Women-No-to-Execution-Tuesdays-95-2-min-360x180.jpg 360w\" sizes=\"(max-width: 750px) 100vw, 750px\" \/><\/noscript><\/figure>\n<\/div>\n\n\n<h3 class=\"wp-block-heading\"><strong>Les m\u00e8res en qu\u00eate de justice : une voix amplifi\u00e9e<\/strong><\/h3>\n\n\n\n<p>Lors d\u2019un r\u00e9cent rassemblement, la m\u00e8re de Shahrokh Daneshvarkar, un prisonnier politique dans le couloir de la mort, a brandi la photo de son fils en criant : \u00ab Non aux ex\u00e9cutions, n\u2019ex\u00e9cutez pas nos enfants ! \u00bb<\/p>\n\n\n\n<p>Dans une autre sc\u00e8ne, des familles en qu\u00eate de justice tenaient des banderoles appelant le public :<\/p>\n\n\n\n<p>\u00ab Soutenez Non aux ex\u00e9cutions du mardi. Non aux ex\u00e9cutions pour personne, jamais. \u00bb<\/p>\n\n\n\n<p>Leurs images et leurs t\u00e9moignages font d\u00e9sormais partie de la m\u00e9moire collective de la soci\u00e9t\u00e9, symboles de courage, d\u2019endurance et de d\u00e9termination. Ces voix ont insuffl\u00e9 une nouvelle \u00e9nergie \u00e0 \u00ab Non aux ex\u00e9cutions du mardi \u00bb, en faisant de cette campagne le cri persistant des m\u00e8res et des victimes de la r\u00e9pression d\u2019\u00c9tat.<\/p>\n\n\n<div class=\"wp-block-image\">\n<figure class=\"aligncenter size-full\"><img decoding=\"async\" src=\"data:image\/gif;base64,R0lGODlhAQABAIAAAAAAAP\/\/\/yH5BAEAAAAALAAAAAABAAEAAAIBRAA7\" data-src=\"https:\/\/wncri.org\/fr\/wp-content\/uploads\/2025\/11\/NCRI-Women-No-to-Execution-Tuesdays-95-3-min.jpg\" alt=\"Non aux ex\u00e9cutions du mardi : semaine 95 et la voix d\u00e9fiant la r\u00e9pression\" class=\"wp-image-24472 lazyload\"\/><noscript><img decoding=\"async\" width=\"750\" height=\"375\" src=\"https:\/\/wncri.org\/fr\/wp-content\/uploads\/2025\/11\/NCRI-Women-No-to-Execution-Tuesdays-95-3-min.jpg\" alt=\"Non aux ex\u00e9cutions du mardi : semaine 95 et la voix d\u00e9fiant la r\u00e9pression\" class=\"wp-image-24472 lazyload\" srcset=\"https:\/\/wncri.org\/fr\/wp-content\/uploads\/2025\/11\/NCRI-Women-No-to-Execution-Tuesdays-95-3-min.jpg 750w, https:\/\/wncri.org\/fr\/wp-content\/uploads\/2025\/11\/NCRI-Women-No-to-Execution-Tuesdays-95-3-min-300x150.jpg 300w, https:\/\/wncri.org\/fr\/wp-content\/uploads\/2025\/11\/NCRI-Women-No-to-Execution-Tuesdays-95-3-min-360x180.jpg 360w\" sizes=\"(max-width: 750px) 100vw, 750px\" \/><\/noscript><\/figure>\n<\/div>","protected":false},"excerpt":{"rendered":"<p>La 95e semaine de la campagne \u00ab Non aux ex\u00e9cutions du mardi \u00bb a \u00e9t\u00e9 marqu\u00e9e dans 54 prisons iraniennes, alors que de nombreux prisonniers poursuivent leurs gr\u00e8ves de la faim. Cette semaine, les organisateurs ont rendu hommage aux victimes des manifestations de novembre 2019, r\u00e9affirmant le lien profond entre cette campagne et la r\u00e9sistance [&hellip;]<\/p>\n","protected":false},"author":4,"featured_media":24474,"comment_status":"closed","ping_status":"closed","sticky":false,"template":"","format":"standard","meta":{"jnews-multi-image_gallery":[],"jnews_single_post":{"format":"standard"},"jnews_primary_category":[],"jnews_social_meta":[],"jnews_override_counter":[],"footnotes":""},"categories":[3],"tags":[370],"class_list":["post-24470","post","type-post","status-publish","format-standard","has-post-thumbnail","hentry","category-infos-des-femmes","tag-prisonnieres"],"_links":{"self":[{"href":"https:\/\/wncri.org\/fr\/wp-json\/wp\/v2\/posts\/24470","targetHints":{"allow":["GET"]}}],"collection":[{"href":"https:\/\/wncri.org\/fr\/wp-json\/wp\/v2\/posts"}],"about":[{"href":"https:\/\/wncri.org\/fr\/wp-json\/wp\/v2\/types\/post"}],"author":[{"embeddable":true,"href":"https:\/\/wncri.org\/fr\/wp-json\/wp\/v2\/users\/4"}],"replies":[{"embeddable":true,"href":"https:\/\/wncri.org\/fr\/wp-json\/wp\/v2\/comments?post=24470"}],"version-history":[{"count":1,"href":"https:\/\/wncri.org\/fr\/wp-json\/wp\/v2\/posts\/24470\/revisions"}],"predecessor-version":[{"id":24475,"href":"https:\/\/wncri.org\/fr\/wp-json\/wp\/v2\/posts\/24470\/revisions\/24475"}],"wp:featuredmedia":[{"embeddable":true,"href":"https:\/\/wncri.org\/fr\/wp-json\/wp\/v2\/media\/24474"}],"wp:attachment":[{"href":"https:\/\/wncri.org\/fr\/wp-json\/wp\/v2\/media?parent=24470"}],"wp:term":[{"taxonomy":"category","embeddable":true,"href":"https:\/\/wncri.org\/fr\/wp-json\/wp\/v2\/categories?post=24470"},{"taxonomy":"post_tag","embeddable":true,"href":"https:\/\/wncri.org\/fr\/wp-json\/wp\/v2\/tags?post=24470"}],"curies":[{"name":"wp","href":"https:\/\/api.w.org\/{rel}","templated":true}]}}