{"id":24413,"date":"2025-11-12T21:41:54","date_gmt":"2025-11-12T20:41:54","guid":{"rendered":"https:\/\/wncri.org\/fr\/?p=24413"},"modified":"2025-11-12T21:41:56","modified_gmt":"2025-11-12T20:41:56","slug":"infirmieres-a-machhad-systeme-de-sante","status":"publish","type":"post","link":"https:\/\/wncri.org\/fr\/2025\/11\/12\/infirmieres-a-machhad-systeme-de-sante\/","title":{"rendered":"Trois jours de protestations des infirmi\u00e8res \u00e0 Machhad pour d\u00e9fendre leurs droits"},"content":{"rendered":"\n<h4 class=\"wp-block-heading\"><strong>Trois jours de protestations des infirmi\u00e8res \u00e0 Machhad pour d\u00e9fendre leurs droits<\/strong> : Pendant trois jours cons\u00e9cutifs, du 10 au 12 novembre 2025, les infirmi\u00e8res de Machhad ont \u00e9lev\u00e9 la voix pour d\u00e9noncer les politiques d\u2019exploitation et d\u2019inhumanit\u00e9 du r\u00e9gime iranien. Une large majorit\u00e9 des participantes \u00e9taient des femmes.<\/h4>\n\n\n\n<p>Ces manifestations s\u2019inscrivent dans la continuit\u00e9 des gr\u00e8ves des infirmi\u00e8res \u00e0 Kermanchah, Zanjan, Yazd, Ispahan et plusieurs autres villes d\u2019Iran, qui se poursuivent depuis plusieurs mois.<\/p>\n\n\n\n<h3 class=\"wp-block-heading\"><strong>Des rassemblements dans plusieurs h\u00f4pitaux de Machhad<\/strong><\/h3>\n\n\n\n<p>Le mercredi 12 novembre, les infirmi\u00e8res se sont rassembl\u00e9es \u00e0 l\u2019h\u00f4pital pour enfants Akbar, exprimant leur col\u00e8re et leurs revendications. Elles ont scand\u00e9 :<\/p>\n\n\n\n<p>\u00ab Les infirmi\u00e8res se font \u00e9craser pendant que les responsables s\u2019enrichissent \u00bb,<\/p>\n\n\n\n<p>\u00ab Sans les infirmi\u00e8res, le syst\u00e8me s\u2019effondre \u00bb,<\/p>\n\n\n\n<p>\u00ab La tarification est notre droit, mais l\u2019argent est dans vos poches ! \u00bb<\/p>\n\n\n\n<p>\u00c0 travers ces slogans, elles ont <a href=\"https:\/\/x.com\/Maryam_Rajavi_F\/status\/1988603938656932318\" target=\"_blank\" rel=\"noreferrer noopener\">d\u00e9nonc\u00e9 les discriminations<\/a>, les primes impay\u00e9es et les fausses promesses du r\u00e9gime, affirmant que la situation n\u2019est plus tenable.<\/p>\n\n\n\n<p>Les lundi 10 et mardi 11 novembre, elles avaient d\u00e9j\u00e0 manifest\u00e9 devant les h\u00f4pitaux Qaem et Imam Reza, scandant :<\/p>\n\n\n\n<p>\u00ab Infirmi\u00e8res, r\u00e9clamez vos droits ! \u00bb<\/p>\n\n\n\n<p>\u00ab Les infirmi\u00e8res peuvent mourir, mais ne se soumettront pas \u00e0 l\u2019humiliation ! \u00bb<\/p>\n\n\n\n<p>Parall\u00e8lement, le 11 novembre 2025, les employ\u00e9s de l\u2019Organisation du Bien-\u00eatre social \u00e0 travers le pays ont \u00e9galement protest\u00e9 contre la discrimination et les bas salaires, des rassemblements o\u00f9 les femmes ont jou\u00e9 un r\u00f4le majeur.<\/p>\n\n\n<div class=\"wp-block-image\">\n<figure class=\"aligncenter size-full\"><img decoding=\"async\" src=\"data:image\/gif;base64,R0lGODlhAQABAIAAAAAAAP\/\/\/yH5BAEAAAAALAAAAAABAAEAAAIBRAA7\" data-src=\"https:\/\/wncri.org\/fr\/wp-content\/uploads\/2025\/11\/NCRI-Women-Welfare-Org-Employees-min.jpg\" alt=\"Trois jours de protestations des infirmi\u00e8res \u00e0 Machhad pour d\u00e9fendre leurs droits\" class=\"wp-image-24414 lazyload\"\/><noscript><img decoding=\"async\" width=\"750\" height=\"375\" src=\"https:\/\/wncri.org\/fr\/wp-content\/uploads\/2025\/11\/NCRI-Women-Welfare-Org-Employees-min.jpg\" alt=\"Trois jours de protestations des infirmi\u00e8res \u00e0 Machhad pour d\u00e9fendre leurs droits\" class=\"wp-image-24414 lazyload\" srcset=\"https:\/\/wncri.org\/fr\/wp-content\/uploads\/2025\/11\/NCRI-Women-Welfare-Org-Employees-min.jpg 750w, https:\/\/wncri.org\/fr\/wp-content\/uploads\/2025\/11\/NCRI-Women-Welfare-Org-Employees-min-300x150.jpg 300w, https:\/\/wncri.org\/fr\/wp-content\/uploads\/2025\/11\/NCRI-Women-Welfare-Org-Employees-min-360x180.jpg 360w\" sizes=\"(max-width: 750px) 100vw, 750px\" \/><\/noscript><figcaption class=\"wp-element-caption\">employ\u00e9s de l\u2019Organisation du Bien-\u00eatre social<\/figcaption><\/figure>\n<\/div>\n\n\n<h3 class=\"wp-block-heading\"><strong>Un syst\u00e8me de sant\u00e9 au bord de l\u2019effondrement<\/strong><\/h3>\n\n\n\n<p>M\u00eame les m\u00e9dias d\u2019\u00c9tat reconnaissent que le syst\u00e8me de sant\u00e9 iranien, et en <a href=\"https:\/\/wncri.org\/fr\/2025\/05\/12\/journee-internationale-des-infirmieres\/\" target=\"_blank\" rel=\"noreferrer noopener\">particulier le secteur infirmier<\/a>, est soumis \u00e0 une <a href=\"https:\/\/wncri.org\/fr\/2024\/08\/20\/personnel-de-sante-en-iran\/\" target=\"_blank\" rel=\"noreferrer noopener\">pression sans pr\u00e9c\u00e9dent<\/a>. Sans recrutement massif ni am\u00e9lioration des conditions de travail, la qualit\u00e9 des soins dans les h\u00f4pitaux publics et la sant\u00e9 publique du pays sont gravement menac\u00e9es.<\/p>\n\n\n\n<p>Le Dr Qassem Aboutalebi, pr\u00e9sident du Conseil sup\u00e9rieur des infirmiers, a reconnu :<\/p>\n\n\n\n<p>\u00ab Il manque actuellement 165 000 infirmiers \u00e0 l\u2019\u00e9chelle nationale. Le ratio en Iran est de 0,9 infirmi\u00e8re par lit d\u2019h\u00f4pital, contre trois selon la norme mondiale. \u00bb<\/p>\n\n\n\n<p>(Agence Fars \u2013 22 octobre 2025)<\/p>\n\n\n\n<p>\u00c0 l\u2019\u00e9chelle mondiale, la norme est de 3 \u00e0 5 lits pour 1 000 habitants, alors qu\u2019en Iran, elle n\u2019est que de 1,6. Cela signifie que le nombre d\u2019infirmi\u00e8res par habitant est six fois inf\u00e9rieur aux standards internationaux. Paradoxalement, entre 60 000 et 70 000 infirmi\u00e8res qualifi\u00e9es sont au ch\u00f4mage.<\/p>\n\n\n\n<p>(Eghtesad24 \u2013 11 novembre 2025)<\/p>\n\n\n\n<p>Cette p\u00e9nurie dramatique oblige chaque infirmi\u00e8re \u00e0 s\u2019occuper de 12 patients en moyenne, un facteur qui a directement conduit \u00e0 des d\u00e9c\u00e8s hospitaliers, selon la presse officielle.<\/p>\n\n\n\n<p>(Hamshahri Online \u2013 27 octobre 2025 ; Asr Iran \u2013 29 mars 2025)<\/p>\n\n\n\n<h3 class=\"wp-block-heading\"><strong>Salaires d\u00e9risoires, retards de paiement et exode massif<\/strong><\/h3>\n\n\n\n<p>Le <a href=\"https:\/\/wncri.org\/fr\/2025\/03\/14\/infirmier-en-iran\/\" target=\"_blank\" rel=\"noreferrer noopener\">salaire mensuel moyen<\/a> des infirmi\u00e8res s\u2019\u00e9l\u00e8ve \u00e0 20 millions de tomans, alors que le seuil de pauvret\u00e9 relative est estim\u00e9 \u00e0 plus de 35 millions.<\/p>\n\n\n\n<p>(Rokna \u2013 22 mars 2025)<\/p>\n\n\n\n<p>M\u00eame cette r\u00e9mun\u00e9ration insuffisante est souvent vers\u00e9e avec des mois de retard. Selon Basir Hachemi, pr\u00e9sident de l\u2019Universit\u00e9 des sciences m\u00e9dicales de Chiraz :<\/p>\n\n\n\n<p>\u00ab Dans la province de Fars, nous avons deux mois de retard, mais dans d\u2019autres r\u00e9gions, les arri\u00e9r\u00e9s atteignent sept \u00e0 huit mois. \u00bb<\/p>\n\n\n\n<p>(Agence Fars \u2013 22 octobre 2025)<\/p>\n\n\n\n<p>Sous cette pression croissante, plus de 3 000 <a href=\"https:\/\/wncri.org\/fr\/2022\/06\/02\/infirmieres\/\">infirmi\u00e8r<\/a><a href=\"https:\/\/wncri.org\/fr\/2022\/06\/02\/infirmieres\/\" target=\"_blank\" rel=\"noreferrer noopener\">e<\/a><a href=\"https:\/\/wncri.org\/fr\/2022\/06\/02\/infirmieres\/\">s quittent l\u2019Iran<\/a> chaque ann\u00e9e.<\/p>\n\n\n\n<p>(Asr Iran \u2013 29 mars 2025)<\/p>\n\n\n\n<p><\/p>\n","protected":false},"excerpt":{"rendered":"<p>Trois jours de protestations des infirmi\u00e8res \u00e0 Machhad pour d\u00e9fendre leurs droits : Pendant trois jours cons\u00e9cutifs, du 10 au 12 novembre 2025, les infirmi\u00e8res de Machhad ont \u00e9lev\u00e9 la voix pour d\u00e9noncer les politiques d\u2019exploitation et d\u2019inhumanit\u00e9 du r\u00e9gime iranien. Une large majorit\u00e9 des participantes \u00e9taient des femmes. Ces manifestations s\u2019inscrivent dans la continuit\u00e9 [&hellip;]<\/p>\n","protected":false},"author":4,"featured_media":24415,"comment_status":"closed","ping_status":"closed","sticky":false,"template":"","format":"standard","meta":{"jnews-multi-image_gallery":[],"jnews_single_post":{"format":"standard"},"jnews_primary_category":[],"jnews_social_meta":[],"jnews_override_counter":[],"footnotes":""},"categories":[3],"tags":[369],"class_list":["post-24413","post","type-post","status-publish","format-standard","has-post-thumbnail","hentry","category-infos-des-femmes","tag-manifestations"],"_links":{"self":[{"href":"https:\/\/wncri.org\/fr\/wp-json\/wp\/v2\/posts\/24413","targetHints":{"allow":["GET"]}}],"collection":[{"href":"https:\/\/wncri.org\/fr\/wp-json\/wp\/v2\/posts"}],"about":[{"href":"https:\/\/wncri.org\/fr\/wp-json\/wp\/v2\/types\/post"}],"author":[{"embeddable":true,"href":"https:\/\/wncri.org\/fr\/wp-json\/wp\/v2\/users\/4"}],"replies":[{"embeddable":true,"href":"https:\/\/wncri.org\/fr\/wp-json\/wp\/v2\/comments?post=24413"}],"version-history":[{"count":1,"href":"https:\/\/wncri.org\/fr\/wp-json\/wp\/v2\/posts\/24413\/revisions"}],"predecessor-version":[{"id":24416,"href":"https:\/\/wncri.org\/fr\/wp-json\/wp\/v2\/posts\/24413\/revisions\/24416"}],"wp:featuredmedia":[{"embeddable":true,"href":"https:\/\/wncri.org\/fr\/wp-json\/wp\/v2\/media\/24415"}],"wp:attachment":[{"href":"https:\/\/wncri.org\/fr\/wp-json\/wp\/v2\/media?parent=24413"}],"wp:term":[{"taxonomy":"category","embeddable":true,"href":"https:\/\/wncri.org\/fr\/wp-json\/wp\/v2\/categories?post=24413"},{"taxonomy":"post_tag","embeddable":true,"href":"https:\/\/wncri.org\/fr\/wp-json\/wp\/v2\/tags?post=24413"}],"curies":[{"name":"wp","href":"https:\/\/api.w.org\/{rel}","templated":true}]}}