{"id":24408,"date":"2025-11-12T21:36:04","date_gmt":"2025-11-12T20:36:04","guid":{"rendered":"https:\/\/wncri.org\/fr\/?p=24408"},"modified":"2025-11-12T21:36:05","modified_gmt":"2025-11-12T20:36:05","slug":"94e-semaine-non-aux-executions-du-mardi","status":"publish","type":"post","link":"https:\/\/wncri.org\/fr\/2025\/11\/12\/94e-semaine-non-aux-executions-du-mardi\/","title":{"rendered":"94e semaine de la campagne \u00ab Non aux ex\u00e9cutions du mardi \u00bb en Iran"},"content":{"rendered":"\n<h4 class=\"wp-block-heading\">La 94e semaine de la campagne de protestation \u00ab Non aux ex\u00e9cutions du mardi \u00bb a \u00e9t\u00e9 marqu\u00e9e par une gr\u00e8ve de la faim collective de prisonniers dans 54 prisons \u00e0 travers l\u2019Iran. Cette semaine, les hommes d\u00e9tenus de la prison de <a href=\"https:\/\/fr.wikipedia.org\/wiki\/Zahedan\" target=\"_blank\" rel=\"noreferrer noopener\">Zahedan<\/a> ont \u00e9galement rejoint le mouvement, d\u00e9clarant leur solidarit\u00e9 avec la lutte nationale contre la peine de mort. Leur participation t\u00e9moigne de l\u2019unit\u00e9 grandissante des prisonniers et de leur r\u00e9sistance face aux politiques mortif\u00e8res du r\u00e9gime.<\/h4>\n\n\n\n<h3 class=\"wp-block-heading\"><strong>Dans la derni\u00e8re d\u00e9claration du mouvement, les organisateurs ont affirm\u00e9 :<\/strong><\/h3>\n\n\n\n<p>\u00ab Aucun gouvernement ne peut r\u00e9duire au silence les voix puissantes de la v\u00e9rit\u00e9, de la justice et de la libert\u00e9 par les ex\u00e9cutions. Nous appelons toutes les consciences \u00e9veill\u00e9es \u00e0 transformer le cri Non aux ex\u00e9cutions en une vague puissante dans chaque ville et chaque rue. \u00bb<\/p>\n\n\n\n<p>La d\u00e9claration a \u00e9galement mis en lumi\u00e8re le cas de Reza Abdali, prisonnier politique arabe <a href=\"https:\/\/en.wikipedia.org\/wiki\/Khuzestani_Arabs\" target=\"_blank\" rel=\"noopener\">ahw<\/a><a href=\"https:\/\/en.wikipedia.org\/wiki\/Khuzestani_Arabs\" target=\"_blank\" rel=\"noreferrer noopener\">a<\/a><a href=\"https:\/\/en.wikipedia.org\/wiki\/Khuzestani_Arabs\" target=\"_blank\" rel=\"noopener\">zi<\/a> r\u00e9cemment condamn\u00e9 \u00e0 mort, en exigeant l\u2019annulation imm\u00e9diate de sa sentence et la fin de la machine de mort dans les prisons du r\u00e9gime iranien.<\/p>\n\n\n<div class=\"wp-block-image\">\n<figure class=\"aligncenter size-full\"><img decoding=\"async\" src=\"data:image\/gif;base64,R0lGODlhAQABAIAAAAAAAP\/\/\/yH5BAEAAAAALAAAAAABAAEAAAIBRAA7\" data-src=\"https:\/\/wncri.org\/fr\/wp-content\/uploads\/2025\/11\/NCRI-Women-No-to-Execution-Tuesdays-94-2-min.jpg\" alt=\"94e semaine de la campagne \u00ab Non aux ex\u00e9cutions du mardi \u00bb en Iran\" class=\"wp-image-24411 lazyload\"\/><noscript><img decoding=\"async\" width=\"750\" height=\"375\" src=\"https:\/\/wncri.org\/fr\/wp-content\/uploads\/2025\/11\/NCRI-Women-No-to-Execution-Tuesdays-94-2-min.jpg\" alt=\"94e semaine de la campagne \u00ab Non aux ex\u00e9cutions du mardi \u00bb en Iran\" class=\"wp-image-24411 lazyload\" srcset=\"https:\/\/wncri.org\/fr\/wp-content\/uploads\/2025\/11\/NCRI-Women-No-to-Execution-Tuesdays-94-2-min.jpg 750w, https:\/\/wncri.org\/fr\/wp-content\/uploads\/2025\/11\/NCRI-Women-No-to-Execution-Tuesdays-94-2-min-300x150.jpg 300w, https:\/\/wncri.org\/fr\/wp-content\/uploads\/2025\/11\/NCRI-Women-No-to-Execution-Tuesdays-94-2-min-360x180.jpg 360w\" sizes=\"(max-width: 750px) 100vw, 750px\" \/><\/noscript><\/figure>\n<\/div>\n\n\n<h3 class=\"wp-block-heading\"><strong>Le r\u00f4le moteur des familles en qu\u00eate de justice<\/strong><\/h3>\n\n\n\n<p><a href=\"https:\/\/wncri.org\/fr\/2025\/11\/05\/non-aux-executions-du-mardi-familles\/\" target=\"_blank\" rel=\"noreferrer noopener\">Les familles des prisonniers politiques<\/a> condamn\u00e9s \u00e0 mort restent au premier plan de ce mouvement. Les m\u00e8res des ex\u00e9cut\u00e9s et des condamn\u00e9s, connues sous le nom de M\u00e8res en qu\u00eate de justice, continuent d\u2019organiser des rassemblements hebdomadaires, brandissant les photos de leurs enfants et scandant des slogans tels que :<\/p>\n\n\n\n<p>\u00ab Non \u00e0 l\u2019ex\u00e9cution \u2014 ne tuez pas nos enfants ! \u00bb<\/p>\n\n\n\n<p>\u00ab Nous soutenons la campagne Non aux ex\u00e9cutions du mardi ! \u00bb<\/p>\n\n\n\n<p>Lors d\u2019un de ces rassemblements, la m\u00e8re de Shahrokh Daneshvarkar a tenu sa photo aux c\u00f4t\u00e9s d\u2019autres prisonniers condamn\u00e9s \u00e0 mort, criant :<\/p>\n\n\n\n<p>\u00ab Arr\u00eatez les ex\u00e9cutions ! Ne tuez pas nos enfants ! \u00bb<\/p>\n\n\n\n<p>Les familles Bani-Amerian et Ghobadi ont \u00e9galement rejoint la campagne, brandissant des banderoles en soutien au mouvement et amplifiant le message de protestation dans la sph\u00e8re publique.<\/p>\n\n\n<div class=\"wp-block-image\">\n<figure class=\"aligncenter size-full\"><img decoding=\"async\" src=\"data:image\/gif;base64,R0lGODlhAQABAIAAAAAAAP\/\/\/yH5BAEAAAAALAAAAAABAAEAAAIBRAA7\" data-src=\"https:\/\/wncri.org\/fr\/wp-content\/uploads\/2025\/11\/NCRI-Women-No-to-Execution-Tuesdays-94-3-min.jpg\" alt=\"94e semaine de la campagne \u00ab Non aux ex\u00e9cutions du mardi \u00bb en Iran\" class=\"wp-image-24410 lazyload\"\/><noscript><img decoding=\"async\" width=\"750\" height=\"375\" src=\"https:\/\/wncri.org\/fr\/wp-content\/uploads\/2025\/11\/NCRI-Women-No-to-Execution-Tuesdays-94-3-min.jpg\" alt=\"94e semaine de la campagne \u00ab Non aux ex\u00e9cutions du mardi \u00bb en Iran\" class=\"wp-image-24410 lazyload\" srcset=\"https:\/\/wncri.org\/fr\/wp-content\/uploads\/2025\/11\/NCRI-Women-No-to-Execution-Tuesdays-94-3-min.jpg 750w, https:\/\/wncri.org\/fr\/wp-content\/uploads\/2025\/11\/NCRI-Women-No-to-Execution-Tuesdays-94-3-min-300x150.jpg 300w, https:\/\/wncri.org\/fr\/wp-content\/uploads\/2025\/11\/NCRI-Women-No-to-Execution-Tuesdays-94-3-min-360x180.jpg 360w\" sizes=\"(max-width: 750px) 100vw, 750px\" \/><\/noscript><\/figure>\n<\/div>\n\n\n<h3 class=\"wp-block-heading\"><strong>Des cellules de prison \u00e0 un mouvement national<\/strong><\/h3>\n\n\n\n<p>La campagne \u00ab Non aux ex\u00e9cutions du mardi \u00bb, lanc\u00e9e il y a deux ans avec le soutien des familles en qu\u00eate de justice, est devenue un mouvement national de grande ampleur. Chaque semaine, dans des dizaines de villes, des citoyens se rassemblent, partagent des vid\u00e9os et lancent des campagnes en ligne pour maintenir vivant le slogan \u201cNon aux ex\u00e9cutions.\u201d<\/p>\n\n\n\n<p>Ce qui avait commenc\u00e9 comme un appel lanc\u00e9 depuis les cellules de prison a d\u00e9sormais franchi les murs, devenant un symbole de r\u00e9sistance sociale contre la r\u00e9pression d\u2019\u00c9tat et la culture de mort impos\u00e9e par le r\u00e9gime iranien.<\/p>\n","protected":false},"excerpt":{"rendered":"<p>La 94e semaine de la campagne de protestation \u00ab Non aux ex\u00e9cutions du mardi \u00bb a \u00e9t\u00e9 marqu\u00e9e par une gr\u00e8ve de la faim collective de prisonniers dans 54 prisons \u00e0 travers l\u2019Iran. Cette semaine, les hommes d\u00e9tenus de la prison de Zahedan ont \u00e9galement rejoint le mouvement, d\u00e9clarant leur solidarit\u00e9 avec la lutte nationale [&hellip;]<\/p>\n","protected":false},"author":4,"featured_media":24409,"comment_status":"closed","ping_status":"closed","sticky":false,"template":"","format":"standard","meta":{"jnews-multi-image_gallery":[],"jnews_single_post":{"format":"standard"},"jnews_primary_category":[],"jnews_social_meta":[],"jnews_override_counter":[],"footnotes":""},"categories":[3],"tags":[370],"class_list":["post-24408","post","type-post","status-publish","format-standard","has-post-thumbnail","hentry","category-infos-des-femmes","tag-prisonnieres"],"_links":{"self":[{"href":"https:\/\/wncri.org\/fr\/wp-json\/wp\/v2\/posts\/24408","targetHints":{"allow":["GET"]}}],"collection":[{"href":"https:\/\/wncri.org\/fr\/wp-json\/wp\/v2\/posts"}],"about":[{"href":"https:\/\/wncri.org\/fr\/wp-json\/wp\/v2\/types\/post"}],"author":[{"embeddable":true,"href":"https:\/\/wncri.org\/fr\/wp-json\/wp\/v2\/users\/4"}],"replies":[{"embeddable":true,"href":"https:\/\/wncri.org\/fr\/wp-json\/wp\/v2\/comments?post=24408"}],"version-history":[{"count":1,"href":"https:\/\/wncri.org\/fr\/wp-json\/wp\/v2\/posts\/24408\/revisions"}],"predecessor-version":[{"id":24412,"href":"https:\/\/wncri.org\/fr\/wp-json\/wp\/v2\/posts\/24408\/revisions\/24412"}],"wp:featuredmedia":[{"embeddable":true,"href":"https:\/\/wncri.org\/fr\/wp-json\/wp\/v2\/media\/24409"}],"wp:attachment":[{"href":"https:\/\/wncri.org\/fr\/wp-json\/wp\/v2\/media?parent=24408"}],"wp:term":[{"taxonomy":"category","embeddable":true,"href":"https:\/\/wncri.org\/fr\/wp-json\/wp\/v2\/categories?post=24408"},{"taxonomy":"post_tag","embeddable":true,"href":"https:\/\/wncri.org\/fr\/wp-json\/wp\/v2\/tags?post=24408"}],"curies":[{"name":"wp","href":"https:\/\/api.w.org\/{rel}","templated":true}]}}