{"id":24390,"date":"2025-11-10T18:04:42","date_gmt":"2025-11-10T17:04:42","guid":{"rendered":"https:\/\/wncri.org\/fr\/?p=24390"},"modified":"2025-11-10T18:04:43","modified_gmt":"2025-11-10T17:04:43","slug":"massoumeh-asgari-degradation-de-sa-sante","status":"publish","type":"post","link":"https:\/\/wncri.org\/fr\/2025\/11\/10\/massoumeh-asgari-degradation-de-sa-sante\/","title":{"rendered":"Massoumeh Asgari : d\u00e9tention prolong\u00e9e \u00e0 la prison d\u2019Evin malgr\u00e9 la d\u00e9gradation de sa sant\u00e9"},"content":{"rendered":"\n<h4 class=\"wp-block-heading\">Massoumeh Asgari, enseignante \u00e0 la retraite et prisonni\u00e8re politique, demeure incarc\u00e9r\u00e9e \u00e0 la <a href=\"https:\/\/wncri.org\/fr\/2021\/12\/10\/les-conditions-des-femmes-prisons\/\" target=\"_blank\" rel=\"noreferrer noopener\">prison d\u2019Evin<\/a>, \u00e0 T\u00e9h\u00e9ran, bien qu\u2019elle souffre de plusieurs maladies physiques et psychologiques. \u00c2g\u00e9e de 60 ans, elle est maintenue en d\u00e9tention sans b\u00e9n\u00e9ficier d\u2019aucun soin m\u00e9dical ni traitement appropri\u00e9 de la part des autorit\u00e9s p\u00e9nitentiaires ou judiciaires.<\/h4>\n\n\n\n<p class=\"wp-block-paragraph\">Apr\u00e8s la destruction partielle de certaines sections de la prison d\u2019Evin, Massoumeh Asgari a \u00e9t\u00e9 transf\u00e9r\u00e9e, avec plusieurs dizaines d\u2019autres d\u00e9tenues, \u00e0 la <a href=\"https:\/\/wncri.org\/fr\/2020\/04\/20\/regard-sur-la-situation-tragique-a-la-prison-pour-femmes-de-qarchak-en-iran\/\" target=\"_blank\" rel=\"noreferrer noopener\">prison de Qarchak<\/a> \u00e0 <a href=\"https:\/\/fr.wikipedia.org\/wiki\/Varamin\" target=\"_blank\" rel=\"noreferrer noopener\">Varamin<\/a>. Durant sa d\u00e9tention dans cet \u00e9tablissement, elle a \u00e9t\u00e9 <a href=\"https:\/\/wncri.org\/fr\/2025\/07\/30\/enseignante-retraitee-massoumeh-asgari\/\" target=\"_blank\" rel=\"noreferrer noopener\">plac\u00e9e \u00e0 l\u2019isolement<\/a> avec d\u2019autres prisonni\u00e8res pour avoir protest\u00e9 contre les conditions inhumaines qui y r\u00e8gnent. Elle a ensuite \u00e9t\u00e9 renvoy\u00e9e dans <a href=\"https:\/\/wncri.org\/fr\/2025\/10\/10\/de-qarchak-a-evin-prisonnieres-politiques\/\" target=\"_blank\" rel=\"noreferrer noopener\">la section 6 de la prison d\u2019Evin<\/a>, o\u00f9 son \u00e9tat de sant\u00e9 s\u2019est gravement d\u00e9t\u00e9rior\u00e9.<\/p>\n\n\n\n<p class=\"wp-block-paragraph\">Les proches de Massoumeh Asgari alertent sur le danger que repr\u00e9sente la poursuite de sa d\u00e9tention dans de telles conditions, estimant que sa vie est d\u00e9sormais en grand p\u00e9ril.<\/p>\n\n\n\n<h3 class=\"wp-block-heading\"><strong>\u00c0 propos de Massoumeh Asgari<\/strong><\/h3>\n\n\n\n<p class=\"wp-block-paragraph\">En ao\u00fbt 2024, cette enseignante \u00e0 la retraite a \u00e9t\u00e9 arr\u00eat\u00e9e \u00e0 T\u00e9h\u00e9ran par des agents du minist\u00e8re des Renseignements. Apr\u00e8s plusieurs mois d\u2019interrogatoires, elle a \u00e9t\u00e9 condamn\u00e9e par la 26e chambre du tribunal r\u00e9volutionnaire de T\u00e9h\u00e9ran <a href=\"https:\/\/wncri.org\/fr\/2025\/02\/25\/lenseignante-massoumeh-asgari\/\" target=\"_blank\" rel=\"noreferrer noopener\">\u00e0 trois ans de prison<\/a> pour \u00ab propagande contre le r\u00e9gime par collaboration avec des groupes anti-r\u00e9gime \u00bb et \u00ab appartenance \u00e0 des groupes oppos\u00e9s au r\u00e9gime \u00bb.<\/p>\n\n\n\n<p class=\"wp-block-paragraph\">Massoumeh Asgari, qui est la seule source de revenu de sa famille, souffre de nombreuses affections chroniques, notamment du diab\u00e8te, de troubles r\u00e9naux et h\u00e9patiques ainsi que de troubles neurologiques. Ces probl\u00e8mes de sant\u00e9 ont \u00e9t\u00e9 aggrav\u00e9s par d\u2019anciennes blessures, notamment plusieurs fractures aux jambes qui ont n\u00e9cessit\u00e9 une intervention chirurgicale.<\/p>\n","protected":false},"excerpt":{"rendered":"<p>Massoumeh Asgari, enseignante \u00e0 la retraite et prisonni\u00e8re politique, demeure incarc\u00e9r\u00e9e \u00e0 la prison d\u2019Evin, \u00e0 T\u00e9h\u00e9ran, bien qu\u2019elle souffre de plusieurs maladies physiques et psychologiques. \u00c2g\u00e9e de 60 ans, elle est maintenue en d\u00e9tention sans b\u00e9n\u00e9ficier d\u2019aucun soin m\u00e9dical ni traitement appropri\u00e9 de la part des autorit\u00e9s p\u00e9nitentiaires ou judiciaires. Apr\u00e8s la destruction partielle [&hellip;]<\/p>\n","protected":false},"author":4,"featured_media":24391,"comment_status":"closed","ping_status":"closed","sticky":false,"template":"","format":"standard","meta":{"jnews-multi-image_gallery":[],"jnews_single_post":{"format":"standard"},"jnews_primary_category":[],"jnews_social_meta":[],"jnews_override_counter":[],"footnotes":""},"categories":[3],"tags":[379,370],"class_list":["post-24390","post","type-post","status-publish","format-standard","has-post-thumbnail","hentry","category-infos-des-femmes","tag-enseignantes","tag-prisonnieres"],"_links":{"self":[{"href":"https:\/\/wncri.org\/fr\/wp-json\/wp\/v2\/posts\/24390","targetHints":{"allow":["GET"]}}],"collection":[{"href":"https:\/\/wncri.org\/fr\/wp-json\/wp\/v2\/posts"}],"about":[{"href":"https:\/\/wncri.org\/fr\/wp-json\/wp\/v2\/types\/post"}],"author":[{"embeddable":true,"href":"https:\/\/wncri.org\/fr\/wp-json\/wp\/v2\/users\/4"}],"replies":[{"embeddable":true,"href":"https:\/\/wncri.org\/fr\/wp-json\/wp\/v2\/comments?post=24390"}],"version-history":[{"count":1,"href":"https:\/\/wncri.org\/fr\/wp-json\/wp\/v2\/posts\/24390\/revisions"}],"predecessor-version":[{"id":24392,"href":"https:\/\/wncri.org\/fr\/wp-json\/wp\/v2\/posts\/24390\/revisions\/24392"}],"wp:featuredmedia":[{"embeddable":true,"href":"https:\/\/wncri.org\/fr\/wp-json\/wp\/v2\/media\/24391"}],"wp:attachment":[{"href":"https:\/\/wncri.org\/fr\/wp-json\/wp\/v2\/media?parent=24390"}],"wp:term":[{"taxonomy":"category","embeddable":true,"href":"https:\/\/wncri.org\/fr\/wp-json\/wp\/v2\/categories?post=24390"},{"taxonomy":"post_tag","embeddable":true,"href":"https:\/\/wncri.org\/fr\/wp-json\/wp\/v2\/tags?post=24390"}],"curies":[{"name":"wp","href":"https:\/\/api.w.org\/{rel}","templated":true}]}}